{"id":817,"date":"2021-04-16T05:12:22","date_gmt":"2021-04-16T03:12:22","guid":{"rendered":"http:\/\/www.infokuryr.cz\/n\/?p=817"},"modified":"2021-04-16T05:12:22","modified_gmt":"2021-04-16T03:12:22","slug":"cinska-strana-ostre-odsoudila-zniceni-iranskeho-jaderneho-zarizeni-natanz","status":"publish","type":"post","link":"https:\/\/www.infokuryr.cz\/n\/2021\/04\/16\/cinska-strana-ostre-odsoudila-zniceni-iranskeho-jaderneho-zarizeni-natanz\/","title":{"rendered":"\u010c\u00ednsk\u00e1 strana ost\u0159e odsoudila zni\u010den\u00ed \u00edr\u00e1nsk\u00e9ho jadern\u00e9ho za\u0159\u00edzen\u00ed Natanz"},"content":{"rendered":"<div id=\"fb-root\"><\/div>\n<p><strong>Mluv\u010d\u00ed \u010d\u00ednsk\u00e9ho ministerstva zahrani\u010d\u00ed Zhao Lijian (\u010cao Li-\u0165ien) 14. dubna na tiskov\u00e9 konferenci uvedl, \u017ee \u010d\u00ednsk\u00e1 strana ost\u0159e odsoudila zni\u010den\u00ed \u00edr\u00e1nsk\u00e9ho jadern\u00e9ho za\u0159\u00edzen\u00ed Natanz. Zhao Lijian pouk\u00e1zal na to, \u017ee povaha \u00fatoku na jadern\u00e1 za\u0159\u00edzen\u00ed je velmi v\u00e1\u017en\u00e1 a m\u016f\u017ee vyvolat nep\u0159edv\u00eddateln\u00e9 n\u00e1sledky, \u010d\u00ednsk\u00e1 strana je tomu pevn\u011b proti tomu.<\/strong><\/p>\n<p>11. dubna mluv\u010d\u00ed \u00cdr\u00e1nsk\u00e9 organizace pro atomovou energii uvedl, \u017ee t\u00e9ho\u017e dne do\u0161lo k \u201enehod\u011b\u201c v energetick\u00e9m syst\u00e9mu \u00edr\u00e1nsk\u00e9ho jadern\u00e9ho za\u0159\u00edzen\u00ed Natanz. P\u0159edseda t\u00e9to organizace Ali Akbar Salehi zni\u010den\u00ed odsoudil jako \u201ejadern\u00fd terorismus\u201c.<\/p>\n<p>Zhao Lijian zd\u016fraznil, \u017ee \u010d\u00ednsk\u00e1 strana je pevn\u011b p\u0159esv\u011bd\u010dena, \u017ee \u00edr\u00e1nsk\u00e1 jadern\u00e1 ot\u00e1zka by m\u011bla b\u00fdt vy\u0159e\u0161ena politick\u00fdmi a diplomatick\u00fdmi prost\u0159edky.<\/p>\n<p>\u201eV sou\u010dasn\u00e9 dob\u011b je \u00edr\u00e1nsk\u00e1 jadern\u00e1 situace v kritick\u00e9m bod\u011b. Hlavn\u00ed prioritou je podpora komplexn\u00ed dohody o \u00edr\u00e1nsk\u00e9 jadern\u00e9 ot\u00e1zce, aby se co nejd\u0159\u00edve vr\u00e1tila na spr\u00e1vnou cestu, a aby byla zaji\u0161t\u011bna legitimn\u00ed pr\u00e1va a z\u00e1jmy v\u0161ech stran. Douf\u00e1me, \u017ee v\u0161echny strany pro to vytvo\u0159\u00ed p\u0159\u00edznivou atmosf\u00e9ru a nezbytn\u00e9 podm\u00ednky,\u201c uvedl Zhao.<\/p>\n<p><img decoding=\"async\" loading=\"lazy\" class=\"alignnone size-full wp-image-334\" src=\"http:\/\/www.infokuryr.cz\/n\/wp-content\/uploads\/2021\/04\/0.png\" alt=\"\" width=\"84\" height=\"24\" \/><\/p>\n<p>&nbsp;<\/p>\n","protected":false},"excerpt":{"rendered":"<p>Mluv\u010d\u00ed \u010d\u00ednsk\u00e9ho ministerstva zahrani\u010d\u00ed Zhao Lijian (\u010cao Li-\u0165ien) 14. dubna na tiskov\u00e9 konferenci uvedl, \u017ee&#8230;<\/p>\n","protected":false},"author":2,"featured_media":818,"comment_status":"closed","ping_status":"closed","sticky":false,"template":"","format":"standard","meta":[],"categories":[7],"tags":[30,38,107],"_links":{"self":[{"href":"https:\/\/www.infokuryr.cz\/n\/wp-json\/wp\/v2\/posts\/817"}],"collection":[{"href":"https:\/\/www.infokuryr.cz\/n\/wp-json\/wp\/v2\/posts"}],"about":[{"href":"https:\/\/www.infokuryr.cz\/n\/wp-json\/wp\/v2\/types\/post"}],"author":[{"embeddable":true,"href":"https:\/\/www.infokuryr.cz\/n\/wp-json\/wp\/v2\/users\/2"}],"replies":[{"embeddable":true,"href":"https:\/\/www.infokuryr.cz\/n\/wp-json\/wp\/v2\/comments?post=817"}],"version-history":[{"count":0,"href":"https:\/\/www.infokuryr.cz\/n\/wp-json\/wp\/v2\/posts\/817\/revisions"}],"wp:featuredmedia":[{"embeddable":true,"href":"https:\/\/www.infokuryr.cz\/n\/wp-json\/wp\/v2\/media\/818"}],"wp:attachment":[{"href":"https:\/\/www.infokuryr.cz\/n\/wp-json\/wp\/v2\/media?parent=817"}],"wp:term":[{"taxonomy":"category","embeddable":true,"href":"https:\/\/www.infokuryr.cz\/n\/wp-json\/wp\/v2\/categories?post=817"},{"taxonomy":"post_tag","embeddable":true,"href":"https:\/\/www.infokuryr.cz\/n\/wp-json\/wp\/v2\/tags?post=817"}],"curies":[{"name":"wp","href":"https:\/\/api.w.org\/{rel}","templated":true}]}}