{"id":81673,"date":"2025-06-20T00:21:55","date_gmt":"2025-06-19T22:21:55","guid":{"rendered":"https:\/\/www.infokuryr.cz\/n\/?p=81673"},"modified":"2025-06-19T12:29:52","modified_gmt":"2025-06-19T10:29:52","slug":"idf-vyzaduje-predchozi-schvaleni-zprav-o-raketovych-uderech-a-to-i-online-a-na-socialnich-sitich","status":"publish","type":"post","link":"https:\/\/www.infokuryr.cz\/n\/2025\/06\/20\/idf-vyzaduje-predchozi-schvaleni-zprav-o-raketovych-uderech-a-to-i-online-a-na-socialnich-sitich\/","title":{"rendered":"IDF vy\u017eaduje p\u0159edchoz\u00ed schv\u00e1len\u00ed zpr\u00e1v o raketov\u00fdch \u00faderech \u2013 a to i online a na soci\u00e1ln\u00edch s\u00edt\u00edch"},"content":{"rendered":"<div id=\"fb-root\"><\/div>\n<div class=\"elementor-element elementor-element-1fb4c2c elementor-widget elementor-widget-theme-post-content\" data-id=\"1fb4c2c\" data-element_type=\"widget\" data-widget_type=\"theme-post-content.default\">\n<div class=\"elementor-widget-container\">\n<p><span>Izraelsk\u00e9 obrann\u00e9 s\u00edly vydaly nov\u00e1 na\u0159\u00edzen\u00ed o cenzu\u0159e, kter\u00e1 vy\u017eaduj\u00ed p\u0159edchoz\u00ed vojensk\u00fd souhlas p\u0159ed zve\u0159ejn\u011bn\u00edm informac\u00ed o raketov\u00fdch \u00faderech, a\u0165 u\u017e v tradi\u010dn\u00edch m\u00e9di\u00edch, na soci\u00e1ln\u00edch s\u00edt\u00edch, bloz\u00edch nebo v chatovac\u00edch skupin\u00e1ch.<\/span><\/p>\n<p><span>Brig\u00e1dn\u00ed gener\u00e1l Kobi Mandelblit, hlavn\u00ed izraelsk\u00fd cenzor, ve st\u0159edu ozn\u00e1mil, \u017ee v budoucnu mus\u00ed b\u00fdt jak\u00e1koli publikace o \u00fatoc\u00edch nebo z\u00e1saz\u00edch nep\u0159\u00e1telskou vojenskou technikou \u2013 jako jsou rakety nebo drony \u2013 nejprve p\u0159edlo\u017eena arm\u00e1d\u011b k posouzen\u00ed. To plat\u00ed jak pro dom\u00e1c\u00ed, tak pro mezin\u00e1rodn\u00ed zpravodajstv\u00ed, online i offline.<\/span><\/p>\n<p><span>V prohl\u00e1\u0161en\u00ed se uv\u00e1d\u00ed: \u201eKa\u017ed\u00e1 osoba, kter\u00e1 publikuje nebo tiskne medi\u00e1ln\u00ed obsah o m\u00edst\u011b \u00fatoku nebo z\u00e1sahu \u2013 nap\u0159\u00edklad raketami nebo bezpilotn\u00edmi letadly \u2013 \u200b\u200bmus\u00ed tento obsah p\u0159edlo\u017eit ke schv\u00e1len\u00ed.\u201c<\/span><\/p>\n<p><span>Mandelblit zd\u016fraznil, \u017ee publikace, kter\u00e9 nejsou p\u0159edlo\u017eeny cenzorovi nebo kter\u00e9 poru\u0161uj\u00ed jeho pokyny, jsou zak\u00e1z\u00e1ny. Varoval, \u017ee poru\u0161en\u00ed by mohlo zp\u016fsobit \u201ev\u00e1\u017en\u00e9 po\u0161kozen\u00ed\u201c n\u00e1rodn\u00ed bezpe\u010dnosti a \u017ee poru\u0161ovatel\u00e9 budou podle\u00a0<\/span><em><a href=\"https:\/\/www.jpost.com\/israel-news\/defense-news\/article-858194\" target=\"_blank\" rel=\"noreferrer noopener\" data-type=\"link\" data-id=\"https:\/\/www.jpost.com\/israel-news\/defense-news\/article-858194\"><span>Jerusalem Post<\/span><\/a><\/em><span>\u00a0st\u00edh\u00e1ni .<\/span><\/p>\n<p><span>Nov\u00e9 sm\u011brnice vyvolaly debatu o svobod\u011b tisku a ve\u0159ejn\u00e9 transparentnosti. V dob\u011b, kdy se informace rychle \u0161\u00ed\u0159\u00ed nap\u0159\u00ed\u010d digit\u00e1ln\u00edmi platformami, nov\u00e1 pravidla poskytuj\u00ed arm\u00e1d\u011b rozs\u00e1hlou kontrolu nad t\u00edm, jak ve\u0159ejnost vn\u00edm\u00e1 \u00fatoky.<\/span><\/p>\n<p><span>Toto na\u0159\u00edzen\u00ed v podstat\u011b kriminalizuje jak\u00e9koli nez\u00e1visl\u00e9 zpravodajstv\u00ed o vojensk\u00fdch \u00fatoc\u00edch \u2013 pokud nebylo p\u0159edem schv\u00e1leno st\u00e1tem.<\/span><\/p>\n<\/div>\n<\/div>\n<div class=\"elementor-element elementor-element-8c57238 quelle dc-has-condition dc-condition-empty elementor-widget elementor-widget-heading\" data-id=\"8c57238\" data-element_type=\"widget\" data-widget_type=\"heading.default\">\n<div class=\"elementor-widget-container\">\n<h3 class=\"elementor-heading-title elementor-size-default\"><span style=\"font-size: 10pt;\"><a href=\"https:\/\/reclaimthenet.org\/idf-missile-strike-censorship-rules-threaten-media-freedom\" target=\"_blank\" rel=\"nofollow noopener\">Zdroj<\/a><\/span><\/h3>\n<p>&nbsp;<\/p>\n<\/div>\n<\/div>\n","protected":false},"excerpt":{"rendered":"<p>Izraelsk\u00e9 obrann\u00e9 s\u00edly vydaly nov\u00e1 na\u0159\u00edzen\u00ed o cenzu\u0159e, kter\u00e1 vy\u017eaduj\u00ed p\u0159edchoz\u00ed vojensk\u00fd souhlas p\u0159ed zve\u0159ejn\u011bn\u00edm&#8230;<\/p>\n","protected":false},"author":2,"featured_media":81674,"comment_status":"closed","ping_status":"closed","sticky":false,"template":"","format":"standard","meta":[],"categories":[7],"tags":[80,63,107],"_links":{"self":[{"href":"https:\/\/www.infokuryr.cz\/n\/wp-json\/wp\/v2\/posts\/81673"}],"collection":[{"href":"https:\/\/www.infokuryr.cz\/n\/wp-json\/wp\/v2\/posts"}],"about":[{"href":"https:\/\/www.infokuryr.cz\/n\/wp-json\/wp\/v2\/types\/post"}],"author":[{"embeddable":true,"href":"https:\/\/www.infokuryr.cz\/n\/wp-json\/wp\/v2\/users\/2"}],"replies":[{"embeddable":true,"href":"https:\/\/www.infokuryr.cz\/n\/wp-json\/wp\/v2\/comments?post=81673"}],"version-history":[{"count":0,"href":"https:\/\/www.infokuryr.cz\/n\/wp-json\/wp\/v2\/posts\/81673\/revisions"}],"wp:featuredmedia":[{"embeddable":true,"href":"https:\/\/www.infokuryr.cz\/n\/wp-json\/wp\/v2\/media\/81674"}],"wp:attachment":[{"href":"https:\/\/www.infokuryr.cz\/n\/wp-json\/wp\/v2\/media?parent=81673"}],"wp:term":[{"taxonomy":"category","embeddable":true,"href":"https:\/\/www.infokuryr.cz\/n\/wp-json\/wp\/v2\/categories?post=81673"},{"taxonomy":"post_tag","embeddable":true,"href":"https:\/\/www.infokuryr.cz\/n\/wp-json\/wp\/v2\/tags?post=81673"}],"curies":[{"name":"wp","href":"https:\/\/api.w.org\/{rel}","templated":true}]}}