{"id":8167,"date":"2022-02-09T09:09:48","date_gmt":"2022-02-09T08:09:48","guid":{"rendered":"http:\/\/www.infokuryr.cz\/n\/?p=8167"},"modified":"2022-02-09T09:09:48","modified_gmt":"2022-02-09T08:09:48","slug":"bratr-alexis-bugnolo-pandemie-se-hrouti-davejte-vsak-velky-pozor-na-falesnou-opozici","status":"publish","type":"post","link":"https:\/\/www.infokuryr.cz\/n\/2022\/02\/09\/bratr-alexis-bugnolo-pandemie-se-hrouti-davejte-vsak-velky-pozor-na-falesnou-opozici\/","title":{"rendered":"Bratr Alexis Bugnolo: Pandemie se hrout\u00ed, d\u00e1vejte v\u0161ak velk\u00fd pozor na fale\u0161nou opozici!"},"content":{"rendered":"<div id=\"fb-root\"><\/div>\n<p><span>\u00a0P\u0159ed \u010dasem jsme p\u0159inesli\u00a0<\/span><a href=\"https:\/\/www.badatel.net\/f-a-bugnolo-je-jediny-sposob-ako-zastavit-korona-genocidu-konajte-inak-zomriete\/\"><span>\u010dl\u00e1nek<\/span><\/a><span>\u00a0s p\u0159ekladem videa zn\u00e1m\u00e9ho mnicha a aktivisty Alexise Bugnola vystupuj\u00edc\u00edho proti fale\u0161n\u00e9 pandemii a celosv\u011btov\u00e9 tyranii, kter\u00e1 se pomoc\u00ed n\u00ed zav\u00e1d\u00ed.<\/span><\/p>\n<p><span>Dnes v\u00e1m p\u0159in\u00e1\u0161\u00edme p\u0159eklad dal\u0161\u00edho jeho videa, ve kter\u00e9m poukazuje na hroucen\u00ed pandemie a odhaduje jej\u00ed pom\u011brn\u011b \u010dasn\u00fd konec.<\/span><\/p>\n<p><span>Bratr Bugnolo n\u00e1s ve sv\u00e9m odkazu z\u00e1rove\u0148 d\u016frazn\u011b varuje, abychom nedovolili moc p\u0159evz\u00edt fale\u0161nou opozici.\u00a0Ta toti\u017e m\u016f\u017ee b\u00fdt jen druhou stranou t\u00e9\u017ee mince globalist\u016f.<\/span><\/p>\n<p><span>Jeho nejnov\u011bj\u0161\u00ed video si m\u016f\u017eete v angli\u010dtin\u011b poslechnout zde:<\/span><\/p>\n<p><iframe loading=\"lazy\" src=\"https:\/\/www.bitchute.com\/embed\/cQtgxhMmAN18\/\" width=\"580\" height=\"326\" frameborder=\"0\" scrolling=\"no\" data-mce-fragment=\"1\"><\/iframe><\/p>\n<h2><span>P\u0159eklad videa<\/span><\/h2>\n<p><span>V\u00edt\u00e1m v\u00e1s z \u0158\u00edma, m\u00e9 jm\u00e9no je Alexis Bugnolo a jsem vydavatelem internetov\u00e9 str\u00e1nky\u00a0<\/span><a href=\"https:\/\/www.fromrome.info\/\" target=\"_blank\" rel=\"noopener\"><span>fromrome.info<\/span><\/a><span>\u00a0, kter\u00e1 p\u0159in\u00e1\u0161\u00ed novinky a koment\u00e1\u0159e z It\u00e1lie, Vatik\u00e1nu a katolick\u00e9 c\u00edrkve.<\/span><\/p>\n<p><span>Je pom\u011brn\u011b jasn\u00e9, \u017ee kdy\u017e dojde k por\u00e1\u017ece Velk\u00e9ho resetu, tak v\u011bci se budou muset vybudovat \u00fapln\u011b nov\u011b.\u00a0Letos jsou p\u0159ed n\u00e1mi volby ve \u0160pan\u011blsku, Austr\u00e1lii, Spojen\u00fdch st\u00e1tech a mnoha dal\u0161\u00edch zem\u00edch.<\/span><\/p>\n<p><span>Cht\u011bl bych v\u00e1s varovat.\u00a0Nevolte politick\u00e9 strany, kter\u00e9 d\u0159\u00edve souhlasily s t\u00edm, aby v\u00e1s zav\u0159ely v lockdownech, nasadily v\u00e1m rou\u0161ky a kter\u00e9 schvaluj\u00ed smrteln\u00e1 s\u00e9ra (vakc\u00edny).<\/span><\/p>\n<p><span>Ono by to m\u011blo b\u00fdt jasn\u00e9, ale ne ka\u017ed\u00e9mu do\u0161lo, \u017ee tyto politick\u00e9 strany v\u00e1m znovu zabodnou n\u016f\u017e do zad.\u00a0Oni si v\u00e1\u0161 hlas nezaslou\u017e\u00ed.\u00a0Zaslou\u017e\u00ed si novinku \u2013 provaz kolem sv\u00fdch krk\u016f!\u00a0To je to, co si zaslou\u017e\u00ed.<\/span><\/p>\n<p><span>Proto, volte nov\u00e9 politick\u00e9 strany, kter\u00e9 jsou antivaxersk\u00e9, antirou\u0161kov\u00e9, antidikt\u00e1torsk\u00e9 a tak\u00e9 proti\u00a0<\/span><a href=\"https:\/\/www.badatel.net\/globalisti-chcu-zneuzit-pandemiu-a-cez-velky-reset-zaviest-celosvetovy-fasizmus\/\"><span>Velk\u00e9mu resetu<\/span><\/a><span>\u00a0.<\/span><\/p>\n<p><span>No bu\u010fte opatrn\u00ed.\u00a0Ov\u011b\u0159te si, zda tito lid\u00e9 byli v\u017edycky proti pandemick\u00fdm omezen\u00edm, nebo zda jen zp\u00edvaj\u00ed novou p\u00edsni\u010dku.<\/span><\/p>\n<p><span>Dnes je u\u017e toti\u017e v\u00edce ne\u017e z\u0159ejm\u00e9, \u017ee ne v\u0161echny zedn\u00e1\u0159sk\u00e9 l\u00f3\u017ee ve sv\u011bt\u011b souhlas\u00ed s Velk\u00fdm resetem.\u00a0N\u011bkter\u00e9 z nich si toti\u017e u\u017e uv\u011bdomily, \u017ee tohle nevyhraj\u00ed.\u00a0\u017de se p\u0159\u00edli\u0161 odhalili, \u017ee lid\u00e9 se p\u0159\u00edli\u0161 rychle probudili a \u017ee ztr\u00e1cej\u00ed kontrolu.<\/span><\/p>\n<p><strong>Sign\u00e1ly tohoto posledn\u00edho v\u00fdvoje jsou:<\/strong><\/p>\n<p><span>Bill Gates \u0159ekl, \u017ee rok 2022 bude rokem lidov\u00fdch povst\u00e1n\u00ed, a \u017ee letos pandemie skon\u010d\u00ed.\u00a0On je agentem l\u00f3\u017ee Skull &amp; Bones v New Yorku, co\u017e je pobo\u010dka Prusk\u00e9 l\u00f3\u017ee v Berl\u00edn\u011b, kte\u0159\u00ed jsou hlavn\u00edmi architekty t\u00e9to pandemie.<\/span><\/p>\n<p><span>Dal\u0161\u00ed indikac\u00ed je vysoce postaven\u00fd ministr ve Velk\u00e9 Brit\u00e1nii, kter\u00fd \u0159ekl, \u017ee o\u010dkovac\u00ed program by m\u011bl b\u00fdt zastaven.\u00a0Ne\u0159\u00edk\u00e1m, \u017ee je kontrolov\u00e1n zedn\u00e1\u0159skou l\u00f3\u017e\u00ed, ale nenechali by ho jen tak vypr\u00e1v\u011bt, pokud by nem\u011bl od kohosi schv\u00e1len\u00ed.<\/span><\/p>\n<p><span>No a pak tady m\u00e1me ten rozhovor s Joe Roganem, kter\u00fd m\u011bl 50 milion\u016f zhl\u00e9dnut\u00ed (pozn. redakce: v tom rozhovoru \u0159ekl, \u017ee mlad\u00ed zdrav\u00ed lid\u00e9 by se nem\u011bli o\u010dkovat a \u017ee s\u00e1m m\u00e1 v l\u00e9k\u00e1rni\u010dce ivermektin).<\/span><\/p>\n<p><span>Neexistuje, aby dovolili vypustit takov\u00e9 podivn\u00e9 interview, pokud by to technologick\u00fd\u00a0giganti a zedn\u00e1\u0159sk\u00e9 l\u00f3\u017ee nedovolili.<\/span><\/p>\n<p><span>Pro\u010d by dovolili vypustit kontra-narativ?\u00a0Proto\u017ee n\u011bkte\u0159\u00ed z nich se pochopiteln\u011b rozhodli, \u017ee tato v\u011bc jde dol\u016f a pot\u0159ebuj\u00ed se zachr\u00e1nit t\u00edm, \u017ee za\u010dnou nyn\u00ed p\u0159edst\u00edrat, jac\u00ed jsou oni vlastn\u011b s lidmi p\u0159\u00e1tel\u00e9.<\/span><\/p>\n<p><span>Proto si d\u00e1vejte pozor, koho budete v p\u0159\u00ed\u0161t\u00edch volb\u00e1ch volit a co je agendou t\u011bchto stran.<\/span><\/p>\n<p><span>Klidn\u011b travte\u00a0\u010das na soci\u00e1ln\u00edch s\u00edt\u00edch a odhalujte kdo je fale\u0161n\u00e1 opozice.\u00a0V mnoha zem\u00edch je mnohem v\u011bt\u0161\u00ed, ne\u017e si uv\u011bdomujeme.\u00a0Tady v It\u00e1lii je to 95% v\u0161ech politick\u00fdch stran.<\/span><\/p>\n<p><span>Tak\u017ee, bu\u010fte opatrn\u00ed, bu\u010fte bd\u011bl\u00ed a bu\u010fte p\u0159ipraveni udr\u017eovat odpor.\u00a0Jen proto, \u017ee n\u011bkdo \u0159ekne, \u017ee je proti Velk\u00e9mu resetu, tak to je\u0161t\u011b neznamen\u00e1, \u017ee nepat\u0159\u00ed ke zedn\u00e1\u0159sk\u00e9 l\u00f3\u017ei, kter\u00e1 se sna\u017e\u00ed udr\u017eet si kontrolu.<\/span><\/p>\n<p><span>Zp\u016fsob, jak dok\u00e1\u017eete n\u011bkoho bez\u00fahonnost, je, \u017ee v\u017edy byl proti Velk\u00e9mu resetu, nejen nyn\u00ed na konci. A tak\u00e9, \u017ee se zasazuje o to, aby ka\u017ed\u00fd, kdo byl z\u00fa\u010dastn\u011bn v podvodn\u00ed pandemii byl vylou\u010den.<\/span><\/p>\n<p><span>Stejn\u011b tak, \u017ee v\u0161ichni boh\u00e1\u010di sv\u011bta, kte\u0159\u00ed v tom byli namo\u010deni, co\u017e byli pochopiteln\u011b v\u0161ichni, nebo\u0165 nikdo proti tomu nenam\u00edtal, tak aby jim byl zabaven cel\u00fd jejich majetek.\u00a0Do posledn\u00edho centu. A aby i oni byli vylou\u010deni.<\/span><\/p>\n<p><span>V p\u0159\u00edpad\u011b, \u017ee nepodporujete tento druh politick\u00e9ho odporu v nadch\u00e1zej\u00edc\u00edch volb\u00e1ch, pak bude v\u00e1\u0161 hlas promrh\u00e1n.<\/span><\/p>\n<p><span>Zdroj:\u00a0<\/span><a href=\"https:\/\/www.bitchute.com\/video\/cQtgxhMmAN18\/\" target=\"_blank\" rel=\"noopener\"><span>bitchute.com<\/span><\/a><span>\u00a0, Zpracoval: Badatel.net<\/span><\/p>\n<p>&nbsp;<\/p>\n","protected":false},"excerpt":{"rendered":"<p>\u00a0P\u0159ed \u010dasem jsme p\u0159inesli\u00a0\u010dl\u00e1nek\u00a0s p\u0159ekladem videa zn\u00e1m\u00e9ho mnicha a aktivisty Alexise Bugnola vystupuj\u00edc\u00edho proti fale\u0161n\u00e9&#8230;<\/p>\n","protected":false},"author":2,"featured_media":8168,"comment_status":"closed","ping_status":"closed","sticky":false,"template":"","format":"standard","meta":[],"categories":[7],"tags":[29,259,497,889],"_links":{"self":[{"href":"https:\/\/www.infokuryr.cz\/n\/wp-json\/wp\/v2\/posts\/8167"}],"collection":[{"href":"https:\/\/www.infokuryr.cz\/n\/wp-json\/wp\/v2\/posts"}],"about":[{"href":"https:\/\/www.infokuryr.cz\/n\/wp-json\/wp\/v2\/types\/post"}],"author":[{"embeddable":true,"href":"https:\/\/www.infokuryr.cz\/n\/wp-json\/wp\/v2\/users\/2"}],"replies":[{"embeddable":true,"href":"https:\/\/www.infokuryr.cz\/n\/wp-json\/wp\/v2\/comments?post=8167"}],"version-history":[{"count":0,"href":"https:\/\/www.infokuryr.cz\/n\/wp-json\/wp\/v2\/posts\/8167\/revisions"}],"wp:featuredmedia":[{"embeddable":true,"href":"https:\/\/www.infokuryr.cz\/n\/wp-json\/wp\/v2\/media\/8168"}],"wp:attachment":[{"href":"https:\/\/www.infokuryr.cz\/n\/wp-json\/wp\/v2\/media?parent=8167"}],"wp:term":[{"taxonomy":"category","embeddable":true,"href":"https:\/\/www.infokuryr.cz\/n\/wp-json\/wp\/v2\/categories?post=8167"},{"taxonomy":"post_tag","embeddable":true,"href":"https:\/\/www.infokuryr.cz\/n\/wp-json\/wp\/v2\/tags?post=8167"}],"curies":[{"name":"wp","href":"https:\/\/api.w.org\/{rel}","templated":true}]}}