{"id":8165,"date":"2022-02-09T09:03:20","date_gmt":"2022-02-09T08:03:20","guid":{"rendered":"http:\/\/www.infokuryr.cz\/n\/?p=8165"},"modified":"2022-02-09T09:03:20","modified_gmt":"2022-02-09T08:03:20","slug":"nemecka-oficialni-media-prikreslila-jadernym-elektrarnam-cerny-kour","status":"publish","type":"post","link":"https:\/\/www.infokuryr.cz\/n\/2022\/02\/09\/nemecka-oficialni-media-prikreslila-jadernym-elektrarnam-cerny-kour\/","title":{"rendered":"N\u011bmeck\u00e1 ofici\u00e1ln\u00ed media p\u0159ikreslila jadern\u00fdm elektr\u00e1rn\u00e1m \u010dern\u00fd kou\u0159"},"content":{"rendered":"<div id=\"fb-root\"><\/div>\n<header class=\"entry-header\">\n<h2 class=\"entry-title\"><span style=\"font-size: 14pt;\">N\u011bmeck\u00e1 ofici\u00e1ln\u00ed media p\u0159ikreslila jadern\u00fdm elektr\u00e1rn\u00e1m \u010dern\u00fd kou\u0159. P\u0159itom se tam nic nespaluje, pouze z nich stoup\u00e1 b\u00edl\u00e1 p\u00e1ra z chlad\u00edc\u00edch v\u011b\u017e\u00ed<\/span><\/h2>\n<\/header>\n<figure class=\"entry-thumbnail\"><img decoding=\"async\" loading=\"lazy\" class=\"attachment-short-news-fullwidth size-short-news-fullwidth wp-post-image\" src=\"https:\/\/ceskavec.com\/wp-content\/uploads\/2022\/02\/atom-kraftwerk.png\" sizes=\"(max-width: 596px) 100vw, 596px\" srcset=\"https:\/\/ceskavec.com\/wp-content\/uploads\/2022\/02\/atom-kraftwerk.png 596w, https:\/\/ceskavec.com\/wp-content\/uploads\/2022\/02\/atom-kraftwerk-253x300.png 253w\" alt=\"\" width=\"596\" height=\"708\" \/><\/figure>\n<div class=\"entry-content\">\n<div class=\"heateorSssClear\">N\u011bmeck\u00e1 ofici\u00e1ln\u00ed media v boji proti sou\u010dasn\u00e9 b\u011blo\u0161sk\u00e9 rozvinut\u00e9 kultu\u0159e nev\u00e1haj\u00ed ani minutu, kdy\u017e je pot\u0159eba se uch\u00fdlit k n\u011bjak\u00e9 otev\u0159en\u00e9 l\u017ei nebo manipulaci. Je jedno, zda jde o LGBT, koronavirus, imigraci, nebo \u017eivotn\u00ed prost\u0159ed\u00ed.<\/div>\n<p>Ned\u00e1vno to prok\u00e1zala t\u0159eba \u201e<a href=\"https:\/\/www.unzensuriert.at\/content\/142686-zdf-retuschiert-rauch-ueber-atomkraftwerke\/\">ve\u0159ejnopr\u00e1vn\u00ed\u201c televize ZDF<\/a>.\u00a0<strong>Tak k chladic\u00edm v\u011b\u017e\u00edm jadern\u00fdch elektr\u00e1ren p\u0159i retu\u0161ovala tmav\u00fd kou\u0159, kter\u00fd m\u00e1 evokovat \u0161kodliv\u00e9 spaliny<\/strong>. C\u00edlem bylo pomoc\u00ed \u00fa\u010delov\u00e9 manipulace podpo\u0159it z\u00e1kaz jadern\u00fdch elektr\u00e1ren po cel\u00e9 Evrop\u011b a p\u0159isp\u011bt tak k deindustrializaci evropsk\u00e9 b\u011blo\u0161sk\u00e9 spole\u010dnosti a k jej\u00edmu masivn\u00edmu chudnut\u00ed.\u00a0<strong>Jen\u017ee jadern\u00e9 elektr\u00e1rny \u017e\u00e1dn\u00e9 spaliny neprodukuj\u00ed, proto\u017ee tam nic neho\u0159\u00ed\/nespaluje se, oh\u0159ev zde prob\u00edh\u00e1 z \u0159\u00edzen\u00e9 \u0161t\u011bpn\u00e9 reakce a z chladic\u00edch v\u011b\u017e\u00ed stoup\u00e1 maxim\u00e1ln\u011b b\u00edl\u00e1 p\u00e1ra (voda v plynn\u00e9m skupenstv\u00ed)!<\/strong><\/p>\n<p>To u\u017e ale bylo moc i na ekologi\u00ed pro zblbl\u00e9 N\u011bmce. P<strong>roto ZDF obr\u00e1zek z\u00e1hy zm\u011bnila a vymlouvala se, \u017ee tmav\u00fd kou\u0159 tam byl kv\u016fli \u201e\u010ditelnosti\u201c textu!<\/strong><\/p>\n<p><strong>Ona jsou ofici\u00e1ln\u00ed media pln\u00e1 \u00fa\u010delov\u00fdch manipulac\u00ed a l\u017e\u00ed. Ne nadarmo se jim v N\u011bmecku \u0159\u00edk\u00e1 \u201eL\u00fcgenpresse\u201c (prolhan\u00fd tisk).<\/strong>\u00a0Ono to ale v \u010cech\u00e1ch, nebo na Slovensku nen\u00ed lep\u0161\u00ed.\u00a0<strong>Nen\u00ed divu, \u017ee se lid\u00e9 od nich odvracej\u00ed a hledaj\u00ed skute\u010dn\u00e9 informace na nez\u00e1visl\u00fdch webech. Pr\u00e1v\u011b proto ofici\u00e1ln\u00ed media alternativn\u00ed media tak up\u0159\u00edmn\u011b nen\u00e1vid\u00ed.<\/strong><\/p>\n<\/div>\n<p><a href=\"https:\/\/ceskavec.com\/2022\/02\/nemecka-oficialni-media-prikreslila-jadernym-elektrarnam-cerny-kour-pritom-se-tam-nic-nespaluje-pouze-z-nich-stoupa-par-z-chladicich-vezi\">\u010cesk\u00e1 v\u011bc<\/a><\/p>\n<p>&nbsp;<\/p>\n","protected":false},"excerpt":{"rendered":"<p>N\u011bmeck\u00e1 ofici\u00e1ln\u00ed media p\u0159ikreslila jadern\u00fdm elektr\u00e1rn\u00e1m \u010dern\u00fd kou\u0159. P\u0159itom se tam nic nespaluje, pouze z&#8230;<\/p>\n","protected":false},"author":2,"featured_media":8166,"comment_status":"closed","ping_status":"closed","sticky":false,"template":"","format":"standard","meta":[],"categories":[7],"tags":[1861,542,1094,158,84,497,1862],"_links":{"self":[{"href":"https:\/\/www.infokuryr.cz\/n\/wp-json\/wp\/v2\/posts\/8165"}],"collection":[{"href":"https:\/\/www.infokuryr.cz\/n\/wp-json\/wp\/v2\/posts"}],"about":[{"href":"https:\/\/www.infokuryr.cz\/n\/wp-json\/wp\/v2\/types\/post"}],"author":[{"embeddable":true,"href":"https:\/\/www.infokuryr.cz\/n\/wp-json\/wp\/v2\/users\/2"}],"replies":[{"embeddable":true,"href":"https:\/\/www.infokuryr.cz\/n\/wp-json\/wp\/v2\/comments?post=8165"}],"version-history":[{"count":0,"href":"https:\/\/www.infokuryr.cz\/n\/wp-json\/wp\/v2\/posts\/8165\/revisions"}],"wp:featuredmedia":[{"embeddable":true,"href":"https:\/\/www.infokuryr.cz\/n\/wp-json\/wp\/v2\/media\/8166"}],"wp:attachment":[{"href":"https:\/\/www.infokuryr.cz\/n\/wp-json\/wp\/v2\/media?parent=8165"}],"wp:term":[{"taxonomy":"category","embeddable":true,"href":"https:\/\/www.infokuryr.cz\/n\/wp-json\/wp\/v2\/categories?post=8165"},{"taxonomy":"post_tag","embeddable":true,"href":"https:\/\/www.infokuryr.cz\/n\/wp-json\/wp\/v2\/tags?post=8165"}],"curies":[{"name":"wp","href":"https:\/\/api.w.org\/{rel}","templated":true}]}}