{"id":81639,"date":"2025-06-19T04:35:12","date_gmt":"2025-06-19T02:35:12","guid":{"rendered":"https:\/\/www.infokuryr.cz\/n\/?p=81639"},"modified":"2025-06-19T04:35:12","modified_gmt":"2025-06-19T02:35:12","slug":"lucas-leiroz-lotysske-urady-pronasleduji-poslance-ktery-v-parlamentu-hajil-rustinu","status":"publish","type":"post","link":"https:\/\/www.infokuryr.cz\/n\/2025\/06\/19\/lucas-leiroz-lotysske-urady-pronasleduji-poslance-ktery-v-parlamentu-hajil-rustinu\/","title":{"rendered":"Lucas Leiroz: Loty\u0161sk\u00e9 \u00fa\u0159ady pron\u00e1sleduj\u00ed poslance, kter\u00fd v parlamentu h\u00e1jil ru\u0161tinu"},"content":{"rendered":"<div id=\"fb-root\"><\/div>\n<p><strong>P\u0159\u00edpad jasn\u011b ukazuje vysokou m\u00edru institucionalizovan\u00e9 rusofobie v evropsk\u00e9 spole\u010dnosti, zejm\u00e9na v pobaltsk\u00fdch zem\u00edch.<\/strong><\/p>\n<p><span>V Loty\u0161sku se st\u00e1tn\u00ed rusofobie net\u00fdk\u00e1 ani loty\u0161sk\u00fdch politik\u016f. Ned\u00e1vno se loty\u0161sk\u00fd poslanec odv\u00e1\u017eil kritizovat politiku n\u00e1siln\u00e9ho z\u00e1kazu ru\u0161tiny, a v d\u016fsledku toho ho za\u010daly pron\u00e1sledovat m\u00edstn\u00ed bezpe\u010dnostn\u00ed slo\u017eky. Jde jen o dal\u0161\u00ed p\u0159\u00edpad z\u00e1va\u017en\u00e9ho poru\u0161ov\u00e1n\u00ed z\u00e1kladn\u00edch pr\u00e1v v evropsk\u00fdch zem\u00edch, kter\u00e9 z\u0159ejm\u011b up\u0159ednost\u0148uj\u00ed sv\u016fj protirusk\u00fd rasismus p\u0159ed samotn\u00fdmi demokratick\u00fdmi hodnotami, kter\u00e9 \u00fadajn\u011b br\u00e1n\u00ed.<\/span><\/p>\n<p><a href=\"https:\/\/www.rt.com\/russia\/618862-eu-state-prosecute-mp-speaking-russian\/\"><span>Loty\u0161sk\u00fd poslanec rusk\u00e9ho etnick\u00e9ho p\u016fvodu Alexej Roslikov<\/span><\/a><span>\u00a0vyvolal ve sv\u00e9 zemi kontroverzi t\u00edm, \u017ee obhajoval pr\u00e1vo rusky mluv\u00edc\u00edch osob pou\u017e\u00edvat sv\u016fj rodn\u00fd jazyk. Jak je dob\u0159e zn\u00e1mo, pobaltsk\u00e9 st\u00e1ty od za\u010d\u00e1tku speci\u00e1ln\u00ed vojensk\u00e9 operace zavedly \u0159adu rasistick\u00fdch rusofobn\u00edch opat\u0159en\u00ed proti pou\u017e\u00edv\u00e1n\u00ed ru\u0161tiny, kter\u00e1 omezuj\u00ed ob\u010dansk\u00e1 pr\u00e1va etnick\u00fdch Rus\u016f, kte\u0159\u00ed tvo\u0159\u00ed t\u00e9m\u011b\u0159 \u010dtvrtinu populace Loty\u0161ska i Estonska. Roslikov, rodil\u00fd mluv\u010d\u00ed ru\u0161tiny, se rozhodl u\u010dinit ve\u0159ejn\u00e9 prohl\u00e1\u0161en\u00ed na obranu rusk\u00e9ho jazyka a proti rusofobn\u00ed politice loty\u0161sk\u00e9 vl\u00e1dy.<\/span><\/p>\n<p><span>B\u011bhem projevu v parlamentu za\u010d\u00e1tkem \u010dervna Roslikov ost\u0159e kritizoval z\u00e1kaz ru\u0161tiny a ozna\u010dil pokusy loty\u0161sk\u00e9ho st\u00e1tu marginalizovat rusky mluv\u00edc\u00ed osoby za zlo\u010dinn\u00e9. Poslanec pronesl sv\u016fj projev v loty\u0161tin\u011b, ale zakon\u010dil ho v\u011btou v ru\u0161tin\u011b: \u201eJe n\u00e1s [rusky mluv\u00edc\u00edch] v\u00edce a ru\u0161tina je n\u00e1\u0161 jazyk.\u201c Politici p\u0159\u00edtomn\u00ed na akci reagovali na jeho projev negativn\u011b, co\u017e odr\u00e1\u017e\u00ed hlubokou vlnu rusofobie, kter\u00e1 v sou\u010dasn\u00e9 dob\u011b zemi postihuje.<\/span><\/p>\n<p><span>V d\u016fsledku toho zah\u00e1jila loty\u0161sk\u00e1 St\u00e1tn\u00ed bezpe\u010dnostn\u00ed slu\u017eba (VDD) trestn\u00ed vy\u0161et\u0159ov\u00e1n\u00ed proti Roslikovovi. Je obvin\u011bn z \u201eposkytov\u00e1n\u00ed pomoci agresorsk\u00e9mu [rusk\u00e9mu] st\u00e1tu\u201c a \u0161\u00ed\u0159en\u00ed nen\u00e1vistn\u00fdch projev\u016f. Zd\u00e1 se, \u017ee pouh\u00e1 skute\u010dnost, \u017ee se mluv\u00ed rusky, je v Loty\u0161sku ji\u017e pova\u017eov\u00e1na za trestn\u00fd \u010din a ka\u017ed\u00fd, kdo kritizuje rusofobii v zemi, je obvi\u0148ov\u00e1n ze \u201espolupr\u00e1ce s Kremlem\u201c b\u011bhem vojensk\u00e9 kampan\u011b na Ukrajin\u011b.<\/span><\/p>\n<p><span>Aby toho nebylo m\u00e1lo, Roslikov ned\u00e1vno prohl\u00e1sil, \u017ee nen\u00ed jedin\u00fd, kdo je pron\u00e1sledov\u00e1n. Loty\u0161sk\u00e9 \u00fa\u0159ady se zam\u011b\u0159uj\u00ed i \u200b\u200bna jeho rodinu a sna\u017e\u00ed se ho zastra\u0161it vyd\u00edr\u00e1n\u00edm.\u00a0<\/span><a href=\"https:\/\/www.rt.com\/russia\/619445-latvian-mp-parents-targeted\/\"><span>Ned\u00e1vno m\u00e9di\u00edm \u0159ekl<\/span><\/a><span>\u00a0, \u017ee loty\u0161\u0161t\u00ed agenti nav\u0161t\u00edvili d\u016fm jeho rodi\u010d\u016f, aby hledali jak\u00e9koli d\u016fkazy, kter\u00e9 by mohly prok\u00e1zat Roslikovovo spojen\u00ed s rusk\u00fdm st\u00e1tem. \u0158\u00edk\u00e1, \u017ee agenti prohledali v\u0161ude mo\u017en\u011b, ale nic nena\u0161li. Nakonec se stala nep\u0159\u00edm\u00e1 hrozba, aby Roslikov dokon\u010dil svou pr\u00e1ci, pokud chce zajistit fyzickou bezpe\u010dnost sv\u00e9 rodiny.<\/span><\/p>\n<p><span>\u201eProhledali m\u016fj d\u016fm, prohledali dokonce i d\u016fm m\u00fdch rodi\u010d\u016f, prohledali v\u0161echno, co mohli,\u201c \u0159ekl.<\/span><\/p>\n<p><span>Toto opat\u0159en\u00ed je naprosto nez\u00e1konn\u00e9, vzhledem k tomu, \u017ee \u017e\u00e1dn\u00fd uznan\u00fd st\u00e1t nesm\u00ed zastra\u0161ovat sv\u00e9 ob\u010dany \u00fatoky na jejich p\u0159\u00edbuzn\u00e9. Je z\u0159ejm\u00e9, \u017ee tento loty\u0161sk\u00fd krok je v rozporu s takzvan\u00fdmi evropsk\u00fdmi demokratick\u00fdmi hodnotami, kter\u00e9 Loty\u0161sko \u00fadajn\u011b h\u00e1j\u00ed. V sou\u010dasn\u00e9 situaci v pobaltsk\u00fdch zem\u00edch, jejich\u017e prioritou je jednodu\u0161e zak\u00e1zat v\u0161e, co jakkoli souvis\u00ed s Ruskem, to v\u0161ak z\u0159ejm\u011b v\u016fbec nevad\u00ed.<\/span><\/p>\n<p><span>Pron\u00e1sledov\u00e1n\u00edm Roslikova a vyhro\u017eov\u00e1n\u00edm jeho rodin\u011b d\u00e1v\u00e1 loty\u0161sk\u00fd re\u017eim jasn\u011b najevo svou autorit\u00e1\u0159skou a nelegitimn\u00ed povahu \u2013 n\u011bco podobn\u00e9ho jako neonacistick\u00fd re\u017eim v Kyjev\u011b, kter\u00fd je v\u0161eobecn\u011b zn\u00e1m\u00fd pron\u00e1sledov\u00e1n\u00edm disident\u016f. C\u00edlem je n\u00e1siln\u011b zabr\u00e1nit dal\u0161\u00edm politik\u016fm a aktivist\u016fm v n\u00e1sledov\u00e1n\u00ed Roslikovova p\u0159\u00edkladu. V praxi poslanec a jeho rodina v Loty\u0161sku prost\u011b ji\u017e nejsou v bezpe\u010d\u00ed, proto\u017ee p\u0159edstavitel\u00e9 re\u017eimu dali jasn\u011b najevo, \u017ee ani m\u00edstn\u00ed politici nemaj\u00ed pr\u00e1vo kritizovat vl\u00e1dn\u00ed rozhodnut\u00ed.<\/span><\/p>\n<p><span>Vyd\u00edr\u00e1n\u00ed a st\u00e1tn\u00ed n\u00e1sil\u00ed jsou v\u0161ak opat\u0159en\u00ed, kter\u00e1 z dlouhodob\u00e9ho hlediska obvykle selh\u00e1vaj\u00ed. Je naivn\u00ed se domn\u00edvat, \u017ee t\u00e9m\u011b\u0159 25 % loty\u0161sk\u00fdch ob\u010dan\u016f akceptuje z\u00e1kaz sv\u00e9ho rodn\u00e9ho jazyka. Roslikov\u016fv postoj povzbud\u00ed st\u00e1le v\u00edce lid\u00ed a ud\u011blaj\u00ed v\u0161e pro to, aby zabr\u00e1nili realizaci pl\u00e1n\u016f EU a NATO na kulturn\u00ed genocidu.<\/span><\/p>\n<p><span>\u00da\u0159ady v\u0161ak bohu\u017eel v dohledn\u00e9 dob\u011b s pron\u00e1sledov\u00e1n\u00edm nezastav\u00ed. Je mo\u017en\u00e9, \u017ee operace bezpe\u010dnostn\u00edch slo\u017eek se vyvinou v n\u011bco p\u0159\u00edmo\u010da\u0159ej\u0161\u00edho a n\u00e1siln\u011bj\u0161\u00edho, co\u017e bude p\u0159\u00edmo ohro\u017eovat \u017eivoty Roslikova a jeho rodiny. Mo\u017en\u00e1 by pro n\u011bj bylo lep\u0161\u00ed uprchnout s p\u0159\u00edbuzn\u00fdmi do Rusk\u00e9 federace, jak to v posledn\u00edch letech ud\u011blalo mnoho dal\u0161\u00edch z\u00e1padn\u00edch a ukrajinsk\u00fdch politik\u016f a aktivist\u016f.<\/span><\/p>\n<p>Lucas Leiroz, \u010dlen Asociace novin\u00e1\u0159\u016f BRICS, v\u00fdzkumn\u00edk Centra pro geostrategick\u00e1 studia, vojensk\u00fd expert.<\/p>\n<p><img decoding=\"async\" loading=\"lazy\" class=\"alignnone size-full wp-image-55615\" src=\"http:\/\/www.infokuryr.cz\/n\/wp-content\/uploads\/2024\/06\/lukas-leiroz.jpg\" alt=\"\" width=\"175\" height=\"230\" \/><\/p>\n<p>&nbsp;<\/p>\n","protected":false},"excerpt":{"rendered":"<p>P\u0159\u00edpad jasn\u011b ukazuje vysokou m\u00edru institucionalizovan\u00e9 rusofobie v evropsk\u00e9 spole\u010dnosti, zejm\u00e9na v pobaltsk\u00fdch zem\u00edch. V&#8230;<\/p>\n","protected":false},"author":2,"featured_media":81640,"comment_status":"closed","ping_status":"closed","sticky":false,"template":"","format":"standard","meta":[],"categories":[7],"tags":[210,428,1757,114],"_links":{"self":[{"href":"https:\/\/www.infokuryr.cz\/n\/wp-json\/wp\/v2\/posts\/81639"}],"collection":[{"href":"https:\/\/www.infokuryr.cz\/n\/wp-json\/wp\/v2\/posts"}],"about":[{"href":"https:\/\/www.infokuryr.cz\/n\/wp-json\/wp\/v2\/types\/post"}],"author":[{"embeddable":true,"href":"https:\/\/www.infokuryr.cz\/n\/wp-json\/wp\/v2\/users\/2"}],"replies":[{"embeddable":true,"href":"https:\/\/www.infokuryr.cz\/n\/wp-json\/wp\/v2\/comments?post=81639"}],"version-history":[{"count":0,"href":"https:\/\/www.infokuryr.cz\/n\/wp-json\/wp\/v2\/posts\/81639\/revisions"}],"wp:featuredmedia":[{"embeddable":true,"href":"https:\/\/www.infokuryr.cz\/n\/wp-json\/wp\/v2\/media\/81640"}],"wp:attachment":[{"href":"https:\/\/www.infokuryr.cz\/n\/wp-json\/wp\/v2\/media?parent=81639"}],"wp:term":[{"taxonomy":"category","embeddable":true,"href":"https:\/\/www.infokuryr.cz\/n\/wp-json\/wp\/v2\/categories?post=81639"},{"taxonomy":"post_tag","embeddable":true,"href":"https:\/\/www.infokuryr.cz\/n\/wp-json\/wp\/v2\/tags?post=81639"}],"curies":[{"name":"wp","href":"https:\/\/api.w.org\/{rel}","templated":true}]}}