{"id":81617,"date":"2025-06-19T00:22:53","date_gmt":"2025-06-18T22:22:53","guid":{"rendered":"https:\/\/www.infokuryr.cz\/n\/?p=81617"},"modified":"2025-06-18T13:53:10","modified_gmt":"2025-06-18T11:53:10","slug":"miroslav-petr-pravda-o-ukrajine-2","status":"publish","type":"post","link":"https:\/\/www.infokuryr.cz\/n\/2025\/06\/19\/miroslav-petr-pravda-o-ukrajine-2\/","title":{"rendered":"Miroslav Petr: Pravda o Ukrajin\u011b"},"content":{"rendered":"<div id=\"fb-root\"><\/div>\n<p><strong>Jde o \u010dl\u00e1nek pro siln\u011bj\u0161\u00ed povahy. V\u00e1lka na Ukrajin\u011b je velmi v\u00fdnosn\u00fd byznys nejen pro zbroja\u0159sk\u00e9 firmy, ale i pro k\u0161efta\u0159e s lidsk\u00fdmi org\u00e1ny. T\u00fdk\u00e1 se samoz\u0159ejm\u011b i d\u011bt\u00ed. Byznys je byznys. O dal\u0161\u00edm k\u0161eftov\u00e1n\u00ed- obchodu s d\u011btmi pro pedofily rad\u011bji nemluv\u011b.<\/strong><\/p>\n<p>Ru\u0161t\u00ed obyvatel\u00e9 na Ukrajin\u011b maj\u00ed zak\u00e1z\u00e1no mluvit sv\u00fdm rodn\u00fdm jazykem. Banderovci d\u011blaj\u00ed Rus\u016fm na Ukrajin\u011b ty nejodporn\u011bj\u0161\u00ed zv\u011brstva. V\u011b\u0161\u00ed d\u011bti a \u017eeny za nohy na stromy, t\u011bhotn\u00fdm \u017een\u00e1m za\u017eiva rozparuj\u00ed b\u0159icho, mu\u017ee st\u0159\u00edlej\u00ed do nohou, \u010d\u00edm\u017e se z nich st\u00e1vaj\u00ed celo\u017eivotn\u00ed invalid\u00e9. Zn\u00e1sil\u0148uj\u00ed d\u00edvky, pak je ubodaj\u00ed k smrti. Tyhle hnus\u00e1rny podporuje cel\u00e1 EU a v\u0161ichni politici- Eurohuje\u0159i.<\/p>\n<p>Jde o vyhlazen\u00ed v\u0161ech Ukrajinc\u016f, pak budou na \u0159ad\u011b dal\u0161\u00ed Slovan\u00e9. Ukrajinc\u016f pro boj je st\u00e1le m\u00e9n\u011b a m\u00e9n\u011b. Nebylo by spr\u00e1vn\u00e9, aby zdej\u0161\u00ed Ukrajinci dostali povol\u00e1vac\u00ed rozkaz a plnili svou vlasteneckou povinnost? Pro\u010d chce na\u0161e vl\u00e1da poslat na jistou smrt na\u0161e mlad\u00e9 kluky? Mysl\u00edte si, \u017ee by n\u011bkter\u00fd politik jel na \u00fazem\u00ed, kde se skute\u010dn\u011b st\u0159\u00edl\u00ed?<\/p>\n<p>Banderovci u\u010d\u00ed d\u011bti jako novodobou Hitlerjugend nen\u00e1visti k Rusku. Rusk\u00e1 mentalita- Rad\u011bji zem\u0159\u00edt ne\u017e \u017e\u00edt v kle\u010de-d\u00edky Velk\u00e9 vlasteneck\u00e9 v\u00e1lce je neporaziteln\u00e1. Pro\u010d nebyla tak masov\u00e1 medi\u00e1ln\u00ed nen\u00e1vist za opil\u00e9ho Jelcina, kdy tam USA rabovala nerostn\u00e9 bohatstv\u00ed?<\/p>\n<p>Rusov\u00e9 v\u017edy pova\u017eovali Slovany za sv\u00e9 bratry. Dle Ukrajiny Rusko uneslo z Ukrajiny desetitis\u00edce d\u011bt\u00ed. Ve skute\u010dnosti zachr\u00e1nilo p\u0159ed v\u00e1lkou p\u0159es 19 500 rusk\u00fdch a ukrajinsk\u00fdch d\u011bt\u00ed.<br \/>\nRusko m\u00e1 p\u0159\u00edrodn\u00ed zdroje na tis\u00edc let v hodnot\u011b 75 bilion\u016f dolar\u016f. U\u017e v\u00edte, pro\u010d soudru\u017eka Korbelov\u00e1, kamar\u00e1dka abstinenta V\u00e9ny, \u0159ekla, \u017ee Rusko si nezaslou\u017e\u00ed tolik nerostn\u00e9ho bohatstv\u00ed? Jen proto se NATO st\u00e1le p\u0159ibli\u017euje k Rusku a chce se trvale \/!\/ usadit na Ukrajin\u011b, \u010d\u00edm\u017e ohro\u017euje cel\u00fd sv\u011bt. Je-li medv\u011bd zahn\u00e1n do kouta, mus\u00ed se br\u00e1nit.<\/p>\n<p>400 000 Ukrajinc\u016f uteklo p\u0159ed &#8222;v\u00e1lkou&#8220; k n\u00e1m. Pracuje jich jen 150 000. T\u00e9m\u011b\u0159 dv\u011b t\u0159etiny Ukrajinc\u016f \u017eiv\u00edme ze sv\u00fdch dan\u00ed. Kdepak asi bydl\u00ed t\u011bch t\u00e9m\u011b\u0159 p\u016fl milionu ciz\u00e1k\u016f? Nav\u00edc maj\u00ed mnoh\u00e9 slu\u017eby zcela zdarma- zdravotnictv\u00ed, \u0161kolstv\u00ed. N\u011bkte\u0159\u00ed si koupili tis\u00edce byt\u016f, se kter\u00fdmi k\u0161eftuj\u00ed formou p\u0159edra\u017een\u00fdch n\u00e1jm\u016f.<\/p>\n<p>Objevila se n\u011bkter\u00e1 z t\u011bchto informac\u00ed ve ve\u0159ejn\u00fdch medi\u00edch?<br \/>\nN\u011bjak\u00fd n\u011bmeck\u00fd politik m\u00e1 strach, \u017ee se Rusov\u00e9 dostanou do N\u011bmecka plynovodem.<\/p>\n<p>Biden dal 620 000 dolar\u016f na prevenci t\u011bhotenstv\u00ed dosp\u00edvaj\u00edc\u00edch transchlapc\u016f. Ministryn\u011b obrany zajistila uniformy pro t\u011bhotn\u00e9 tankisty.<\/p>\n<p>Na\u0161e ministryn\u011b v\u00e1lky \u0161la s n\u011bjak\u00fdm ministrem obrany jin\u00e9 zem\u011b v tepl\u00e1k\u00e1ch jako n\u011bjak\u00e1 jezeda\u010dka. Pardon, zapomn\u011bl jsem, \u017ee i Zelen\u00e1\u010d vstoupil do B\u00edl\u00e9ho domu bez kravaty. Zelen\u00e1\u010d zav\u00edr\u00e1 plynovod do Evropy, tak\u017ee budeme odeb\u00edrat LNG z USA mnohon\u00e1sobn\u011b p\u0159edra\u017een\u00fd.<\/p>\n<p>Jid\u00e1\u0161, pardon, Lip\u00e1nkov\u00e1 \u0159ekla, \u017ee v minul\u00e9m re\u017eimu byl internet. Foldyna se nesta\u010dil modlit&#8230;\u0160kared\u00e1 a hloup\u00e1 Blbu\u0161e, vedle n\u00ed\u017e sed\u011bl Foldyna, \u0159ekla- &#8222;vedle m\u011b sed\u00ed ob\u017eivl\u00e1 podoba \u0159et\u011bzov\u00fdch email\u016f&#8220;, tak se neubr\u00e1nil z\u00e1chvatu sm\u00edchu. Tato husa se sm\u00e1la sv\u00e9 vlastn\u00ed hlouposti. Omlouv\u00e1m se v\u0161em hus\u00e1m. Jestli tato u\u010ditelka \u0159ekla, \u017ee n\u00e1s osvobodili Ameri\u010dan\u00e9, m\u011bla by vr\u00e1tit diplom.<\/p>\n<p>Rakousk\u00fd soud rozhodl, \u017ee odstran\u011bn\u00ed vous\u016f translidem mus\u00ed zaplatit poji\u0161tovna.<\/p>\n<p>Biden a soudkyn\u011b zablokovali Trump\u016fv z\u00e1kaz transgender arm\u00e1dy. Bude se cel\u00fd sv\u011bt b\u00e1t voj\u00e1k\u016f v r\u016f\u017eov\u00fdch lodi\u010dk\u00e1ch s vysok\u00fdmi podpatky? Putin mus\u00ed m\u00edt z\u00e1chvat sm\u00edchu.<\/p>\n<p>Mafi\u00e1n jako spr\u00e1vn\u00fd gay je ne\u0161\u0165astn\u00fd, \u017ee v Ma\u010farsku zak\u00e1zali pochody \u00fachyl\u00e1k\u016f, pardon, hrdosti. Tento ubo\u017e\u00e1k nen\u00ed schopen pochopit, \u017ee pro stejnopohlavn\u00ed p\u00e1ry jsou d\u016fle\u017eit\u00e1 pr\u00e1va \u017e\u00edt spolu v partnerstv\u00ed a styd\u00ed se za podplacen\u00e9 u\u017eite\u010dn\u00e9 idioty, kte\u0159\u00ed chod\u00ed do pr\u016fvodu a d\u011blaj\u00ed t\u011bmto slu\u0161n\u00fdm p\u00e1r\u016fm ostudu.<\/p>\n<p>Dle soudruha \u017d\u00e1ka z ODS d\u016fchodci pochop\u00ed omezov\u00e1n\u00ed d\u016fchod\u016f kv\u016fli bezpe\u010dnosti. Zapomn\u011bl, \u017ee d\u016fchodci neberou p\u0159es 150 000 K\u010d s mnoha prebendami. Skute\u010dn\u00fd arogantn\u00ed papal\u00e1\u0161.<\/p>\n<p>Soudru\u017eka D\u017eamila Stehl\u00edkov\u00e1 se raduje, \u017ee Ukrajinci zas\u00e1hli krymsk\u00fd most. Pardon, zapomn\u011bl jsem, \u017ee jde o nevyl\u00e9\u010diteln\u00e9ho bl\u00e1zna. Kolik vlastn\u011b takov\u00fdch bl\u00e1zn\u016f v politice m\u00e1me? Nedr\u017e\u00edme v po\u010dtu bl\u00e1zn\u016f- politik\u016f sv\u011btov\u00fd rekord?<\/p>\n<p><a href=\"https:\/\/www.czechfreepress.cz\/dalsi-blogy\/pravda-o-ukrajine-ii.html\">Miroslav Petr<\/a><\/p>\n<p><img decoding=\"async\" loading=\"lazy\" class=\"wp-image-80899 aligncenter\" src=\"http:\/\/www.infokuryr.cz\/n\/wp-content\/uploads\/2025\/06\/Vrabel-283x300.jpg\" alt=\"\" width=\"670\" height=\"710\" srcset=\"https:\/\/www.infokuryr.cz\/n\/wp-content\/uploads\/2025\/06\/Vrabel-283x300.jpg 283w, https:\/\/www.infokuryr.cz\/n\/wp-content\/uploads\/2025\/06\/Vrabel-966x1024.jpg 966w, https:\/\/www.infokuryr.cz\/n\/wp-content\/uploads\/2025\/06\/Vrabel-768x814.jpg 768w, https:\/\/www.infokuryr.cz\/n\/wp-content\/uploads\/2025\/06\/Vrabel-1024x1086.jpg 1024w, https:\/\/www.infokuryr.cz\/n\/wp-content\/uploads\/2025\/06\/Vrabel.jpg 1080w\" sizes=\"(max-width: 670px) 100vw, 670px\" \/><\/p>\n<p>&nbsp;<\/p>\n","protected":false},"excerpt":{"rendered":"<p>Jde o \u010dl\u00e1nek pro siln\u011bj\u0161\u00ed povahy. V\u00e1lka na Ukrajin\u011b je velmi v\u00fdnosn\u00fd byznys nejen pro&#8230;<\/p>\n","protected":false},"author":2,"featured_media":19165,"comment_status":"closed","ping_status":"closed","sticky":false,"template":"","format":"standard","meta":[],"categories":[6],"tags":[1503,1040,26],"_links":{"self":[{"href":"https:\/\/www.infokuryr.cz\/n\/wp-json\/wp\/v2\/posts\/81617"}],"collection":[{"href":"https:\/\/www.infokuryr.cz\/n\/wp-json\/wp\/v2\/posts"}],"about":[{"href":"https:\/\/www.infokuryr.cz\/n\/wp-json\/wp\/v2\/types\/post"}],"author":[{"embeddable":true,"href":"https:\/\/www.infokuryr.cz\/n\/wp-json\/wp\/v2\/users\/2"}],"replies":[{"embeddable":true,"href":"https:\/\/www.infokuryr.cz\/n\/wp-json\/wp\/v2\/comments?post=81617"}],"version-history":[{"count":0,"href":"https:\/\/www.infokuryr.cz\/n\/wp-json\/wp\/v2\/posts\/81617\/revisions"}],"wp:featuredmedia":[{"embeddable":true,"href":"https:\/\/www.infokuryr.cz\/n\/wp-json\/wp\/v2\/media\/19165"}],"wp:attachment":[{"href":"https:\/\/www.infokuryr.cz\/n\/wp-json\/wp\/v2\/media?parent=81617"}],"wp:term":[{"taxonomy":"category","embeddable":true,"href":"https:\/\/www.infokuryr.cz\/n\/wp-json\/wp\/v2\/categories?post=81617"},{"taxonomy":"post_tag","embeddable":true,"href":"https:\/\/www.infokuryr.cz\/n\/wp-json\/wp\/v2\/tags?post=81617"}],"curies":[{"name":"wp","href":"https:\/\/api.w.org\/{rel}","templated":true}]}}