{"id":81616,"date":"2025-06-19T00:19:17","date_gmt":"2025-06-18T22:19:17","guid":{"rendered":"https:\/\/www.infokuryr.cz\/n\/?p=81616"},"modified":"2025-06-18T13:49:32","modified_gmt":"2025-06-18T11:49:32","slug":"jiri-krutina-povalecny-zlocin-a-vyhnani-sudetonemecka-otazka-stale-ziva","status":"publish","type":"post","link":"https:\/\/www.infokuryr.cz\/n\/2025\/06\/19\/jiri-krutina-povalecny-zlocin-a-vyhnani-sudetonemecka-otazka-stale-ziva\/","title":{"rendered":"Ji\u0159\u00ed Krutina: \u201cPov\u00e1le\u010dn\u00fd zlo\u010din\u201d a \u201cvyhn\u00e1n\u00ed\u201d? Sudeton\u011bmeck\u00e1 ot\u00e1zka st\u00e1le \u017eiv\u00e1?"},"content":{"rendered":"<div id=\"fb-root\"><\/div>\n<p>\u201cOdsun, nebo vyhn\u00e1n\u00ed, chcete-li, neza\u010dal roku 1945, ale rokem 1933 (n\u00e1stup nacist\u016f a A. Hitlera k moci v N\u011bmecku, pozn\u00e1mka autora).\u201d<\/p>\n<p>Richard von Weizs\u00e4cker, b\u00fdval\u00fd prezident N\u011bmecka p\u0159i p\u0159\u00edle\u017eitosti 40. v\u00fdro\u010d\u00ed konce v\u00e1lky<\/p>\n<p>Pr\u00e1v\u011b v dob\u011b, kdy si p\u0159ipom\u00edn\u00e1me \u010dervnov\u00e1 v\u00fdro\u010d\u00ed spojen\u00e1 s n\u011bmeck\u00fdm nacistick\u00fdm terorem na na\u0161em \u00fazem\u00ed b\u011bhem okupace \u010cSR, jako je vyp\u00e1len\u00ed obc\u00ed Lidice a Le\u017e\u00e1ky, se oz\u00fdvaj\u00ed ze sjezdu organizace tzv. Sudetsk\u00fdch N\u011bmc\u016f v Bavorsku jejich typick\u00e9 teze o nutnosti jak\u00e9hosi neust\u00e1l\u00e9ho a opakovan\u00e9ho \u201csmi\u0159ov\u00e1n\u00ed\u201d mezi \u010cechy a t\u011bmito tzv. \u201cSudetsk\u00fdmi\u201d N\u011bmci.<\/p>\n<p><img decoding=\"async\" loading=\"lazy\" class=\"aligncenter\" src=\"https:\/\/www.czechfreepress.cz\/images\/stories\/com_form2content\/p2\/f28089\/23.jpg\" alt=\"povalecny-zlocin-a-vyhnani-povalecny-zlocin-a-vyhnani-sudetonemecka-otazka-stale-ziva\" width=\"691\" height=\"516\" \/><\/p>\n<p>Z \u00fast jejich p\u0159edstavitel\u016f podle dostupn\u00fdch zpr\u00e1v zazn\u011blo nap\u0159\u00edklad:<\/p>\n<p><strong>Sm\u00ed\u0159en\u00ed sudetsk\u00fdch N\u011bmc\u016f a \u010cech\u016f pr\u00fd stoj\u00ed na dobr\u00fdch z\u00e1kladech, ale je pot\u0159eba na nich d\u00e1l stav\u011bt. \u0158ada ot\u00e1zek z\u016fst\u00e1v\u00e1 nevy\u0159e\u0161ena.\u00a0<\/strong><\/p>\n<p><strong>Vyhn\u00e1n\u00ed N\u011bmc\u016f z \u010ceskoslovenska ozna\u010dil jejich p\u0159ed\u00e1k H\u00f6rtler za \u201epov\u00e1le\u010dn\u00fd zlo\u010din\u201c.<\/strong><\/p>\n<p><strong>Postoj k odsunu N\u011bmc\u016f a n\u00e1siln\u00fdm exces\u016fm, kter\u00e9 jej prov\u00e1zely, jsou jedn\u00edm z t\u00e9mat rozd\u011bluj\u00edc\u00edch dlouhodob\u011b \u010deskou spole\u010dnost.\u00a0<\/strong><\/p>\n<p>O jak\u00e9m \u201csm\u00ed\u0159en\u00ed\u201d a o jak\u00e9 pot\u0159eb\u011b na n\u011bm d\u00e1le \u201cstav\u011bt\u201d v\u016fbec tito politici hovo\u0159\u00ed?<\/p>\n<p>Kdo s k\u00fdm se m\u00e1 vlastn\u011b st\u00e1le dokola \u010di donekone\u010dna \u201csmi\u0159ovat\u201d?<\/p>\n<p>Copak lid\u00e9, kter\u00fdch se opravdu t\u00fdkala ona historick\u00e1 doba dnes je\u0161t\u011b \u017eij\u00ed?<\/p>\n<p>Copak nejsou mezi jednotliv\u00fdmi lidmi \u017eij\u00edc\u00edmi u n\u00e1s a v N\u011bmecku, tedy mezi N\u011bmci a \u010cechy, zcela p\u0159irozen\u00e9 dobr\u00e9 vztahy?<\/p>\n<p>Copak existuje dnes n\u011bjak\u00e1 z\u00e1\u0161\u0165 \u010di nesm\u00ed\u0159en\u00ed mezi dne\u0161n\u00edmi \u010cechy a N\u011bmci?<\/p>\n<p>Kdy\u017e tedy p\u0159ed\u00e1k sudetsk\u00fdch N\u011bmc\u016f Posselt st\u00e1le hovo\u0159\u00ed o \u201cnebezpe\u010d\u00ed nacionalismu\u201d, nen\u00ed to pr\u00e1v\u011b on a jeho politick\u00e1 parta, kter\u00e1 tento historick\u00fd n\u011bmeck\u00fd nacismus a hlavn\u011b jeho NESM\u00cd\u0158EN\u00cd se s por\u00e1\u017ekou st\u00e1le p\u0159ipom\u00edn\u00e1, a proto st\u00e1le mluv\u00ed o nutnosti \u201comluv\u201d, \u201cvyj\u00e1d\u0159en\u00ed l\u00edtost\u00ed\u201d a neust\u00e1l\u00e9m \u201csmi\u0159ov\u00e1n\u00ed\u201d?<\/p>\n<p>Ve skute\u010dnosti &#8211; \u010desk\u00fd n\u00e1rod ani tehdy, kdy se dan\u00e9 ud\u00e1losti d\u011bly\u00a0 &#8211; a nikoliv \u201cosamocen\u011b\u201d &#8211; ale v kontextu cel\u00e9 v\u00e1lky a jej\u00edho po\u010d\u00e1tku, kter\u00fd p\u0159e\u017eil henleinovsk\u00e9 b\u011bsn\u011bn\u00ed a hr\u016fzy nacistick\u00e9 okupace, se nem\u00e1 za co projevovat l\u00edtost \u010di se omlouvat, nato\u017e dne\u0161n\u00ed \u010desk\u00fd n\u00e1rod. Tehdej\u0161\u00ed \u010desk\u00fd n\u00e1rod a jeho ob\u011bti mohou tehdej\u0161\u00edm jejich n\u011bmeck\u00fdm \u201cspoluob\u010dan\u016fm\u201d, kte\u0159\u00ed se nechali znacizovat a n\u011bmeck\u00fdm okupant\u016fm pouze odpustit.<\/p>\n<p>V politick\u00e9 propagand\u011b a \u201cnemy\u0161len\u00ed\u201d sudetsk\u00fdch spolk\u016f za\u010d\u00edn\u00e1 sv\u011bt ud\u00e1lost\u00ed \u201codsunem\u201d n\u011bmeck\u00e9ho obyvatelstva z \u010cSR, kter\u00fd se ozna\u010duje za \u201cvyhn\u00e1n\u00ed\u201d. Neuva\u017euje se nijak kontext, ani obdob\u00ed okupace, nato\u017e obdob\u00ed p\u0159ed rozbit\u00edm \u010cSR. Podobn\u00fd projev propagandistick\u00e9ho \u201cnemy\u0161len\u00ed\u201d vid\u00edme dnes, kdy\u017e se tvrd\u00ed, \u017ee \u201cv\u00e1lka na Ukrajin\u011b\u201d mezi Ruskem a dnes NATO za\u010dala \u201cnesmyslnou agres\u00ed\u201d Ruska \u010di dokonce Putina na Ukrajinu (s narativem Ukrajina vn\u00edm\u00e1na jako ob\u011b\u0165 a tak\u00e9 jako p\u0159edstavitel svobodn\u00e9ho sv\u011bta \u010del\u00edc\u00ed agresi nesvobodn\u00e9ho a totalitn\u00edho Ruska-agresora). Jinak se neuva\u017euje nic, co se d\u011blo p\u0159ed t\u00edm na Ukrajin\u011b, kter\u00e1 vedla ob\u010danskou v\u00e1lku, nato\u017e se neuva\u017euj\u00ed \u0161ir\u0161\u00ed mezin\u00e1rodn\u00ed vztahy a situace, zkr\u00e1tka \u0161ir\u0161\u00ed kontextov\u00e9 pole ud\u00e1lost\u00ed.<\/p>\n<p>Jenom si p\u0159ipome\u0148me fakta &#8211; \u201ckoho\u201d \u010di \u201cco\u201d tyto \u201csudeton\u011bmeck\u00e9\u201d organizace historicky zastupuj\u00ed:<\/p>\n<p>\u2981 Sudeton\u011bmeck\u00e9 hnut\u00ed pod veden\u00edm sudetsk\u00fdch n\u011bmc\u016f K. Henleina a K.H. Franka, kter\u00e9 bylo \u0159\u00edzeno, financov\u00e1no a vyzbrojov\u00e1no z N\u011bmecka, se postupn\u011b stalo \u201cp\u00e1tou kolonou\u201d, kterou vyu\u017eilo nacistick\u00e9 N\u011bmecko k terorismu a rozbit\u00ed demokratick\u00e9ho \u010cSR. B\u011bhem krize roku 1938 bylo t\u011bmito sudeton\u011bmeck\u00fdmi teroristick\u00fdmi formacemi, \u0159\u00edzen\u00fdmi z nacistick\u00e9ho N\u011bmecka, zabito na 160 ob\u011bt\u00ed a p\u0159es 2000 \u010deskoslovensk\u00fdch ob\u010dan\u016f bylo odvle\u010deno do N\u011bmecka. Sudet\u0161t\u00ed N\u011bmci z 99% volili nacisty.<\/p>\n<p>\u2981 V\u00fdsledkem okupace a p\u016fsoben\u00ed nacistick\u00e9ho teroru v okupovan\u00e9m \u010cSR bylo 360 000 \u010deskoslovensk\u00fdch ob\u011bt\u00ed, na kter\u00fdch se pod\u00edleli pr\u00e1v\u011b sudet\u0161t\u00ed N\u011bmci &#8211; jako typi\u010dt\u00ed spolupracovn\u00edci gestapa.<\/p>\n<p>\u2981 Sudet\u0161t\u00ed N\u011bmci jasn\u011b proklamovali, \u017ee cht\u011bj\u00ed zp\u00e1tky do \u0159\u00ed\u0161e (Heims in Reich), tak\u017ee nakonec tam skon\u010dili. To v\u0161e je d\u016fsledek nejen Mnichovsk\u00e9 dohody, tedy d\u016fsledkem politiky Anglie, Francie a N\u011bmecka, ale pr\u00e1v\u011b v\u00e1lky, kterou N\u011bmecko vedlo proti \u010cSR, a kterou prohr\u00e1lo.<\/p>\n<p>\u2981 Ano, jist\u011b prob\u011bhlo mnoho individu\u00e1ln\u00edch lidsk\u00fdch k\u0159ivd a atrocit v obdob\u00ed t\u011bsn\u011b po skon\u010den\u00ed v\u00e1lky, a to nejen na na\u0161em \u00fazem\u00ed, kter\u00e9 nikdo jist\u011b nezpochyb\u0148uje. Historikov\u00e9 uv\u00e1d\u00ed cca 18000 (z toho asi 6 000 n\u00e1silnou smrt\u00ed, zbytek byli sebevra\u017edy a nemoci) ob\u011bt\u00ed b\u011bhem tzv. \u201cneorganizovan\u00e9ho odsunu\u201d, kter\u00e9 nikdo nezpochyb\u0148uje, ale to je v\u017edy ot\u00e1zka lid\u00ed, kter\u00fdch se to skute\u010dn\u011b bezprost\u0159edn\u011b t\u00fdkalo. Sou\u010dasn\u011b nev\u011b\u0159\u00edm ve sv\u011bt, kde vl\u00e1dne n\u011bjak\u00e1 \u201cnespravedlnost\u201d, naopak ve sv\u011bt, kde ka\u017ed\u00fd zakou\u0161\u00ed p\u0159esn\u011b takov\u00e9 \u017eivotn\u00ed zku\u0161enosti a ud\u00e1losti, kter\u00e9 si s\u00e1m p\u0159ipravuje, kter\u00e9 si s\u00e1m vol\u00ed a kter\u00e9 jsou jemu t\u00edm \u010di on\u00edm zp\u016fsobem vlastn\u00ed.<\/p>\n<p>\u2981 Na my\u0161lence odsunu sudetsk\u00fdch N\u011bmc\u016f z \u010cSR se sjednotily v\u0161echny politick\u00e9 strany N\u00e1rodn\u00ed fronty v pov\u00e1le\u010dn\u00e9m \u010cSR, zformovan\u00e9 je\u0161t\u011b za druh\u00e9 sv\u011btov\u00e9 v\u00e1lky, tedy rozhodn\u011b \u017e\u00e1dn\u00e1 \u201crozd\u011blen\u00e1 spole\u010dnost\u201d v ot\u00e1zce odsunu nikdy u n\u00e1s nebyla. O nutnosti pov\u00e1le\u010dn\u00e9ho rozchodu s n\u011bmeckou men\u0161inou bylo rozhodnuto na z\u00e1klad\u011b souhlasu dom\u00e1c\u00edho i zahrani\u010dn\u00edho odboje. Souhlas s t\u00edmto \u0159e\u0161en\u00edm Edvard Bene\u0161 z\u00edskal od britsk\u00e9 i sov\u011btsk\u00e9 vl\u00e1dy a osobn\u011b od americk\u00e9ho prezidenta Roosevelta. Pro\u010d by tedy m\u011bla b\u00fdt dnes touto historickou ud\u00e1lost\u00ed rozd\u011blen\u00e1 spole\u010dnost? Jak\u00fd jin\u00fd smysl by to m\u011blo\u00a0 &#8211; ne\u017e pr\u00e1v\u011b t\u00edmto dnes v\u011bdom\u011b rozd\u011blovat spole\u010dnost? 80 let po konci v\u00e1lky, u jej\u00ed\u017e po\u010d\u00e1tku pr\u00e1v\u011b st\u00e1li sudeton\u011bme\u010dt\u00ed nacist\u00e9? Naopak snaha zpochyb\u0148ovat tento odsun, znamen\u00e1 v podstat\u011b zpochyb\u0148ovat v\u00edt\u011bze druh\u00e9 sv\u011btov\u00e9 v\u00e1lky.<\/p>\n<p>\u2981 Individu\u00e1ln\u00ed odplata \u010cech\u016f v jednotliv\u00fdch p\u0159\u00edpadech v obdob\u00ed t\u011bsn\u011b po v\u00e1lce p\u0159ed ofici\u00e1ln\u00edm odsunem, je\u017e byl v\u00fdsledkem konsensu velmoc\u00ed z Postupimi, se ned\u00e1 nijak srovn\u00e1vat se st\u00e1tn\u00ed politikou N\u011bmeck\u00e9 3. \u0159\u00ed\u0161e, uplat\u0148ovanou proti \u010desk\u00e9mu obyvatelstvu b\u011bhem okupace, kter\u00e9 m\u011blo b\u00fdt slovy jejich v\u016fdc\u016f: vyhlazeno, vyhn\u00e1no, zotro\u010deno jako m\u00e9n\u011bcenn\u00e1 pod\u0159adn\u00e1 rasa.<\/p>\n<p>\u2981 \u010ceskoslovensko, pota\u017emo dne\u0161n\u00ed \u010cR, je jedin\u00fd st\u00e1t, kter\u00fd dosud neobdr\u017eel od N\u011bmecka v\u00e1le\u010dn\u00e9 reparace, zat\u00edmco takov\u00e9 zem\u011b jako Velk\u00e1 Brit\u00e1nie \u010di Francie si tyto reparace vymohli. \u010ce\u0161t\u00ed politi\u010dt\u00ed p\u0159edstavitel\u00e9 na to nemaj\u00ed evidentn\u011b, jak se \u0159\u00edk\u00e1, \u201ckoule\u201d, na druhou stranu, zaplatili by to stejn\u011b dne\u0161n\u00ed da\u0148ov\u00ed poplatn\u00edci N\u011bmecka, kte\u0159\u00ed s t\u00edm nemaj\u00ed nic spole\u010dn\u00e9ho. Tak\u017ee i takov\u00e9 velk\u00e9 gesto u\u010dinili \u010ce\u0161i v\u016f\u010di N\u011bmecku.<\/p>\n<p>S v\u011bdom\u00edm toho, \u010demu tehdej\u0161\u00ed \u010ce\u0161i byli vystaveni b\u011bhem okupace, a pak b\u011bhem konce v\u00e1lky, kdy p\u0159es na\u0161e \u00fazem\u00ed proch\u00e1zely tzv. \u201cpochody smrti\u201d a n\u011bmeck\u00e1 nacistick\u00e1 spr\u00e1va u n\u00e1s zab\u00edjela a terorizovala obyvatelstvo do posledn\u00edch minut konce v\u00e1lky. Je\u0161t\u011b po kapitulaci ofici\u00e1ln\u00ed brann\u00e9 moci N\u011bmecka, se sv\u00e9 \u201cp\u0159edky\u201d neodva\u017euji za tyto \u010diny jakkoliv soudit. S\u00e1m zn\u00e1m vypr\u00e1v\u011bn\u00ed z rodiny o tom, jak se tito na\u0161\u00ed b\u00fdval\u00ed sudet\u0161t\u00ed spoluob\u010dan\u00e9 chovali k tehdej\u0161\u00edm \u010cech\u016fm. Historick\u00e9 literatury je tak\u00e9 o tom st\u00e1le je\u0161t\u011b dostatek.<\/p>\n<p>Nejsou sp\u00ed\u0161e tyto neust\u00e1l\u00e9 snahy o \u201csmi\u0159ov\u00e1n\u00ed\u201d ze strany tohoto \u201cpolitick\u00e9ho spolku\u201d, kter\u00fd ani u\u017e dnes nem\u016f\u017ee &#8211; z principu &#8211; m\u00edt n\u011bco spole\u010dn\u00e9ho s odsunut\u00fdmi ob\u010dany tehdej\u0161\u00edho \u010cSR, kter\u00fdch se tyto ud\u00e1losti t\u00fdkaly, pr\u00e1v\u011b jen o snaze dnes rozd\u011blovat \u010deskou spole\u010dnost?<\/p>\n<p>S n\u011bjak\u00fdm \u201csm\u00ed\u0159en\u00edm\u201d \u010di \u201cslu\u0161nost\u00ed\u201d mezi \u201c\u010cechy a N\u011bmci\u201d, na kter\u00fdch je t\u0159eba d\u00e1le stav\u011bt, to nem\u00e1 nic spole\u010dn\u00e9ho. Jak se \u201clidov\u011b\u201d \u0159\u00edk\u00e1: kecy. \u010ce\u0161i a stejn\u011b tak N\u011bmci jsou prim\u00e1rn\u011b jednotliv\u00e9 individuality a jejich existuj\u00edc\u00ed vztahy jsou jist\u011b v po\u0159\u00e1dku a nikoliv, \u017ee by \u0161lo o n\u011bjak\u00e9 \u201ckolektivn\u00ed identity\u201d, kde se jedna m\u00e1 \u201comlouvat\u201d druh\u00e9 \u010di se n\u011bjak st\u00e1le dokola \u201cusmi\u0159ovat\u201d &#8211; to je pr\u00e1v\u011b ten \u201cnacismus\u201d a jeho sm\u00fd\u0161len\u00ed a naz\u00edr\u00e1n\u00ed druh\u00fdch, kter\u00e9 pr\u00e1v\u011b upla\u0165nuje st\u00e1le nesm\u00ed\u0159en\u00fd nacista Posselt a jeho suita.<\/p>\n<p>Nato\u017e snaha dnes hodnotit historick\u00e9 ud\u00e1losti prizmatem dne\u0161n\u00ed doby, \u010di jako odd\u011blen\u00e9 ud\u00e1losti bez sv\u00fdch \u0161ir\u0161\u00edch kontext\u016f prostorov\u00fdch i \u010dasov\u00fdch, je jen projev p\u0159inejmen\u0161\u00edm nemy\u0161len\u00ed.<br \/>\nFAKTA k prohla\u0161ovan\u00fdm skute\u010dnostem:V\u011bt\u0161ina tehdej\u0161\u00edch spoluob\u010dan\u016f \u010cSR n\u011bmeck\u00e9 n\u00e1rodnosti, kte\u0159\u00ed se p\u0159ihl\u00e1sili k n\u011bmeck\u00e9 \u0159\u00ed\u0161sk\u00e9 my\u0161lence a nacistick\u00e9 ideologii, byla po v\u00e1lce odsunuta (\u201ctransfer\u201d je pou\u017e\u00edvan\u00e9 slovo v dokumentech k t\u00e9to ud\u00e1losti) nikoliv \u201cvyhn\u00e1na\u201d. Sou\u010dasn\u011b nebyl nikdy uplatn\u011bn princip tzv. \u201ckolektivn\u00ed viny\u201d, jak se mnohdy uv\u00e1d\u00ed, nebo\u0165 v \u010cSR mohlo z\u016fstat na 200 000 n\u011bmeck\u00fdch antifa\u0161ist\u016f.<\/p>\n<p>Role tzv. \u201csudetsk\u00fdch N\u011bmc\u016f\u201d p\u0159i rozbit\u00ed \u010cSR i rozpout\u00e1n\u00ed v\u00e1lky, co\u017e potvrdil i Norimbersk\u00fd proces a jeho z\u00e1v\u011bre\u010dn\u00e9 protokoly, pod\u00edl na perzekuci \u010desk\u00fdch vlastenc\u016f b\u011bhem n\u011bmeck\u00e9 okupace a vystaven\u00ed n\u00e1sil\u00ed do posledn\u00edch dn\u016f v\u00e1lky, kter\u00e1 skon\u010dila na na\u0161em \u00fazem\u00ed a tzv. \u201cpov\u00e1le\u010dn\u00e9\u201d individu\u00e1ln\u00ed n\u00e1silnosti na \u201cn\u011bmeck\u00e9m obyvatelstvu\u201d jist\u011b nelze od sebe odd\u011blovat. Tvo\u0159\u00ed jedno kontextov\u00e9 d\u011bjinn\u00e9 pole. O \u201cpov\u00e1le\u010dn\u00e9m n\u00e1sil\u00ed\u201d tedy z podstaty v\u011bci nem\u016f\u017eeme hovo\u0159it jako o n\u011bjak\u00e9m z \u010dista jasna proveden\u00e9m \u201czlo\u010dinu\u201d.<\/p>\n<p>Zaj\u00edmav\u00e1 doba. Padaj\u00ed sochy osvoboditel\u016f, zlo na v\u00fdchod\u011b, chystaj\u00edc\u00ed se na n\u00e1s vrhnout, op\u011bt vyvstalo a sudet\u0161t\u00ed N\u011bmci se t\u011b\u0161\u00ed na sv\u016fj sjezd v Brn\u011b a vyz\u00fdvaj\u00ed k dal\u0161\u00edmu usmi\u0159ov\u00e1n\u00ed a na\u0161i politici je zdrav\u00ed jako sv\u00e9 krajany.<\/p>\n<p><a href=\"https:\/\/www.czechfreepress.cz\/politika\/povalecny-zlocin-a-vyhnani-povalecny-zlocin-a-vyhnani-sudetonemecka-otazka-stale-ziva.html\">Ji\u0159\u00ed Krutina<\/a><\/p>\n<p><img decoding=\"async\" loading=\"lazy\" class=\"wp-image-80899 aligncenter\" src=\"http:\/\/www.infokuryr.cz\/n\/wp-content\/uploads\/2025\/06\/Vrabel-283x300.jpg\" alt=\"\" width=\"661\" height=\"701\" srcset=\"https:\/\/www.infokuryr.cz\/n\/wp-content\/uploads\/2025\/06\/Vrabel-283x300.jpg 283w, https:\/\/www.infokuryr.cz\/n\/wp-content\/uploads\/2025\/06\/Vrabel-966x1024.jpg 966w, https:\/\/www.infokuryr.cz\/n\/wp-content\/uploads\/2025\/06\/Vrabel-768x814.jpg 768w, https:\/\/www.infokuryr.cz\/n\/wp-content\/uploads\/2025\/06\/Vrabel-1024x1086.jpg 1024w, https:\/\/www.infokuryr.cz\/n\/wp-content\/uploads\/2025\/06\/Vrabel.jpg 1080w\" sizes=\"(max-width: 661px) 100vw, 661px\" \/><\/p>\n<p>&nbsp;<\/p>\n","protected":false},"excerpt":{"rendered":"<p>\u201cOdsun, nebo vyhn\u00e1n\u00ed, chcete-li, neza\u010dal roku 1945, ale rokem 1933 (n\u00e1stup nacist\u016f a A. Hitlera&#8230;<\/p>\n","protected":false},"author":2,"featured_media":18397,"comment_status":"closed","ping_status":"closed","sticky":false,"template":"","format":"standard","meta":[],"categories":[6],"tags":[398,1503,429,112],"_links":{"self":[{"href":"https:\/\/www.infokuryr.cz\/n\/wp-json\/wp\/v2\/posts\/81616"}],"collection":[{"href":"https:\/\/www.infokuryr.cz\/n\/wp-json\/wp\/v2\/posts"}],"about":[{"href":"https:\/\/www.infokuryr.cz\/n\/wp-json\/wp\/v2\/types\/post"}],"author":[{"embeddable":true,"href":"https:\/\/www.infokuryr.cz\/n\/wp-json\/wp\/v2\/users\/2"}],"replies":[{"embeddable":true,"href":"https:\/\/www.infokuryr.cz\/n\/wp-json\/wp\/v2\/comments?post=81616"}],"version-history":[{"count":0,"href":"https:\/\/www.infokuryr.cz\/n\/wp-json\/wp\/v2\/posts\/81616\/revisions"}],"wp:featuredmedia":[{"embeddable":true,"href":"https:\/\/www.infokuryr.cz\/n\/wp-json\/wp\/v2\/media\/18397"}],"wp:attachment":[{"href":"https:\/\/www.infokuryr.cz\/n\/wp-json\/wp\/v2\/media?parent=81616"}],"wp:term":[{"taxonomy":"category","embeddable":true,"href":"https:\/\/www.infokuryr.cz\/n\/wp-json\/wp\/v2\/categories?post=81616"},{"taxonomy":"post_tag","embeddable":true,"href":"https:\/\/www.infokuryr.cz\/n\/wp-json\/wp\/v2\/tags?post=81616"}],"curies":[{"name":"wp","href":"https:\/\/api.w.org\/{rel}","templated":true}]}}