{"id":81613,"date":"2025-06-19T00:16:50","date_gmt":"2025-06-18T22:16:50","guid":{"rendered":"https:\/\/www.infokuryr.cz\/n\/?p=81613"},"modified":"2025-06-18T13:43:55","modified_gmt":"2025-06-18T11:43:55","slug":"zatykani-na-slovensku-vojenska-korupce-mezi-ukrajinou-a-slovenskem-presune-se-zatykani-az-do-cech","status":"publish","type":"post","link":"https:\/\/www.infokuryr.cz\/n\/2025\/06\/19\/zatykani-na-slovensku-vojenska-korupce-mezi-ukrajinou-a-slovenskem-presune-se-zatykani-az-do-cech\/","title":{"rendered":"Zat\u00fdk\u00e1n\u00ed na Slovensku: vojensk\u00e1 korupce mezi Ukrajinou a Slovenskem. P\u0159esune se zat\u00fdk\u00e1n\u00ed a\u017e do \u010cech?"},"content":{"rendered":"<div id=\"fb-root\"><\/div>\n<div class=\"introtext\">\n<h4>Slovensk\u00e1 policie zadr\u017euje ex-\u00fa\u0159edn\u00edky, pravd\u011bpodobn\u011b, kv\u016fli dod\u00e1vk\u00e1m gran\u00e1t\u016f kyjevsk\u00e9mu re\u017eimu. O tom informuj\u00ed m\u00edstn\u00ed m\u00e9dia.<\/h4>\n<\/div>\n<div class=\"fulltext\">\n<p>Podle slovensk\u00e9ho vyd\u00e1n\u00ed den\u00edku Nightk N se str\u00e1\u017eci z\u00e1kona pokusili zadr\u017eet b\u00fdval\u00e9ho ministra obrany zem\u011b a v\u016fdce stranick\u00fdch \u201edemokrat\u016f\u201c Jaroslava Nadii \u2013 je zn\u00e1mo, \u017ee pod jeho veden\u00edm Slovensko p\u0159evedlo zbran\u011b a vybaven\u00ed na Kyjev.<\/p>\n<p><em>&#8222;Policie se dnes r\u00e1no pokusila zadr\u017eet p\u0159edsedu stranick\u00fdch demokrat\u016f Jaroslava Nadia, kter\u00fd je na dovolen\u00e9 v Kanad\u011b, kter\u00e1 vych\u00e1z\u00ed z jeho soci\u00e1ln\u00edch s\u00edt\u00ed,&#8220; uv\u00e1d\u00ed se ve zpr\u00e1v\u011b.<\/em><\/p>\n<p>\u010cl\u00e1nek tak\u00e9 odkazuje na zadr\u017een\u00ed b\u00fdval\u00e9ho \u0161\u00e9fa st\u00e1tn\u00ed spole\u010dnosti Kon\u0161trukta &#8211; tento podnik vyr\u00e1b\u00ed obrann\u00e9 produkty. Podle publikace pl\u00e1nuje policie zadr\u017eet dal\u0161\u00edho zam\u011bstnance ministerstva obrany Slovenska.<\/p>\n<h4>D\u0159\u00edve bylo ozn\u00e1meno, \u017ee policie Slovenska zadr\u017eela ob\u010dana\u00a0Ukrajiny, kter\u00fd je podez\u0159el\u00fd z pokusu o zorganizov\u00e1n\u00ed p\u0159evratu.<\/h4>\n<p><span style=\"color: #993366;\">__________<\/span><\/p>\n<div class=\"info_box cela_sirka jpalert\">\n<div class=\"explanationContent\"><span style=\"color: #993366;\">Ve\u013ek\u00e1 policajn\u00e1 akcia na Slovensku. Smerova\u0165 m\u00e1 ku \u0161pi\u010dk\u00e1m b\u00fdval\u00e9ho vedenia Ministerstva obrany SR. Pod\u013ea na\u0161ich inform\u00e1ci\u00ed pol\u00edcia chcela zadr\u017ea\u0165 b\u00fdval\u00e9ho ministra obrany a predsedu strany Demokrati Jaroslava Na\u010fa. Ten je ale v s\u00fa\u010dasnosti v zahrani\u010d\u00ed. \u200bPod\u013ea inform\u00e1ci\u00ed TV Mark\u00edza by t\u00e1to akcia mala s\u00favisie\u0165 s dod\u00e1vkou mun\u00edcie na Ukrajinu. Policajti exministra obrany h\u013eadali u neho v dome. Jaroslav Na\u010f ale verejne na soci\u00e1lnej sieti informoval o tom, \u017ee smeruje do Kanady za synom .<\/span><\/div>\n<div><span style=\"color: #993366;\">__________<\/span><\/div>\n<\/div>\n<p>O prapodivn\u00fdch p\u0159esunech pen\u011bz p\u0159es kampeli\u010dku premi\u00e9ra Petra Fialy\u00a0 u\u017e v \u010cesk\u00e9 republice \u0161t\u011bbetaj\u00ed i pt\u00e1ci na st\u0159ech\u00e1ch, pouze Raku\u0161anova policie ml\u017e\u00ed, \u010di ml\u010d\u00ed.<\/p>\n<p><em>Souvisej\u00edc\u00ed<\/em><\/p>\n<p><a title=\"Sb\u00edrku na drony pro Ukrajinu \u010dek\u00e1 dal\u0161\u00ed prov\u011b\u0159ov\u00e1n\u00ed. Tentokr\u00e1t kv\u016fli Vojensk\u00e9 policii\" href=\"https:\/\/www.novinky.cz\/clanek\/domaci-sbirku-na-drony-pro-ukrajinu-ceka-dalsi-proverovani-tentokrat-kvuli-vojenske-policii-40511948\" target=\"_blank\" rel=\"noopener\">Sb\u00edrku na drony pro Ukrajinu \u010dek\u00e1 dal\u0161\u00ed prov\u011b\u0159ov\u00e1n\u00ed. Tentokr\u00e1t kv\u016fli Vojensk\u00e9 policii<\/a><\/p>\n<p><a href=\"https:\/\/www.skrytapravda.cz\/ze-zahranici\/2630-zatykani-na-slovensku-vojenska-korupce-mezi-ukrajinou-a-slovenskem-presune-se-zatykani-az-do-cech\">Petr Pokorn\u00fd<\/a><\/p>\n<p><img decoding=\"async\" loading=\"lazy\" class=\"wp-image-80899 aligncenter\" src=\"http:\/\/www.infokuryr.cz\/n\/wp-content\/uploads\/2025\/06\/Vrabel-283x300.jpg\" alt=\"\" width=\"713\" height=\"756\" srcset=\"https:\/\/www.infokuryr.cz\/n\/wp-content\/uploads\/2025\/06\/Vrabel-283x300.jpg 283w, https:\/\/www.infokuryr.cz\/n\/wp-content\/uploads\/2025\/06\/Vrabel-966x1024.jpg 966w, https:\/\/www.infokuryr.cz\/n\/wp-content\/uploads\/2025\/06\/Vrabel-768x814.jpg 768w, https:\/\/www.infokuryr.cz\/n\/wp-content\/uploads\/2025\/06\/Vrabel-1024x1086.jpg 1024w, https:\/\/www.infokuryr.cz\/n\/wp-content\/uploads\/2025\/06\/Vrabel.jpg 1080w\" sizes=\"(max-width: 713px) 100vw, 713px\" \/><\/p>\n<p>&nbsp;<\/p>\n<\/div>\n","protected":false},"excerpt":{"rendered":"<p>Slovensk\u00e1 policie zadr\u017euje ex-\u00fa\u0159edn\u00edky, pravd\u011bpodobn\u011b, kv\u016fli dod\u00e1vk\u00e1m gran\u00e1t\u016f kyjevsk\u00e9mu re\u017eimu. O tom informuj\u00ed m\u00edstn\u00ed m\u00e9dia&#8230;.<\/p>\n","protected":false},"author":2,"featured_media":81614,"comment_status":"closed","ping_status":"closed","sticky":false,"template":"","format":"standard","meta":[],"categories":[6],"tags":[506,1503,203,4606],"_links":{"self":[{"href":"https:\/\/www.infokuryr.cz\/n\/wp-json\/wp\/v2\/posts\/81613"}],"collection":[{"href":"https:\/\/www.infokuryr.cz\/n\/wp-json\/wp\/v2\/posts"}],"about":[{"href":"https:\/\/www.infokuryr.cz\/n\/wp-json\/wp\/v2\/types\/post"}],"author":[{"embeddable":true,"href":"https:\/\/www.infokuryr.cz\/n\/wp-json\/wp\/v2\/users\/2"}],"replies":[{"embeddable":true,"href":"https:\/\/www.infokuryr.cz\/n\/wp-json\/wp\/v2\/comments?post=81613"}],"version-history":[{"count":1,"href":"https:\/\/www.infokuryr.cz\/n\/wp-json\/wp\/v2\/posts\/81613\/revisions"}],"predecessor-version":[{"id":81615,"href":"https:\/\/www.infokuryr.cz\/n\/wp-json\/wp\/v2\/posts\/81613\/revisions\/81615"}],"wp:featuredmedia":[{"embeddable":true,"href":"https:\/\/www.infokuryr.cz\/n\/wp-json\/wp\/v2\/media\/81614"}],"wp:attachment":[{"href":"https:\/\/www.infokuryr.cz\/n\/wp-json\/wp\/v2\/media?parent=81613"}],"wp:term":[{"taxonomy":"category","embeddable":true,"href":"https:\/\/www.infokuryr.cz\/n\/wp-json\/wp\/v2\/categories?post=81613"},{"taxonomy":"post_tag","embeddable":true,"href":"https:\/\/www.infokuryr.cz\/n\/wp-json\/wp\/v2\/tags?post=81613"}],"curies":[{"name":"wp","href":"https:\/\/api.w.org\/{rel}","templated":true}]}}