{"id":81610,"date":"2025-06-19T00:25:24","date_gmt":"2025-06-18T22:25:24","guid":{"rendered":"https:\/\/www.infokuryr.cz\/n\/?p=81610"},"modified":"2025-06-18T13:35:08","modified_gmt":"2025-06-18T11:35:08","slug":"andrew-korybko-britove-a-ukrajinci-planuji-manipulovat-s-trumpem-a-primet-ho-k-eskalaci-proti-rusku","status":"publish","type":"post","link":"https:\/\/www.infokuryr.cz\/n\/2025\/06\/19\/andrew-korybko-britove-a-ukrajinci-planuji-manipulovat-s-trumpem-a-primet-ho-k-eskalaci-proti-rusku\/","title":{"rendered":"Andrew Korybko: Britov\u00e9 a Ukrajinci pl\u00e1nuj\u00ed manipulovat s Trumpem a p\u0159im\u011bt ho k eskalaci proti Rusku"},"content":{"rendered":"<div id=\"fb-root\"><\/div>\n<p><strong>Podle rusk\u00fdch \u0161pion\u016f se v Baltsk\u00e9m mo\u0159i za t\u00edmto \u00fa\u010delem p\u0159ipravuj\u00ed dva sc\u00e9n\u00e1\u0159e pod fale\u0161nou vlajkou.<\/strong><\/p>\n<p>Rusk\u00e1 zahrani\u010dn\u00ed zpravodajsk\u00e1 slu\u017eba (SVR)\u00a0<a href=\"http:\/\/svr.gov.ru\/smi\/2025\/06\/ukraina-i-evropa-gotovyat-izoshchrennye-provokatsii-protiv-rossii.htm\">varovala\u00a0<\/a>, \u017ee Britov\u00e9 a Ukrajinci p\u0159ipravuj\u00ed v Baltsk\u00e9m mo\u0159i dva sc\u00e9n\u00e1\u0159e pod fale\u0161nou vlajkou. Prvn\u00ed by znamenal, \u017ee sov\u011btsko-rusk\u00e1 torp\u00e9da p\u0159epraven\u00e1 Ukrajinou exploduj\u00ed pobl\u00ed\u017e americk\u00e9 lodi a n\u00e1sledn\u011b by se zjistilo, \u017ee jedno z nich \u00fadajn\u011b nefunk\u010dn\u00ed torp\u00e9do usv\u011bd\u010d\u00ed Rusko z \u00fadajn\u00e9ho \u00fatoku. Druh\u00fd by se zam\u011b\u0159il na sov\u011btsko-rusk\u00e9 miny p\u0159epraven\u00e9 Ukrajinou, vyloven\u00e9 z Baltsk\u00e9ho mo\u0159e a prezentovan\u00e9 jako d\u016fkaz kremelsk\u00e9ho spiknut\u00ed s c\u00edlem sabotovat mezin\u00e1rodn\u00ed lodn\u00ed dopravu.<\/p>\n<p>Tyto proradn\u00e9 provokace jsou pou\u017e\u00edv\u00e1ny k manipulaci Trumpa a k eskalaci situace proti Rusku pot\u00e9, co ministr obrany Pete Hegseth v polovin\u011b \u00fanora\u00a0<a href=\"https:\/\/www.defense.gov\/News\/Speeches\/Speech\/Article\/4064113\/opening-remarks-by-secretary-of-defense-pete-hegseth-at-ukraine-defense-contact\/#:~:text=We%20want%2C%20like,line%20of%20contact.\">ozn\u00e1mil\u00a0<\/a>, \u017ee USA neposkytnou z\u00e1ruky vz\u00e1jemn\u00e9 obrany podle \u010dl\u00e1nku 5 jednotk\u00e1m zem\u00ed NATO, kter\u00e9 by mohly b\u00fdt nasazeny na Ukrajin\u011b. Tento sc\u00e9n\u00e1\u0159 byl p\u016fvodn\u011b pl\u00e1nov\u00e1n, aby ho p\u0159im\u011bl k odstoupen\u00ed od rozhovor\u016f s Putinem a n\u00e1sledn\u00e9mu zdvojn\u00e1soben\u00ed podpory Ukrajin\u011b, ale jeho t\u00fdm jej preventivn\u011b zhatil Hegsethov\u00fdm ozn\u00e1men\u00edm.<\/p>\n<p>Proto nyn\u00ed prob\u00edhaj\u00ed snahy o organizaci \u00fatoku pod fale\u0161nou vlajkou proti americk\u00e9 lodi v Baltsk\u00e9m mo\u0159i a\/nebo o vykreslen\u00ed Ruska jako hrozby pro mezin\u00e1rodn\u00ed lodn\u00ed dopravu prost\u0159ednictv\u00edm lovu ryb v jeho dolech. Baltsk\u00e9 mo\u0159e je ji\u017e takzvan\u00fdm \u201ejezerem NATO\u201c je\u0161t\u011b p\u0159edt\u00edm, ne\u017e Finsko a \u0160v\u00e9dsko vstoupily do NATO, vzhledem k jejich p\u0159edchoz\u00edmu st\u00ednov\u00e9mu \u010dlenstv\u00ed v bloku, tak\u017ee je nere\u00e1ln\u00e9, \u017ee by Rusko mohlo skute\u010dn\u011b prov\u00e9st kteroukoli z t\u011bchto dvou operac\u00ed nepozorovan\u011b, i kdyby cht\u011blo. Zde je n\u011bkolik z\u00e1kladn\u00edch informac\u00ed:<\/p>\n<p>* 11. b\u0159ezna: \u201e\u00a0<a href=\"https:\/\/korybko.substack.com\/p\/russian-spies-warn-that-the-uk-is\">Ru\u0161t\u00ed \u0161pioni varuj\u00ed, \u017ee se Spojen\u00e9 kr\u00e1lovstv\u00ed sna\u017e\u00ed sabotovat Trumpovo pl\u00e1novan\u00e9 \u201enov\u00e9 uvoln\u011bn\u00ed\u201c\u00a0<\/a>\u201c<\/p>\n<p>* 24. b\u0159ezna: \u201e\u00a0<a href=\"https:\/\/korybko.substack.com\/p\/putins-senior-aide-patrushev-shared\">Putin\u016fv hlavn\u00ed poradce Patru\u0161ev se pod\u011blil o novinky ohledn\u011b arktick\u00e9 a baltsk\u00e9 fronty\u00a0<\/a>\u201c<\/p>\n<p>* 22. dubna: \u201e\u00a0<a href=\"https:\/\/korybko.substack.com\/p\/estonia-might-become-europes-next\">Estonsko by se mohlo st\u00e1t dal\u0161\u00edm probl\u00e9mov\u00fdm m\u00edstem Evropy\u00a0<\/a>\u201c<\/p>\n<p>* 1. \u010dervna: \u201e\u00a0<a href=\"https:\/\/thealtworld.com\/andrew_korybko\/russias-military-build-up-along-the-finnish-border-will-likely-be-the-new-normal\">Hromad\u011bn\u00ed rusk\u00e9 arm\u00e1dy pod\u00e9l finsk\u00fdch hranic bude pravd\u011bpodobn\u011b nov\u00fdm norm\u00e1lem\u00a0<\/a>\u201c<\/p>\n<p>* 3. \u010dervna: \u201e\u00a0<a href=\"https:\/\/korybko.substack.com\/p\/the-russian-ukrainian-talks-are-at\">Rusko-ukrajinsk\u00e1 jedn\u00e1n\u00ed se dostala do slep\u00e9 uli\u010dky, kterou mohou prolomit pouze USA nebo hrub\u00e1 s\u00edla\u00a0<\/a>.\u201c<\/p>\n<p>Stru\u010dn\u011b \u0159e\u010deno, podrobn\u011b popisuj\u00ed kontextu\u00e1ln\u00ed v\u00fdvoj tohoto sc\u00e9n\u00e1\u0159e od p\u0159edchoz\u00edch varov\u00e1n\u00ed SVR o z\u00e1m\u011bru Spojen\u00e9ho kr\u00e1lovstv\u00ed sabotovat rusko-americk\u00e1 jedn\u00e1n\u00ed o Ukrajin\u011b a\u017e po motivy region\u00e1ln\u00edch akt\u00e9r\u016f (Estonska a Finska), kte\u0159\u00ed s t\u00edm souhlas\u00ed, a kon\u010d\u00edc\u00ed diplomatickou slepou uli\u010dkou, kter\u00e1 definuje dne\u0161n\u00ed stav v\u011bc\u00ed. Pokud USA nedonut\u00ed Ukrajinu k \u00fastupk\u016fm, kter\u00e9 Rusko po\u017eaduje pro m\u00edr, ale tak\u00e9 si od tohoto konfliktu neumyj\u00ed ruce, pak by m\u00edsto toho mohly zdvojn\u00e1sobit svou anga\u017eovanost.<\/p>\n<p>Rozumn\u00e1\u00a0<a href=\"https:\/\/korybko.substack.com\/p\/did-trump-know-about-ukraines-strategic\">spekulace\u00a0<\/a>, \u017ee Trump v\u011bd\u011bl o strategick\u00fdch \u00fatoc\u00edch bezpilotn\u00edch letoun\u016f Ukrajiny proti Rusku p\u0159edem, spolu s\u00a0<a href=\"https:\/\/korybko.substack.com\/p\/did-trump-really-deceive-iran-with\">nejnov\u011bj\u0161\u00edmi spekulacemi\u00a0<\/a>, \u017ee \u00cdr\u00e1n oklamal dvojakou diplomaci\u00ed, mu osobn\u011b p\u0159\u00edli\u0161 nebud\u00ed d\u016fv\u011bru, proto\u017ee by se do t\u011bchto pl\u00e1n\u016f pod fale\u0161nou vlajkou mohl zapojit i on. Navzdory Putinov\u011b laskavosti s Trumpem, kter\u00e1 se ned\u00e1vno projevila v jejich\u00a0<a href=\"http:\/\/en.kremlin.ru\/events\/president\/news\/77187\">posledn\u00edm telefon\u00e1tu\u00a0<\/a>, n\u011bkte\u0159\u00ed v Rusku za\u010d\u00ednaj\u00ed Trumpa podez\u0159\u00edvat z dvoj\u00edho jedn\u00e1n\u00ed.<\/p>\n<p>Je proto nezbytn\u00e9, aby se preventivn\u011b zav\u00e1zal k tomu, \u017ee v p\u0159\u00edpad\u011b, \u017ee by nastala n\u011bkter\u00e1 z t\u011bchto dvou situac\u00ed pod fale\u0161nou vlajkou, nedojde k eskalaci situace proti Rusku, stejn\u011b jako Hegseth preventivn\u011b zabr\u00e1nil nasazen\u00ed vojsk zem\u00ed NATO na Ukrajinu (alespo\u0148 prozat\u00edm) prohl\u00e1\u0161en\u00edm, \u017ee se na n\u011b \u010dl\u00e1nek 5 nevztahuje. Nen\u00ed jasn\u00e9, zda si Trump varov\u00e1n\u00ed SVR p\u0159e\u010detl, nebo zda se m\u016f\u017ee spolehnout na to, \u017ee ho o n\u011bm informuj\u00ed jeho poradci (pokud mu to Putin ji\u017e ne\u0159ekl), tak\u017ee si toho mo\u017en\u00e1 ani neuv\u011bdomuje, a mohl by b\u00fdt tak manipulov\u00e1n.<\/p>\n<p><a href=\"https:\/\/korybko.substack.com\/p\/the-brits-and-ukrainians-are-plotting\">Andrew Korybko, PhD<\/a><\/p>\n<p><img decoding=\"async\" loading=\"lazy\" class=\"alignnone  wp-image-22017\" src=\"http:\/\/www.infokuryr.cz\/n\/wp-content\/uploads\/2023\/01\/andrew-korybko-300x300.jpg\" alt=\"\" width=\"182\" height=\"182\" srcset=\"https:\/\/www.infokuryr.cz\/n\/wp-content\/uploads\/2023\/01\/andrew-korybko-300x300.jpg 300w, https:\/\/www.infokuryr.cz\/n\/wp-content\/uploads\/2023\/01\/andrew-korybko-150x150.jpg 150w, https:\/\/www.infokuryr.cz\/n\/wp-content\/uploads\/2023\/01\/andrew-korybko.jpg 400w\" sizes=\"(max-width: 182px) 100vw, 182px\" \/><\/p>\n<p>&nbsp;<\/p>\n","protected":false},"excerpt":{"rendered":"<p>Podle rusk\u00fdch \u0161pion\u016f se v Baltsk\u00e9m mo\u0159i za t\u00edmto \u00fa\u010delem p\u0159ipravuj\u00ed dva sc\u00e9n\u00e1\u0159e pod fale\u0161nou&#8230;<\/p>\n","protected":false},"author":2,"featured_media":81611,"comment_status":"closed","ping_status":"closed","sticky":false,"template":"","format":"standard","meta":[],"categories":[7],"tags":[1042,2262,2263,716,452,26,303],"_links":{"self":[{"href":"https:\/\/www.infokuryr.cz\/n\/wp-json\/wp\/v2\/posts\/81610"}],"collection":[{"href":"https:\/\/www.infokuryr.cz\/n\/wp-json\/wp\/v2\/posts"}],"about":[{"href":"https:\/\/www.infokuryr.cz\/n\/wp-json\/wp\/v2\/types\/post"}],"author":[{"embeddable":true,"href":"https:\/\/www.infokuryr.cz\/n\/wp-json\/wp\/v2\/users\/2"}],"replies":[{"embeddable":true,"href":"https:\/\/www.infokuryr.cz\/n\/wp-json\/wp\/v2\/comments?post=81610"}],"version-history":[{"count":0,"href":"https:\/\/www.infokuryr.cz\/n\/wp-json\/wp\/v2\/posts\/81610\/revisions"}],"wp:featuredmedia":[{"embeddable":true,"href":"https:\/\/www.infokuryr.cz\/n\/wp-json\/wp\/v2\/media\/81611"}],"wp:attachment":[{"href":"https:\/\/www.infokuryr.cz\/n\/wp-json\/wp\/v2\/media?parent=81610"}],"wp:term":[{"taxonomy":"category","embeddable":true,"href":"https:\/\/www.infokuryr.cz\/n\/wp-json\/wp\/v2\/categories?post=81610"},{"taxonomy":"post_tag","embeddable":true,"href":"https:\/\/www.infokuryr.cz\/n\/wp-json\/wp\/v2\/tags?post=81610"}],"curies":[{"name":"wp","href":"https:\/\/api.w.org\/{rel}","templated":true}]}}