{"id":81609,"date":"2025-06-19T00:24:11","date_gmt":"2025-06-18T22:24:11","guid":{"rendered":"https:\/\/www.infokuryr.cz\/n\/?p=81609"},"modified":"2025-06-18T13:30:49","modified_gmt":"2025-06-18T11:30:49","slug":"policie-patra-po-eritrejskem-migrantovi-obvinenem-ze-smrtelne-nozni-akce-ve-svycarsku","status":"publish","type":"post","link":"https:\/\/www.infokuryr.cz\/n\/2025\/06\/19\/policie-patra-po-eritrejskem-migrantovi-obvinenem-ze-smrtelne-nozni-akce-ve-svycarsku\/","title":{"rendered":"Policie p\u00e1tr\u00e1 po eritrejsk\u00e9m migrantovi obvin\u011bn\u00e9m ze smrteln\u00e9 no\u017en\u00ed akce ve \u0160v\u00fdcarsku"},"content":{"rendered":"<div id=\"fb-root\"><\/div>\n<h3 class=\"s-tagline fw-tagline\"><span>Osmn\u00e1ctilet\u00fd mu\u017e byl nalezen mrtv\u00fd v byt\u011b v Oberglattu po n\u00e1siln\u00e9 h\u00e1dce<\/span><\/h3>\n<p><span>\u0160v\u00fdcarsk\u00e1 policie p\u00e1tr\u00e1 po 27let\u00e9m eritrejsk\u00e9m migrantovi obvin\u011bn\u00e9m z toho, \u017ee v sobotu ve\u010der v byt\u011b v Oberglattu v Curychu smrteln\u011b pobodal 18let\u00e9ho krajana.<\/span><\/p>\n<p><span>Podez\u0159el\u00fd, kter\u00fd se \u00fadajn\u011b v zemi nach\u00e1z\u00ed neleg\u00e1ln\u011b, z m\u00edsta \u010dinu uprchl a je st\u00e1le na svobod\u011b.<\/span><\/p>\n<p><span>\u00da\u0159ady uvedly, \u017ee ob\u011b\u0165 byla nalezena v\u00e1\u017en\u011b zran\u011bn\u00e1 ve sd\u00edlen\u00e9m byt\u011b a navzdory \u00fasil\u00ed o z\u00e1chranu se ji nepoda\u0159ilo o\u017eivit. Nyn\u00ed prob\u00edh\u00e1 vy\u0161et\u0159ov\u00e1n\u00ed vra\u017edy a podez\u0159el\u00fd je hled\u00e1n pro vra\u017edu.<\/span><\/p>\n<p><span>Spolubydl\u00edc\u00ed ob\u011bti \u0159ekla serveru\u00a0<\/span><a href=\"https:\/\/www.20min.ch\/fr\/story\/oberglatt-zh-il-y-avait-du-sang-partout-et-il-etait-allonge-sur-le-sol-103365871\"><span>20 Minuten<\/span><\/a><span>\u00a0, \u017ee kr\u00e1tce p\u0159ed incidentem sly\u0161ela v\u00e1\u0161nivou h\u00e1dku. \u201eSly\u0161ela jsem n\u00e1silnou h\u00e1dku mezi n\u00edm a dal\u0161\u00ed osobou ve spole\u010dn\u00e9 kuchyni,\u201c \u0159ekla. Proto\u017ee oba mluvili sv\u00fdm rodn\u00fdm jazykem, nerozum\u011bla obsahu. Asi po 10 minut\u00e1ch \u00fadajn\u011b druh\u00fd mu\u017e byt opustil.<\/span><\/p>\n<p><span>Kdy\u017e vy\u0161la ze sv\u00e9ho pokoje, v\u0161imla si krve na podlaze u kuchy\u0148sk\u00fdch dve\u0159\u00ed. \u201eCht\u011bla jsem j\u00edt dovnit\u0159, ale dve\u0159e byly zav\u0159en\u00e9. Zaklepala jsem, ale nikdo neotev\u0159el. Nikdo se neozval,\u201c \u0159ekla. Kdy\u017e se zven\u010d\u00ed pod\u00edvala oknem, uvid\u011bla ob\u011b\u0165 nehybn\u011b le\u017eet na podlaze uprost\u0159ed kalu\u017ee krve a okam\u017eit\u011b zavolala policii.<\/span><\/p>\n<p><span>Forenzn\u00ed vy\u0161et\u0159ovatel\u00e9 na m\u00edst\u011b \u010dinu zajistili stopy a \u00fadajn\u011b vra\u017eednou zbra\u0148, a\u010dkoli policie zat\u00edm neup\u0159esnila, o jak\u00fd druh zbran\u011b se jednalo. Motiv vra\u017edy z\u016fst\u00e1v\u00e1 nejasn\u00fd.<\/span><\/p>\n<p><span>\u010ctvr\u0165, obvykle popisovan\u00e1 jako klidn\u00e1 a soudr\u017en\u00e1, byla n\u00e1sil\u00edm ot\u0159esena. \u201eKdy\u017e v\u00edte, \u017ee pachatel \u010dinu je st\u00e1le na svobod\u011b, nem\u016f\u017eete se s klidem proch\u00e1zet,\u201c \u0159ekl jeden znepokojen\u00fd obyvatel \u0161v\u00fdcarsk\u00e9mu zpravodajsk\u00e9mu serveru. Dal\u0161\u00ed dodal: \u201eTady se v\u0161ichni znaj\u00ed, v\u0161ichni se zdrav\u00ed,\u201c s t\u00edm, \u017ee p\u0159ed \u00fatokem se nic nezd\u00e1lo neobvykl\u00e9.<\/span><\/p>\n<p><span>Cury\u0161sk\u00e1 kanton\u00e1ln\u00ed policie potvrdila, \u017ee vy\u0161et\u0159ov\u00e1n\u00ed prob\u00edh\u00e1 a pokra\u010duje v p\u00e1tr\u00e1n\u00ed po uprchl\u00edku.<\/span><\/p>\n<p><img decoding=\"async\" loading=\"lazy\" class=\"alignnone size-full wp-image-1185\" src=\"http:\/\/www.infokuryr.cz\/n\/wp-content\/uploads\/2021\/04\/kuryr-podpis.png\" alt=\"\" width=\"84\" height=\"24\" \/><\/p>\n<p>&nbsp;<\/p>\n","protected":false},"excerpt":{"rendered":"<p>Osmn\u00e1ctilet\u00fd mu\u017e byl nalezen mrtv\u00fd v byt\u011b v Oberglattu po n\u00e1siln\u00e9 h\u00e1dce \u0160v\u00fdcarsk\u00e1 policie p\u00e1tr\u00e1&#8230;<\/p>\n","protected":false},"author":2,"featured_media":37718,"comment_status":"closed","ping_status":"closed","sticky":false,"template":"","format":"standard","meta":[],"categories":[7],"tags":[551,86,7116,184],"_links":{"self":[{"href":"https:\/\/www.infokuryr.cz\/n\/wp-json\/wp\/v2\/posts\/81609"}],"collection":[{"href":"https:\/\/www.infokuryr.cz\/n\/wp-json\/wp\/v2\/posts"}],"about":[{"href":"https:\/\/www.infokuryr.cz\/n\/wp-json\/wp\/v2\/types\/post"}],"author":[{"embeddable":true,"href":"https:\/\/www.infokuryr.cz\/n\/wp-json\/wp\/v2\/users\/2"}],"replies":[{"embeddable":true,"href":"https:\/\/www.infokuryr.cz\/n\/wp-json\/wp\/v2\/comments?post=81609"}],"version-history":[{"count":0,"href":"https:\/\/www.infokuryr.cz\/n\/wp-json\/wp\/v2\/posts\/81609\/revisions"}],"wp:featuredmedia":[{"embeddable":true,"href":"https:\/\/www.infokuryr.cz\/n\/wp-json\/wp\/v2\/media\/37718"}],"wp:attachment":[{"href":"https:\/\/www.infokuryr.cz\/n\/wp-json\/wp\/v2\/media?parent=81609"}],"wp:term":[{"taxonomy":"category","embeddable":true,"href":"https:\/\/www.infokuryr.cz\/n\/wp-json\/wp\/v2\/categories?post=81609"},{"taxonomy":"post_tag","embeddable":true,"href":"https:\/\/www.infokuryr.cz\/n\/wp-json\/wp\/v2\/tags?post=81609"}],"curies":[{"name":"wp","href":"https:\/\/api.w.org\/{rel}","templated":true}]}}