{"id":81589,"date":"2025-06-19T00:13:05","date_gmt":"2025-06-18T22:13:05","guid":{"rendered":"https:\/\/www.infokuryr.cz\/n\/?p=81589"},"modified":"2025-06-18T12:45:09","modified_gmt":"2025-06-18T10:45:09","slug":"brusel-varuje-slovensko-pred-ustavni-zmenou-jejimz-cilem-je-prepsat-pravo-eu","status":"publish","type":"post","link":"https:\/\/www.infokuryr.cz\/n\/2025\/06\/19\/brusel-varuje-slovensko-pred-ustavni-zmenou-jejimz-cilem-je-prepsat-pravo-eu\/","title":{"rendered":"Brusel varuje Slovensko p\u0159ed \u00fastavn\u00ed zm\u011bnou, jej\u00edm\u017e c\u00edlem je p\u0159epsat pr\u00e1vo EU"},"content":{"rendered":"<div id=\"fb-root\"><\/div>\n<h3 class=\"s-tagline fw-tagline\"><span>Navrhovan\u00e1 novela vl\u00e1dy Roberta Fica chce zabr\u00e1nit Bruselu v zasahov\u00e1n\u00ed do kulturn\u00edch hodnot na Slovensku, Evropsk\u00e1 komise v\u0161ak tvrd\u00ed, \u017ee tento krok ohro\u017euje pr\u00e1vn\u00ed nad\u0159azenost pr\u00e1va EU<\/span><\/h3>\n<p><span>Evropsk\u00e1 komise vydala varov\u00e1n\u00ed Slovensku, v n\u011bm\u017e prohl\u00e1sila, \u017ee navrhovan\u00e9 \u00fastavn\u00ed zm\u011bny podporovan\u00e9 vl\u00e1dou premi\u00e9ra Roberta Fica by poru\u0161ily pr\u00e1vo Evropsk\u00e9 unie, proto\u017ee by se pokou\u0161ely pop\u0159\u00edt nad\u0159azenost pravidel EU nad vnitrost\u00e1tn\u00edmi pr\u00e1vn\u00edmi p\u0159edpisy.<\/span><\/p>\n<p><span>V dopise, kter\u00fd zve\u0159ejnila opozi\u010dn\u00ed liber\u00e1ln\u00ed poslankyn\u011b M\u00e1ria Kol\u00edkov\u00e1 a o kter\u00e9m poprv\u00e9 informovala\u00a0<\/span><a href=\"https:\/\/www.teraz.sk\/slovensko\/kolikova-zmena-ustavy-znamena-poru\/886460-clanok.html?utm_source=teraz&amp;utm_medium=organic&amp;utm_campaign=click&amp;utm_content=.%253BsSlovensko\"><span>TASR<\/span><\/a><span>\u00a0, evropsk\u00fd komisa\u0159 pro spravedlnost Michael McGrath uvedl, \u017ee navrhovan\u00e9 zm\u011bny \u010dl\u00e1nku 7 slovensk\u00e9 \u00fastavy \u201evyvol\u00e1vaj\u00ed obavy v souvislosti s principy nad\u0159azenosti evropsk\u00e9ho pr\u00e1va\u201c.<\/span><\/p>\n<p><span>Jasn\u011b uvedl, \u017ee z\u00e1sada, \u017ee pr\u00e1vo EU m\u00e1 p\u0159ednost p\u0159ed koliduj\u00edc\u00edm vnitrost\u00e1tn\u00edm pr\u00e1vem, nen\u00ed p\u0159edm\u011btem vyjedn\u00e1v\u00e1n\u00ed.<\/span><\/p>\n<p><span>Kol\u00edkov\u00e1 kontaktovala Komisi pot\u00e9, co ministr spravedlnosti Boris Susko z Ficovy strany Sm\u011br-SD odm\u00edtl informovat parlament o postoji EU k \u00fastavn\u00ed novele. Obvinila vl\u00e1du, \u017ee p\u0159ed z\u00e1konod\u00e1rci taj\u00ed nesouhlas Bruselu.<\/span><\/p>\n<p><span>Zm\u011bny, kter\u00e9 pro\u0161ly prvn\u00edm \u010dten\u00edm v dubnu, by zakotvily gender jako bin\u00e1rn\u00ed, tj. mu\u017ee a \u017eenu, a stanovily by, \u017ee d\u011bti si mohou adoptovat pouze man\u017eelsk\u00e9 p\u00e1ry. Novela se tak\u00e9 sna\u017e\u00ed pos\u00edlit rodi\u010dovskou autoritu ve vzd\u011bl\u00e1v\u00e1n\u00ed, aby se odrazila progresivn\u00ed pro-LGBT ideologie ve \u0161kol\u00e1ch, a zakotvit rovn\u00e9 odm\u011b\u0148ov\u00e1n\u00ed mu\u017e\u016f a \u017een.<\/span><\/p>\n<p><span>Nejkontroverzn\u011bj\u0161\u00ed klauzule v\u0161ak tvrd\u00ed, \u017ee pr\u00e1vo EU nem\u016f\u017ee m\u00edt p\u0159ednost p\u0159ed slovenskou \u00fastavou v \u201ehodnotov\u00fdch, kulturn\u00edch a etick\u00fdch ot\u00e1zk\u00e1ch\u201c.<\/span><\/p>\n<p><span>Poslanci K\u0159es\u0165anskodemokratick\u00e9ho hnut\u00ed (KDH) a K\u0159es\u0165ansk\u00e9 unie (K\u00da), kte\u0159\u00ed jsou sice sou\u010d\u00e1st\u00ed opozice, ale v ot\u00e1zce kulturn\u00edch hodnot se shoduj\u00ed na vl\u00e1d\u011b, \u00fadajn\u011b ji\u017e ozn\u00e1mili podporu novele pot\u00e9, co vyjednali pro n\u011b p\u0159ijateln\u00e9 zn\u011bn\u00ed.<\/span><\/p>\n<p><span>Fico novelu formuloval jako nezbytnou obranu n\u00e1rodn\u00ed identity a konzervativn\u00edch hodnot. Za\u010d\u00e1tkem tohoto roku prohl\u00e1sil, \u017ee \u201epokud \u00fastava stanov\u00ed, \u017ee man\u017eelstv\u00ed je mezi mu\u017eem a \u017eenou, \u017e\u00e1dn\u00fd p\u0159edpis to nem\u016f\u017ee p\u0159epsat.\u201c<\/span><\/p>\n<p><span>Komise v\u0161ak odm\u00edt\u00e1 ustoupit, co\u017e by mohlo v\u00e9st k dal\u0161\u00edmu sporu mezi Bruselem a Bratislavou. McGrath zd\u016fraznil, \u017ee nad\u0159azenost pr\u00e1va EU je pro blok z\u00e1kladem. \u201eO nad\u0159azenosti pr\u00e1va EU se nediskutuje,\u201c \u0159ekl.<\/span><\/p>\n<p><img decoding=\"async\" loading=\"lazy\" class=\"alignnone size-full wp-image-1185\" src=\"http:\/\/www.infokuryr.cz\/n\/wp-content\/uploads\/2021\/04\/kuryr-podpis.png\" alt=\"\" width=\"84\" height=\"24\" \/><\/p>\n<p>&nbsp;<\/p>\n","protected":false},"excerpt":{"rendered":"<p>Navrhovan\u00e1 novela vl\u00e1dy Roberta Fica chce zabr\u00e1nit Bruselu v zasahov\u00e1n\u00ed do kulturn\u00edch hodnot na Slovensku,&#8230;<\/p>\n","protected":false},"author":2,"featured_media":31275,"comment_status":"closed","ping_status":"closed","sticky":false,"template":"","format":"standard","meta":[],"categories":[7],"tags":[640,41,203,48,1402,58],"_links":{"self":[{"href":"https:\/\/www.infokuryr.cz\/n\/wp-json\/wp\/v2\/posts\/81589"}],"collection":[{"href":"https:\/\/www.infokuryr.cz\/n\/wp-json\/wp\/v2\/posts"}],"about":[{"href":"https:\/\/www.infokuryr.cz\/n\/wp-json\/wp\/v2\/types\/post"}],"author":[{"embeddable":true,"href":"https:\/\/www.infokuryr.cz\/n\/wp-json\/wp\/v2\/users\/2"}],"replies":[{"embeddable":true,"href":"https:\/\/www.infokuryr.cz\/n\/wp-json\/wp\/v2\/comments?post=81589"}],"version-history":[{"count":0,"href":"https:\/\/www.infokuryr.cz\/n\/wp-json\/wp\/v2\/posts\/81589\/revisions"}],"wp:featuredmedia":[{"embeddable":true,"href":"https:\/\/www.infokuryr.cz\/n\/wp-json\/wp\/v2\/media\/31275"}],"wp:attachment":[{"href":"https:\/\/www.infokuryr.cz\/n\/wp-json\/wp\/v2\/media?parent=81589"}],"wp:term":[{"taxonomy":"category","embeddable":true,"href":"https:\/\/www.infokuryr.cz\/n\/wp-json\/wp\/v2\/categories?post=81589"},{"taxonomy":"post_tag","embeddable":true,"href":"https:\/\/www.infokuryr.cz\/n\/wp-json\/wp\/v2\/tags?post=81589"}],"curies":[{"name":"wp","href":"https:\/\/api.w.org\/{rel}","templated":true}]}}