{"id":81585,"date":"2025-06-19T00:11:06","date_gmt":"2025-06-18T22:11:06","guid":{"rendered":"https:\/\/www.infokuryr.cz\/n\/?p=81585"},"modified":"2025-06-18T12:18:30","modified_gmt":"2025-06-18T10:18:30","slug":"thomas-roper-summit-g7-selhal","status":"publish","type":"post","link":"https:\/\/www.infokuryr.cz\/n\/2025\/06\/19\/thomas-roper-summit-g7-selhal\/","title":{"rendered":"Thomas R\u00f6per: Summit G7 selhal"},"content":{"rendered":"<div id=\"fb-root\"><\/div>\n<p><strong><span>Zd\u00e1 se, \u017ee summit G7 v Kanad\u011b skon\u010dil bezv\u00fdsledn\u011b, a proto selhal. Americk\u00fd prezident Trump dokonce ne\u010dekan\u011b p\u0159ed\u010dasn\u011b ode\u0161el.<\/span><\/strong><\/p>\n<p><span>G7 je anachronismem z minul\u00e9ho stolet\u00ed, proto\u017ee \u201enejv\u011bt\u0161\u00ed pr\u016fmyslov\u00e9 n\u00e1rody sv\u011bta\u201c, kter\u00e9 jsou v n\u00ed zastoupeny, jimi u\u017e d\u00e1vno nejsou. Na z\u00e1klad\u011b ekonomick\u00e9 s\u00edly by se G7, shrom\u00e1\u017ed\u011bn\u00ed sedmi nejv\u011bt\u0161\u00edch ekonomik, dnes m\u011blo skl\u00e1dat z dal\u0161\u00edch zem\u00ed. Na z\u00e1klad\u011b nomin\u00e1ln\u00edho HDP by to v sou\u010dasnosti byly USA, \u010c\u00edna, N\u011bmecko, Japonsko, Indie, Velk\u00e1 Brit\u00e1nie a Francie.<\/span><\/p>\n<p><span>Jeliko\u017e v\u0161ak nomin\u00e1ln\u00ed HDP nen\u00ed vhodn\u00fd pro srovn\u00e1n\u00ed r\u016fzn\u00fdch ekonomik (d\u016fvody naleznete\u00a0<\/span><a href=\"https:\/\/anti-spiegel.ru\/2024\/russland-ist-laut-weltbank-auf-platz-4-der-groessten-volkswirtschaften-aufgestiegen\/\"><span>zde<\/span><\/a><span>\u00a0), muselo by se pro srovn\u00e1n\u00ed pou\u017e\u00edt HDP v parit\u011b kupn\u00ed s\u00edly. Pak by dnes G7 tvo\u0159ily \u010c\u00edna, USA, Rusko, Japonsko, N\u011bmecko a Braz\u00edlie.<\/span><\/p>\n<p><span>V souladu s t\u00edm se sch\u016fzk\u00e1m G7, kter\u00e9 de facto nejsou ni\u010d\u00edm jin\u00fdm ne\u017e dal\u0161\u00ed politickou alianc\u00ed z\u00e1padn\u00edch st\u00e1t\u016f, v\u011bnuje st\u00e1le men\u0161\u00ed mezin\u00e1rodn\u00ed pozornost, p\u0159esto\u017ee o nich n\u011bmeck\u00e1 m\u00e9dia v\u017edy informuj\u00ed, jako by \u0161lo o jednu z nejd\u016fle\u017eit\u011bj\u0161\u00edch sv\u011btov\u00fdch instituc\u00ed, a\u010dkoli nap\u0159\u00edklad BRICS G7 d\u00e1vno p\u0159edb\u011bhly, proto\u017ee jsou ekonomicky siln\u011bj\u0161\u00ed ne\u017e G7 a tak\u00e9 zastupuj\u00ed mnohem v\u00edce lid\u00ed.<\/span><\/p>\n<h3 class=\"wp-block-heading\"><span>Trump chce zp\u011bt G8<\/span><\/h3>\n<p><span>Kdy\u017e americk\u00fd prezident Trump dorazil na summit G7 v Kanad\u011b, jasn\u011b vyj\u00e1d\u0159il sv\u00e9 n\u00e1zory na G7. B\u011bhem uv\u00edtac\u00edho ceremoni\u00e1lu kanadsk\u00fdm premi\u00e9rem Trump vysv\u011btlil, \u017ee G7 se d\u0159\u00edve naz\u00fdvala G8 a \u017ee vylou\u010den\u00ed Ruska z klubu bylo chybou. Dodal tak\u00e9, \u017ee si dovede dob\u0159e p\u0159edstavit, \u017ee by se k n\u00ed p\u0159ipojila i \u010c\u00edna. Trump to ozna\u010dil za \u201eskv\u011bl\u00fd n\u00e1pad\u201c.<\/span><\/p>\n<p><span>Pot\u00e9 se konalo n\u011bkolik setk\u00e1n\u00ed hlav st\u00e1t\u016f a vl\u00e1d, na kter\u00fdch Trump \u00fadajn\u011b v\u00edce naslouchal tomu, co mu bylo \u0159e\u010deno, co\u017e vedlo francouzsk\u00e9ho prezidenta Macrona k prohl\u00e1\u0161en\u00ed, \u017ee nabyl dojmu, \u017ee Trump se nebr\u00e1n\u00ed dal\u0161\u00edm sankc\u00edm proti Rusku.<\/span><\/p>\n<p><span>Trump v\u0161ak pozd\u011bji jasn\u011b uvedl, co si o Macronovi a jeho v\u00fdroc\u00edch mysl\u00ed, jak brzy uvid\u00edme.<\/span><\/p>\n<h3 class=\"wp-block-heading\"><span>Trump odch\u00e1z\u00ed p\u0159ed\u010dasn\u011b a ost\u0159e kritizuje Macrona<\/span><\/h3>\n<p><span>Pot\u00e9, co Trump p\u016fvodn\u011b prohl\u00e1sil, \u017ee na summitu z\u016fstane a\u017e do konce, si to pak rozmyslel.\u00a0<\/span><a href=\"https:\/\/x.com\/PressSec\/status\/1934755141082861736\"><span>Jeho mluv\u010d\u00ed na X napsala<\/span><\/a><span>\u00a0:<\/span><\/p>\n<p><em>\u201ePrezident Trump m\u011bl na summitu G7 skv\u011bl\u00fd den a dokonce podepsal v\u00fdznamnou obchodn\u00ed dohodu se Spojen\u00fdm kr\u00e1lovstv\u00edm a premi\u00e9rem Keirem Starmerem. Poda\u0159ilo se toho hodn\u011b, ale kv\u016fli ud\u00e1lostem na Bl\u00edzk\u00e9m v\u00fdchod\u011b prezident Trump dnes ve\u010der po ve\u010de\u0159i s l\u00eddry odjede.\u201c<\/em><\/p>\n<p><span>Je zaj\u00edmav\u00e9, \u017ee ministr zahrani\u010d\u00ed Rubio, kter\u00fd je v sou\u010dasnosti tak\u00e9 \u0161\u00e9fem Rady n\u00e1rodn\u00ed bezpe\u010dnosti v B\u00edl\u00e9m dom\u011b, summit opustil spolu s Trumpem. To znamen\u00e1, \u017ee USA jsou nyn\u00ed na summitu p\u0159edn\u00edch z\u00e1padn\u00edch mocnost\u00ed zastoupeny pouze druho\u0159ad\u00fdmi \u00fa\u0159edn\u00edky.<\/span><\/p>\n<p><span>Trump n\u00e1sledn\u011b zve\u0159ejnil sv\u00e9 n\u00e1zory na evropsk\u00e9 politiky v p\u0159\u00edsp\u011bvku na sv\u00e9 s\u00edti TruthSocial. Francouzsk\u00fd prezident Macron se c\u00edtil nucen ve\u0159ejn\u011b spekulovat o Trumpov\u011b brzk\u00e9m odchodu a \u0161\u00ed\u0159it f\u00e1mu, \u017ee Trump ode\u0161el, aby zprost\u0159edkoval p\u0159\u00edm\u011b\u0159\u00ed mezi Izraelem a \u00cdr\u00e1nem.\u00a0<\/span><a href=\"https:\/\/truthsocial.com\/@realDonaldTrump\/posts\/114696999897040583\"><span>Trump reagoval n\u00e1sledovn\u011b<\/span><\/a><span>\u00a0:<\/span><\/p>\n<p><em>\u201eFrancouzsk\u00fd prezident Emmanuel Macron, usiluj\u00edc\u00ed o publicitu, fale\u0161n\u011b tvrdil, \u017ee jsem opustil summit G7 v Kanad\u011b, abych se vr\u00e1til do Washingtonu a pracoval na p\u0159\u00edm\u011b\u0159\u00ed mezi Izraelem a \u00cdr\u00e1nem. Chyba! Nem\u00e1 tu\u0161en\u00ed, pro\u010d jsem te\u010f na cest\u011b do Washingtonu, ale tohle rozhodn\u011b nem\u00e1 nic spole\u010dn\u00e9ho s p\u0159\u00edm\u011b\u0159\u00edm. Je to mnohem v\u011bt\u0161\u00ed ne\u017e to. A\u0165 u\u017e \u00famysln\u011b, nebo ne, Emmanuel se v\u017edycky m\u00fdl\u00ed. Z\u016fsta\u0148te nalad\u011bni!\u201c<\/em><\/p>\n<p><span>Pokud Trump neode\u0161el kv\u016fli p\u0159\u00edm\u011b\u0159\u00ed na Bl\u00edzk\u00e9m v\u00fdchod\u011b, pak je rozumn\u00e9 p\u0159edpokl\u00e1dat, \u017ee by se mohlo jednat sp\u00ed\u0161e o vstup USA do v\u00e1lky. To podporuje i fakt, \u017ee s n\u00edm ode\u0161el i jeho ministr zahrani\u010d\u00ed, kter\u00fd je, jak ji\u017e bylo zm\u00edn\u011bno, v sou\u010dasnosti tak\u00e9 poradcem pro n\u00e1rodn\u00ed bezpe\u010dnost.<\/span><\/p>\n<p><span>Zat\u00edm nen\u00ed zn\u00e1mo, zda po summitu bude vyd\u00e1no spole\u010dn\u00e9 z\u00e1v\u011bre\u010dn\u00e9 prohl\u00e1\u0161en\u00ed. Ale na z\u00e1klad\u011b p\u0159edchoz\u00edch zpr\u00e1v je nepravd\u011bpodobn\u00e9, \u017ee by spole\u010dn\u00e9 prohl\u00e1\u0161en\u00ed obsahovalo cokoli o Ukrajin\u011b. Uvid\u00edme.<\/span><\/p>\n<p><a href=\"https:\/\/anti-spiegel.ru\/2025\/der-g7-gipfel-ist-gescheitert\/\">Thomas R\u00f6per<\/a><\/p>\n<p><img decoding=\"async\" loading=\"lazy\" class=\"alignnone  wp-image-22016\" src=\"http:\/\/www.infokuryr.cz\/n\/wp-content\/uploads\/2023\/01\/Thomas-Roper-298x300.jpg\" alt=\"\" width=\"132\" height=\"133\" srcset=\"https:\/\/www.infokuryr.cz\/n\/wp-content\/uploads\/2023\/01\/Thomas-Roper-298x300.jpg 298w, https:\/\/www.infokuryr.cz\/n\/wp-content\/uploads\/2023\/01\/Thomas-Roper-150x150.jpg 150w, https:\/\/www.infokuryr.cz\/n\/wp-content\/uploads\/2023\/01\/Thomas-Roper.jpg 596w\" sizes=\"(max-width: 132px) 100vw, 132px\" \/><\/p>\n<p>&nbsp;<\/p>\n","protected":false},"excerpt":{"rendered":"<p>Zd\u00e1 se, \u017ee summit G7 v Kanad\u011b skon\u010dil bezv\u00fdsledn\u011b, a proto selhal. Americk\u00fd prezident Trump&#8230;<\/p>\n","protected":false},"author":2,"featured_media":81586,"comment_status":"closed","ping_status":"closed","sticky":false,"template":"","format":"standard","meta":[],"categories":[7],"tags":[323,1503,2521,452],"_links":{"self":[{"href":"https:\/\/www.infokuryr.cz\/n\/wp-json\/wp\/v2\/posts\/81585"}],"collection":[{"href":"https:\/\/www.infokuryr.cz\/n\/wp-json\/wp\/v2\/posts"}],"about":[{"href":"https:\/\/www.infokuryr.cz\/n\/wp-json\/wp\/v2\/types\/post"}],"author":[{"embeddable":true,"href":"https:\/\/www.infokuryr.cz\/n\/wp-json\/wp\/v2\/users\/2"}],"replies":[{"embeddable":true,"href":"https:\/\/www.infokuryr.cz\/n\/wp-json\/wp\/v2\/comments?post=81585"}],"version-history":[{"count":0,"href":"https:\/\/www.infokuryr.cz\/n\/wp-json\/wp\/v2\/posts\/81585\/revisions"}],"wp:featuredmedia":[{"embeddable":true,"href":"https:\/\/www.infokuryr.cz\/n\/wp-json\/wp\/v2\/media\/81586"}],"wp:attachment":[{"href":"https:\/\/www.infokuryr.cz\/n\/wp-json\/wp\/v2\/media?parent=81585"}],"wp:term":[{"taxonomy":"category","embeddable":true,"href":"https:\/\/www.infokuryr.cz\/n\/wp-json\/wp\/v2\/categories?post=81585"},{"taxonomy":"post_tag","embeddable":true,"href":"https:\/\/www.infokuryr.cz\/n\/wp-json\/wp\/v2\/tags?post=81585"}],"curies":[{"name":"wp","href":"https:\/\/api.w.org\/{rel}","templated":true}]}}