{"id":81580,"date":"2025-06-18T05:42:30","date_gmt":"2025-06-18T03:42:30","guid":{"rendered":"https:\/\/www.infokuryr.cz\/n\/?p=81580"},"modified":"2025-06-18T05:42:30","modified_gmt":"2025-06-18T03:42:30","slug":"g7-kvuli-postoji-usa-zrusila-spolecne-prohlaseni-o-ukrajine","status":"publish","type":"post","link":"https:\/\/www.infokuryr.cz\/n\/2025\/06\/18\/g7-kvuli-postoji-usa-zrusila-spolecne-prohlaseni-o-ukrajine\/","title":{"rendered":"G7 kv\u016fli postoji USA zru\u0161ila spole\u010dn\u00e9 prohl\u00e1\u0161en\u00ed o Ukrajin\u011b"},"content":{"rendered":"<div id=\"fb-root\"><\/div>\n<p class=\"lead\"><strong>Hlavy zem\u00ed G7 byly nuceny b\u011bhem summitu v Kanad\u011b upustit od spole\u010dn\u00e9ho prohl\u00e1\u0161en\u00ed o Ukrajin\u011b kv\u016fli n\u00e1mitk\u00e1m Spojen\u00fdch st\u00e1t\u016f. O tom 17. \u010dervna informovala agentura Reuters s odvol\u00e1n\u00edm na kanadsk\u00e9ho \u00fa\u0159edn\u00edka.<\/strong><\/p>\n<p><em>\u201eKanada kv\u016fli odporu Spojen\u00fdch st\u00e1t\u016f upustila od pl\u00e1n\u016f na prohl\u00e1\u0161en\u00ed G7 k v\u00e1lce na Ukrajin\u011b.\u201c<span class=\"after-quote\">\u00a0\u2014 uv\u00e1d\u00ed publikace.<\/span><\/em><\/p>\n<p><span>Agentura Bloomberg 17. \u010dervna s odvol\u00e1n\u00edm na zdroj informovala, \u017ee l\u00edd\u0159i zem\u00ed G7 jsou zklam\u00e1ni z toho, \u017ee se jim nepoda\u0159ilo p\u0159esv\u011bd\u010dit americk\u00e9ho prezidenta\u00a0<\/span><strong><span>Donalda Trumpa<\/span><\/strong><span>\u00a0k zp\u0159\u00edsn\u011bn\u00ed sankc\u00ed proti Rusku.<\/span><\/p>\n<h2>Zelenskyj p\u0159ed\u010dasn\u011b opou\u0161t\u00ed summit G7<br \/>\n<img decoding=\"async\" class=\"aligncenter\" src=\"https:\/\/img6.eadaily.com\/c650x400\/o\/51d\/5cc0268ba2c5aa93e9fbcd83c4e32.jpeg\" \/><\/h2>\n<div class=\"news-text-body\">\n<p class=\"lead\"><strong>Volodymyr Zelenskyj zkr\u00e1til svou n\u00e1v\u0161t\u011bvu Kanady kv\u016fli summitu G7, informovaly servery Obshchestvennoye a CBC News s odvol\u00e1n\u00edm na sv\u00e9 zdroje. M\u00ed\u0159\u00ed na Ukrajinu.<\/strong><\/p>\n<p><span>Podle televizn\u00edho kan\u00e1lu se tak stalo na pozad\u00ed no\u010dn\u00edch \u00fatok\u016f na Kyjev a rozhodnut\u00ed americk\u00e9ho prezidenta\u00a0<\/span><strong><span>Donalda Trumpa<\/span><\/strong><span>\u00a0p\u0159ed\u010dasn\u011b opustit summit.<\/span><\/p>\n<p><span>Summit G7 se konal od 15. do 17. \u010dervna v Kanad\u011b. V \u00fater\u00fd 17. \u010dervna se m\u011bla uskute\u010dnit sch\u016fzka Zelensk\u00e9ho a Trumpa. Den p\u0159edt\u00edm se v\u0161ak americk\u00fd prezident rozhodl summit p\u0159ed\u010dasn\u011b opustit a vr\u00e1tit se do Washingtonu kv\u016fli eskalaci konfliktu mezi \u00cdr\u00e1nem a Izraelem.<\/span><\/p>\n<p><span>Summit tak\u00e9 nep\u0159inesl \u017e\u00e1dn\u00e9 komunik\u00e9. Jak agentura Reuters s odvol\u00e1n\u00edm na kanadsk\u00e9ho \u00fa\u0159edn\u00edka vysv\u011btlila, bylo to kv\u016fli odporu Spojen\u00fdch st\u00e1t\u016f ohledn\u011b Ukrajiny. Proto tentokr\u00e1t l\u00edd\u0159i p\u0159ipravili n\u011bkolik samostatn\u00fdch tematick\u00fdch prohl\u00e1\u0161en\u00ed.<\/span><\/p>\n<\/div>\n<h2>Zru\u0161en\u00e9 setk\u00e1n\u00ed G7 Zelensk\u00e9ho a Trumpa bylo pro Kyjev r\u00e1nou<br \/>\n<img decoding=\"async\" class=\"aligncenter\" src=\"https:\/\/img1.eadaily.com\/r650x650\/o\/0fb\/2f267ae742b5e46a7ba3af4f30e58.jpeg\" \/><\/h2>\n<div class=\"news-text-body\">\n<p class=\"lead\"><strong>Ne\u00fasp\u011b\u0161n\u00e1 sch\u016fzka americk\u00e9ho prezidenta Donalda Trumpa a Volodymyra Zelensk\u00e9ho na okraji summitu G7 v Kanad\u011b byla pro Kyjev ranou, p\u00ed\u0161e n\u011bmeck\u00fd list Berliner Zeitung.<\/strong><\/p>\n<p><em>\u201eTo byla dal\u0161\u00ed r\u00e1na pro Kyjev \u2013 a dal\u0161\u00ed d\u016fkaz, \u017ee USA v t\u00e9to krizi mysl\u00ed a jednaj\u00ed jinak ne\u017e Evropan\u00e9,\u201c<span class=\"after-quote\">\u00a0\u2014 uv\u00e1d\u00ed \u010dl\u00e1nek.<\/span><\/em><span>Podle autora je Trump\u016fv p\u0159ed\u010dasn\u00fd n\u00e1vrat do Washingtonu \u201eho\u0159k\u00fdm vzkazem\u201c pro Ukrajinu, co\u017e znamen\u00e1, \u017ee tento konflikt je pro Spojen\u00e9 st\u00e1ty odsouv\u00e1n do pozad\u00ed.<\/span><\/p>\n<p><em>\u201ePro Washington je po\u017e\u00e1r v Kyjev\u011b, Od\u011bse a dal\u0161\u00edch m\u00edstech m\u00e9n\u011b nebezpe\u010dn\u00fd ne\u017e v Teher\u00e1nu a Tel Avivu,\u201c<span class=\"after-quote\">\u00a0\u2014 uv\u00e1d\u00ed \u010dl\u00e1nek.<\/span><\/em><span>Setk\u00e1n\u00ed Volodymyra Zelensk\u00e9ho s americk\u00fdm prezidentem Donaldem Trumpem se m\u011blo konat 17. \u010dervna na okraji summitu G7 v Kanad\u011b.<\/span><\/p>\n<p><strong><span>Tiskov\u00e1 mluv\u010d\u00ed B\u00edl\u00e9ho domu Caroline Leavittov\u00e1<\/span><\/strong><span>\u00a0v pond\u011bl\u00ed\u00a0uvedla, \u017ee Trump kv\u016fli situaci na Bl\u00edzk\u00e9m v\u00fdchod\u011b opou\u0161t\u00ed summit p\u0159ed\u010dasn\u011b a vrac\u00ed se do Spojen\u00fdch st\u00e1t\u016f. S\u00e1m prezident v koment\u00e1\u0159i ke sv\u00e9mu odchodu ze summitu G7 poznamenal, \u017ee se mus\u00ed do Washingtonu vr\u00e1tit \u201eco nejd\u0159\u00edve\u201c. Pozd\u011bji up\u0159esnil, \u017ee to neud\u011blal proto, aby pracoval na p\u0159\u00edm\u011b\u0159\u00ed mezi \u00cdr\u00e1nem a Izraelem, ale kv\u016fli n\u011b\u010demu mnohem \u201ev\u00e1\u017en\u011bj\u0161\u00edmu\u201c.<\/span><\/p>\n<\/div>\n<p><img decoding=\"async\" loading=\"lazy\" class=\"alignnone size-full wp-image-1185\" src=\"http:\/\/www.infokuryr.cz\/n\/wp-content\/uploads\/2021\/04\/kuryr-podpis.png\" alt=\"\" width=\"84\" height=\"24\" \/><\/p>\n<p>&nbsp;<\/p>\n","protected":false},"excerpt":{"rendered":"<p>Hlavy zem\u00ed G7 byly nuceny b\u011bhem summitu v Kanad\u011b upustit od spole\u010dn\u00e9ho prohl\u00e1\u0161en\u00ed o Ukrajin\u011b&#8230;<\/p>\n","protected":false},"author":2,"featured_media":81581,"comment_status":"closed","ping_status":"closed","sticky":false,"template":"","format":"standard","meta":[],"categories":[7],"tags":[323,452,1000],"_links":{"self":[{"href":"https:\/\/www.infokuryr.cz\/n\/wp-json\/wp\/v2\/posts\/81580"}],"collection":[{"href":"https:\/\/www.infokuryr.cz\/n\/wp-json\/wp\/v2\/posts"}],"about":[{"href":"https:\/\/www.infokuryr.cz\/n\/wp-json\/wp\/v2\/types\/post"}],"author":[{"embeddable":true,"href":"https:\/\/www.infokuryr.cz\/n\/wp-json\/wp\/v2\/users\/2"}],"replies":[{"embeddable":true,"href":"https:\/\/www.infokuryr.cz\/n\/wp-json\/wp\/v2\/comments?post=81580"}],"version-history":[{"count":1,"href":"https:\/\/www.infokuryr.cz\/n\/wp-json\/wp\/v2\/posts\/81580\/revisions"}],"predecessor-version":[{"id":81582,"href":"https:\/\/www.infokuryr.cz\/n\/wp-json\/wp\/v2\/posts\/81580\/revisions\/81582"}],"wp:featuredmedia":[{"embeddable":true,"href":"https:\/\/www.infokuryr.cz\/n\/wp-json\/wp\/v2\/media\/81581"}],"wp:attachment":[{"href":"https:\/\/www.infokuryr.cz\/n\/wp-json\/wp\/v2\/media?parent=81580"}],"wp:term":[{"taxonomy":"category","embeddable":true,"href":"https:\/\/www.infokuryr.cz\/n\/wp-json\/wp\/v2\/categories?post=81580"},{"taxonomy":"post_tag","embeddable":true,"href":"https:\/\/www.infokuryr.cz\/n\/wp-json\/wp\/v2\/tags?post=81580"}],"curies":[{"name":"wp","href":"https:\/\/api.w.org\/{rel}","templated":true}]}}