{"id":81577,"date":"2025-06-18T05:37:32","date_gmt":"2025-06-18T03:37:32","guid":{"rendered":"https:\/\/www.infokuryr.cz\/n\/?p=81577"},"modified":"2025-06-18T05:37:32","modified_gmt":"2025-06-18T03:37:32","slug":"iran-zahajuje-trestnou-operaci-obyvatele-tel-avivu-a-haify-vyzyva-k-odchodu","status":"publish","type":"post","link":"https:\/\/www.infokuryr.cz\/n\/2025\/06\/18\/iran-zahajuje-trestnou-operaci-obyvatele-tel-avivu-a-haify-vyzyva-k-odchodu\/","title":{"rendered":"\u00cdr\u00e1n zahajuje trestnou operaci: Obyvatele Tel Avivu a Haify vyz\u00fdv\u00e1 k odchodu"},"content":{"rendered":"<div id=\"fb-root\"><\/div>\n<div class=\"news-text-body\">\n<p class=\"lead\"><strong>Operace proveden\u00e1 \u00cdr\u00e1nem byla pouze varov\u00e1n\u00edm pro odstra\u0161en\u00ed, v bl\u00edzk\u00e9 budoucnosti bude provedena trestn\u00e1 operace, uvedl n\u00e1\u010deln\u00edk gener\u00e1ln\u00edho \u0161t\u00e1bu \u00edr\u00e1nsk\u00fdch ozbrojen\u00fdch sil Abd alrah\u00edm Mus\u00e1v\u00ed.<\/strong><\/p>\n<p><span>Vyzval obyvatele Tel Avivu a Haify, aby opustili sv\u00e1 m\u011bsta.<\/span><\/p>\n<p><em>\u201eMus\u00ed si zachr\u00e1nit \u017eivoty, opustit tyto oblasti a neob\u011btovat se zv\u00ed\u0159ec\u00edm touh\u00e1m (premi\u00e9ra\u00a0<strong>Benjamina<\/strong>\u00a0)\u00a0<strong>Netanjahua<\/strong>\u00a0. Svobodn\u00ed lid\u00e9 sv\u011bta si tak\u00e9 mus\u00ed b\u00fdt jisti. Velk\u00fd \u00edr\u00e1nsk\u00fd n\u00e1rod pomst\u00ed krev mu\u010dedn\u00edk\u016f, d\u00e1-li B\u016fh, moc\u00ed Bo\u017e\u00ed. A ozbrojen\u00fdch sil.\u201c<span class=\"after-quote\">\u00a0&#8211; dodal Mus\u00e1v\u00ed.<\/span><\/em><iframe loading=\"lazy\" src=\"https:\/\/t.me\/dimsmirnov175\/100004?embed=1&amp;tme_mode=1\" width=\"600\" height=\"350\" data-mce-fragment=\"1\"><\/iframe><\/p>\n<\/div>\n<h2>H\u00fat\u00edov\u00e9 slibuj\u00ed pomoc \u00cdr\u00e1nu ve v\u00e1lce proti Izraeli<br \/>\n<img decoding=\"async\" class=\"aligncenter\" src=\"https:\/\/img4.eadaily.com\/r650x650\/o\/39e\/e3ce2bcf282ab44af20c9ba0da14e.jpeg\" \/><\/h2>\n<p class=\"lead\"><strong>Jemen\u0161t\u00ed H\u00fat\u00edov\u00e9 se p\u0159ipoj\u00ed k \u00cdr\u00e1nu ve vojensk\u00e9m konfliktu proti Izraeli, uvedl mluv\u010d\u00ed hnut\u00ed Muhammad al-Bukhaj\u00ed, informuje Al D\u017eaz\u00edra.<\/strong><\/p>\n<p><em>\u201eZas\u00e1hneme na podporu Teher\u00e1nu v boji proti sionistick\u00e9 agresi, stejn\u011b jako jsme podporovali na\u0161e bratry v Gaze,\u201c<span class=\"after-quote\">\u00a0\u2014 \u0159ekl.<\/span><\/em><\/p>\n<p><span>Ozbrojen\u00fd konflikt mezi Izraelem a \u00cdr\u00e1nem za\u010dal v noci 13. \u010dervna, kdy Izrael ozn\u00e1mil operaci Lion Rising proti \u00cdr\u00e1nu kv\u016fli jeho jadern\u00e9mu programu. Teher\u00e1n reagoval operac\u00ed True Promise 3. Od t\u00e9 doby si vym\u011b\u0148uj\u00ed \u00fadery.<\/span><\/p>\n<p><span>Od eskalace konfliktu mezi Izraelem a Ham\u00e1sem v Gaze za\u010dali H\u00fat\u00edov\u00e9 \u00fato\u010dit na plavidla pluj\u00edc\u00ed pod izraelskou vlajkou v Rud\u00e9m mo\u0159i a tak\u00e9 na plavidla provozovan\u00e1 nebo vlastn\u011bn\u00e1 izraelsk\u00fdmi spole\u010dnostmi. \u00dato\u010d\u00ed tak\u00e9 na Izrael na podporu Palestiny.<\/span><\/p>\n<p><span>H\u00fat\u00edov\u00e9 jsou n\u00e1bo\u017eensk\u00e9 a politick\u00e9 hnut\u00ed v Jemensk\u00e9 arabsk\u00e9 republice. Ovl\u00e1daj\u00ed hlavn\u00ed m\u011bsto San\u00e1, z\u00e1padn\u00ed a severn\u00ed \u010d\u00e1st zem\u011b, kde \u017eije v\u00edce ne\u017e 20 milion\u016f lid\u00ed, co\u017e je asi 70 % jemensk\u00e9 populace. H\u00fat\u00edov\u00e9 jsou pova\u017eov\u00e1ni za hlavn\u00edho spojence \u00cdr\u00e1nu na Arabsk\u00e9m poloostrov\u011b. Z\u00e1padn\u00ed zem\u011b je obvi\u0148uj\u00ed z toho, \u017ee nejm\u00e9n\u011b od roku 2009 p\u0159ij\u00edmaj\u00ed vojenskou a technickou pomoc od \u00cdr\u00e1nu a jeho satelit\u016f, p\u0159edev\u0161\u00edm od libanonsk\u00e9ho Hizball\u00e1hu.<\/span><\/p>\n<h2>\u00cdr\u00e1n ozn\u00e1mil zadr\u017een\u00ed agent\u016f Mossadu<br \/>\n<img decoding=\"async\" class=\"aligncenter\" src=\"https:\/\/img6.eadaily.com\/r650x650\/o\/544\/d055050cff14ed90d50b8042e1c5f.jpeg\" \/><\/h2>\n<p class=\"lead\"><strong>\u00cdr\u00e1n zadr\u017eel skupinu agent\u016f izraelsk\u00e9 zpravodajsk\u00e9 slu\u017eby Mosad a byly u nich nalezeny v\u00fdbu\u0161niny a drony, informovala tiskov\u00e1 agentura Tasnim s odvol\u00e1n\u00edm na m\u00edstn\u00ed \u00fa\u0159ady.<\/strong><\/p>\n<p><span>Skupina vjela do m\u011bsta Be\u010darest\u00e1n autem. Agentura neuvedla p\u0159esn\u00fd po\u010det zadr\u017een\u00fdch.<\/span><\/p>\n<p><em>\u201ePo\u010d\u00e1te\u010dn\u00ed inspekce odhalila zna\u010dn\u00e9 mno\u017estv\u00ed v\u00fdbu\u0161nin, letadla vybaven\u00e1 nav\u00e1d\u011bc\u00edmi syst\u00e9my, modern\u00ed vojensk\u00e9 zbran\u011b, modern\u00ed komunika\u010dn\u00ed za\u0159\u00edzen\u00ed a syst\u00e9my d\u00e1lkov\u00e9ho ovl\u00e1d\u00e1n\u00ed,\u201c<span class=\"after-quote\"> \u2014 uv\u00e1d\u00ed se ve zpr\u00e1v\u011b.<\/span><\/em><\/p>\n<p><span>Jak agentura up\u0159es\u0148uje, agenti pl\u00e1novali proveden\u00ed masov\u00fdch teroristick\u00fdch \u00fatok\u016f.<\/span><\/p>\n<p><span>\u00cdr\u00e1n d\u0159\u00edve zadr\u017eel tak\u00e9 dva agenty Mossadu, u kter\u00fdch bylo nalezeno vybaven\u00ed pro 23 dron\u016f, odpalovac\u00ed za\u0159\u00edzen\u00ed, ovlada\u010de a n\u00e1kladn\u00ed automobil Nissan, a tak\u00e9 v\u00edce ne\u017e 200 kg v\u00fdbu\u0161nin.<\/span><\/p>\n<p><span>Mosad sehr\u00e1l d\u016fle\u017eitou roli v izraelsk\u00e9 operaci proti \u00cdr\u00e1nu, kter\u00e1 za\u010dala \u00fadery na vojensk\u00e1 a jadern\u00e1 za\u0159\u00edzen\u00ed v noci 13. \u010dervna. N\u011bkter\u00e9 z \u00fatok\u016f provedli agenti z \u00fazem\u00ed Isl\u00e1msk\u00e9 republiky, p\u0159ipom\u00edn\u00e1 RBK.<\/span><\/p>\n<h2>IRGC vyhl\u00e1sila plnou kontrolu nad izraelsk\u00fdm vzdu\u0161n\u00fdm prostorem<br \/>\n<img decoding=\"async\" class=\"aligncenter\" src=\"https:\/\/img2.eadaily.com\/c650x400\/o\/956\/f2e087f3720423daf48d7387c39ce.jpeg\" \/><\/h2>\n<p class=\"lead\"><strong>\u00cdr\u00e1nsk\u00e9 Isl\u00e1msk\u00e9 revolu\u010dn\u00ed gardy tvrd\u00ed, \u017ee v d\u016fsledku raketov\u00e9ho \u00fatoku ve st\u0159edu ve\u010der \u00cdr\u00e1n z\u00edskal plnou kontrolu nad izraelsk\u00fdm vzdu\u0161n\u00fdm prostorem, uv\u00e1d\u00ed se v prohl\u00e1\u0161en\u00ed Isl\u00e1msk\u00fdch revolu\u010dn\u00edch gard, na kter\u00e9 citovala st\u00e1tn\u00ed tiskov\u00e1 agentura IRNA.<\/strong><\/p>\n<p><em>\u201eDne\u0161n\u00ed raketov\u00fd \u00fatok uk\u00e1zal, \u017ee jsme z\u00edskali \u00faplnou kontrolu nad nebem okupovan\u00fdch \u00fazem\u00ed a \u017ee jejich obyvatel\u00e9 jsou v\u016f\u010di \u00edr\u00e1nsk\u00fdm raketov\u00fdm \u00fatok\u016fm zcela bezbrann\u00ed,\u201c<span class=\"after-quote\">\u00a0\u2014 uv\u00e1d\u00ed se v prohl\u00e1\u0161en\u00ed.<\/span><\/em><\/p>\n<p><span>\u00cdr\u00e1n d\u0159\u00edve podnikl raketov\u00e9 \u00fatoky na Izrael. Podle izraelsk\u00e9ho syst\u00e9mu varov\u00e1n\u00ed p\u0159ed raketami byl alarm aktivov\u00e1n v des\u00edtk\u00e1ch m\u011bst a obc\u00ed ve st\u0159edn\u00edm Izraeli. Nebyly hl\u00e1\u0161eny \u017e\u00e1dn\u00e9 dopady raket ani ob\u011bti.<\/span><\/p>\n<h2>Na pokraji v\u00e1lky: \u00cdr\u00e1n p\u0159ipravil rakety k \u00fatoku na americk\u00e9 vojensk\u00e9 z\u00e1kladny<br \/>\n<img decoding=\"async\" class=\"aligncenter\" src=\"https:\/\/img5.eadaily.com\/c650x400\/o\/464\/d717957f24ac8c5854b9cff7827ec.jpeg\" \/><\/h2>\n<div class=\"news-text-body\">\n<p class=\"lead\"><strong>\u00cdr\u00e1n p\u0159ipravil rakety pro mo\u017en\u00e9 odvetn\u00e9 \u00fadery proti americk\u00fdm z\u00e1kladn\u00e1m na Bl\u00edzk\u00e9m v\u00fdchod\u011b, pokud Spojen\u00e9 st\u00e1ty vstoup\u00ed do v\u00e1lky, informoval The New York Times s odvol\u00e1n\u00edm na americk\u00e9 p\u0159edstavitele.<\/strong><\/p>\n<p><em>\u201e\u00cdr\u00e1n p\u0159ipravil rakety a dal\u0161\u00ed vojenskou techniku \u200b\u200bk \u00fatoku na americk\u00e9 z\u00e1kladny na Bl\u00edzk\u00e9m v\u00fdchod\u011b, pokud se Spojen\u00e9 st\u00e1ty p\u0159ipoj\u00ed k izraelsk\u00e9 v\u00e1lce proti zemi, uv\u00e1d\u011bj\u00ed ameri\u010dt\u00ed p\u0159edstavitel\u00e9, kte\u0159\u00ed prostudovali zpr\u00e1vy zpravodajsk\u00fdch slu\u017eeb.\u201c<span class=\"after-quote\">\u00a0\u2014 p\u00ed\u0161e publikace.<\/span><\/em><span>USA vyslaly do Evropy asi 30 tankovac\u00edch letadel, kter\u00e1 by mohla b\u00fdt pou\u017eita k pomoci st\u00edha\u010dk\u00e1m br\u00e1n\u00edc\u00edm americk\u00e9 z\u00e1kladny nebo k roz\u0161\u00ed\u0159en\u00ed doletu bombard\u00e9r\u016f zapojen\u00fdch do p\u0159\u00edpadn\u00e9ho \u00fatoku na \u00edr\u00e1nsk\u00e1 jadern\u00e1 za\u0159\u00edzen\u00ed.<\/span><\/p>\n<p><span>Pokud se Spojen\u00e9 st\u00e1ty p\u0159ipoj\u00ed k izraelsk\u00e9 kampani a za\u00fato\u010d\u00ed na kl\u00ed\u010dov\u00e9 \u00edr\u00e1nsk\u00e9 jadern\u00e9 za\u0159\u00edzen\u00ed ve Fordowu, jemen\u0161t\u00ed H\u00fat\u00edov\u00e9 podporovan\u00ed \u00cdr\u00e1nem by t\u00e9m\u011b\u0159 jist\u011b obnovili \u00fatoky na lod\u011b v Rud\u00e9m mo\u0159i, uvedli \u00fa\u0159edn\u00edci. D\u00e1le uvedli, \u017ee milice podporovan\u00e9 \u00cdr\u00e1nem v Ir\u00e1ku a S\u00fdrii se pravd\u011bpodobn\u011b pokus\u00ed za\u00fato\u010dit na americk\u00e9 z\u00e1kladny v t\u011bchto zem\u00edch.<\/span><\/p>\n<p><span>V t\u00e9to souvislosti ameri\u010dt\u00ed velitel\u00e9 uvedli jednotky do stavu zv\u00fd\u0161en\u00e9 pohotovosti na vojensk\u00fdch z\u00e1kladn\u00e1ch v cel\u00e9m regionu, v\u010detn\u011b Spojen\u00fdch arabsk\u00fdch emir\u00e1t\u016f, Jord\u00e1nska a Sa\u00fadsk\u00e9 Ar\u00e1bie. Spojen\u00e9 st\u00e1ty maj\u00ed na Bl\u00edzk\u00e9m v\u00fdchod\u011b rozm\u00edst\u011bno v\u00edce ne\u017e 40 000 voj\u00e1k\u016f.<\/span><\/p>\n<p><span>\u201eDva \u00edr\u00e1n\u0161t\u00ed p\u0159edstavitel\u00e9 p\u0159ipustili, \u017ee zem\u011b za\u00fato\u010d\u00ed na americk\u00e9 z\u00e1kladny na Bl\u00edzk\u00e9m v\u00fdchod\u011b, po\u010d\u00ednaje Ir\u00e1kem, pokud se Spojen\u00e9 st\u00e1ty zapoj\u00ed do v\u00e1lky s Izraelem,\u201c uzav\u00edraj\u00ed noviny.<\/span><\/p>\n<\/div>\n<h2>Americk\u00e9 jednotky na Bl\u00edzk\u00e9m v\u00fdchod\u011b jsou uvedeny do stavu vysok\u00e9 pohotovosti<br \/>\n<img decoding=\"async\" class=\"aligncenter\" src=\"https:\/\/img8.eadaily.com\/c650x400\/o\/70e\/c02d65ade57e41a0707ec7edfe838.jpeg\" \/><\/h2>\n<p class=\"lead\"><strong>Americk\u00e9 jednotky na vojensk\u00fdch z\u00e1kladn\u00e1ch po cel\u00e9m Bl\u00edzk\u00e9m v\u00fdchod\u011b, v\u010detn\u011b Spojen\u00fdch arabsk\u00fdch emir\u00e1t\u016f, Jord\u00e1nska a Sa\u00fadsk\u00e9 Ar\u00e1bie, byly uvedeny do stavu vysok\u00e9 pohotovosti, informuje The New York Times.<\/strong><\/p>\n<p><span>Celkem je v regionu rozm\u00edst\u011bno v\u00edce ne\u017e 40 000 americk\u00fdch voj\u00e1k\u016f.<\/span><\/p>\n<p><span>Ameri\u010dt\u00ed p\u0159edstavitel\u00e9 obezn\u00e1men\u00ed s tajn\u00fdmi informacemi novin\u00e1m sd\u011blili, \u017ee se \u00cdr\u00e1n p\u0159ipravuje na raketov\u00e9 \u00fadery na americk\u00e9 z\u00e1kladny, pokud se Spojen\u00e9 st\u00e1ty p\u0159ipoj\u00ed k izraelsk\u00e9 operaci proti zemi. Dva \u00edr\u00e1nsk\u00e9 zdroje to potvrdily s t\u00edm, \u017ee prvn\u00edmi c\u00edli by m\u011bly b\u00fdt z\u00e1kladny v Ir\u00e1ku. USA se domn\u00edvaj\u00ed, \u017ee k \u00fatok\u016fm by se mohly p\u0159ipojit pro\u00edr\u00e1nsk\u00e9 skupiny v Ir\u00e1ku a S\u00fdrii.<\/span><\/p>\n<p><span>Mezi americk\u00fdmi p\u0159edstaviteli rostou obavy z rozs\u00e1hlej\u0161\u00ed v\u00e1lky, informuje NYT. Domn\u00edvaj\u00ed se, \u017ee pokud Washington za\u00fato\u010d\u00ed na \u00edr\u00e1nsk\u00e1 jadern\u00e1 za\u0159\u00edzen\u00ed, v\u010detn\u011b kl\u00ed\u010dov\u00e9ho za\u0159\u00edzen\u00ed na obohacov\u00e1n\u00ed uranu ve Fordowu, Teher\u00e1nem podporovan\u00ed H\u00fat\u00edov\u00e9 obnov\u00ed \u00fatoky na lodn\u00ed dopravu v Rud\u00e9m mo\u0159i. Jin\u00ed nevylou\u010dili mo\u017enost, \u017ee by \u00cdr\u00e1n mohl zaminovat Hormuzsk\u00fd pr\u016fliv, co\u017e by zablokovalo americk\u00e9 lod\u011b v Persk\u00e9m z\u00e1livu.<\/span><\/p>\n<p><span>Americk\u00fd prezident\u00a0<\/span><strong><span>Donald Trump<\/span><\/strong><span>\u00a0se po n\u00e1vratu ze summitu G7 v Kanad\u011b setkal s poradci pro n\u00e1rodn\u00ed bezpe\u010dnost, kter\u00fd trval hodinu a dvacet minut. Podle den\u00edku Times of Israel p\u0159edstavitel\u00e9 uvedli, \u017ee Trump \u201ezva\u017euje v\u0161echny mo\u017enosti\u201c, ale trvali na tom, \u017ee se Washington zat\u00edm na izraelsk\u00e9 operaci nijak ne\u00fa\u010dastn\u00ed. Stanice CBS News d\u0159\u00edve informovala, \u017ee USA pomohly Izraeli zachytit rakety odp\u00e1len\u00e9 \u00cdr\u00e1nem v reakci na jeho odp\u00e1len\u00ed.<\/span><\/p>\n<p><span>Podle ToI je nejpravd\u011bpodobn\u011bj\u0161\u00ed mo\u017enost\u00ed, kterou Trump zva\u017euje, pou\u017eit\u00ed americk\u00fdch \u201ebunker-buster\u201c bomb proti za\u0159\u00edzen\u00ed Fordow. Prezident tak\u00e9 p\u0159ipou\u0161t\u00ed mo\u017enost, \u017ee by americk\u00fdm tankovac\u00edm letadl\u016fm umo\u017enil dopl\u0148ovat palivo do izraelsk\u00fdch st\u00edha\u010dek. CBS a Axios p\u00ed\u0161\u00ed, \u017ee republik\u00e1n nevylu\u010duje mo\u017enost \u00fader\u016f na \u00edr\u00e1nsk\u00e1 za\u0159\u00edzen\u00ed. Izrael o\u010dek\u00e1v\u00e1, \u017ee USA u\u010din\u00ed \u201espr\u00e1vn\u00e9 rozhodnut\u00ed\u201c, uvedl Channel 12.<\/span><\/p>\n<p><span>S\u00e1m Trump vyzval k bezpodm\u00edne\u010dn\u00e9 kapitulaci \u00cdr\u00e1nu a ozna\u010dil nejvy\u0161\u0161\u00edho v\u016fdce ajatoll\u00e1ha\u00a0<\/span><strong><span>Al\u00edho Chamene\u00edho<\/span><\/strong><span>\u00a0za \u201esnadn\u00fd c\u00edl\u201c, p\u0159i\u010dem\u017e poznamenal, \u017ee Washington ho zat\u00edm nepl\u00e1nuje zab\u00edt. U\u017e d\u0159\u00edve sl\u00edbil, \u017ee Teher\u00e1nu zabr\u00e1n\u00ed v z\u00edsk\u00e1n\u00ed jadern\u00fdch zbran\u00ed.<\/span><\/p>\n<p><img decoding=\"async\" loading=\"lazy\" class=\"alignnone size-full wp-image-1185\" src=\"http:\/\/www.infokuryr.cz\/n\/wp-content\/uploads\/2021\/04\/kuryr-podpis.png\" alt=\"\" width=\"84\" height=\"24\" \/><\/p>\n<p>&nbsp;<\/p>\n","protected":false},"excerpt":{"rendered":"<p>Operace proveden\u00e1 \u00cdr\u00e1nem byla pouze varov\u00e1n\u00edm pro odstra\u0161en\u00ed, v bl\u00edzk\u00e9 budoucnosti bude provedena trestn\u00e1 operace,&#8230;<\/p>\n","protected":false},"author":2,"featured_media":81578,"comment_status":"closed","ping_status":"closed","sticky":false,"template":"","format":"standard","meta":[],"categories":[7],"tags":[1854,38,107,37,40],"_links":{"self":[{"href":"https:\/\/www.infokuryr.cz\/n\/wp-json\/wp\/v2\/posts\/81577"}],"collection":[{"href":"https:\/\/www.infokuryr.cz\/n\/wp-json\/wp\/v2\/posts"}],"about":[{"href":"https:\/\/www.infokuryr.cz\/n\/wp-json\/wp\/v2\/types\/post"}],"author":[{"embeddable":true,"href":"https:\/\/www.infokuryr.cz\/n\/wp-json\/wp\/v2\/users\/2"}],"replies":[{"embeddable":true,"href":"https:\/\/www.infokuryr.cz\/n\/wp-json\/wp\/v2\/comments?post=81577"}],"version-history":[{"count":1,"href":"https:\/\/www.infokuryr.cz\/n\/wp-json\/wp\/v2\/posts\/81577\/revisions"}],"predecessor-version":[{"id":81579,"href":"https:\/\/www.infokuryr.cz\/n\/wp-json\/wp\/v2\/posts\/81577\/revisions\/81579"}],"wp:featuredmedia":[{"embeddable":true,"href":"https:\/\/www.infokuryr.cz\/n\/wp-json\/wp\/v2\/media\/81578"}],"wp:attachment":[{"href":"https:\/\/www.infokuryr.cz\/n\/wp-json\/wp\/v2\/media?parent=81577"}],"wp:term":[{"taxonomy":"category","embeddable":true,"href":"https:\/\/www.infokuryr.cz\/n\/wp-json\/wp\/v2\/categories?post=81577"},{"taxonomy":"post_tag","embeddable":true,"href":"https:\/\/www.infokuryr.cz\/n\/wp-json\/wp\/v2\/tags?post=81577"}],"curies":[{"name":"wp","href":"https:\/\/api.w.org\/{rel}","templated":true}]}}