{"id":81576,"date":"2025-06-18T05:25:05","date_gmt":"2025-06-18T03:25:05","guid":{"rendered":"https:\/\/www.infokuryr.cz\/n\/?p=81576"},"modified":"2025-06-18T05:25:05","modified_gmt":"2025-06-18T03:25:05","slug":"izrael-riskuje-jadernou-katastrofu","status":"publish","type":"post","link":"https:\/\/www.infokuryr.cz\/n\/2025\/06\/18\/izrael-riskuje-jadernou-katastrofu\/","title":{"rendered":"Izrael riskuje \u201ejadernou katastrofu\u201c"},"content":{"rendered":"<div id=\"fb-root\"><\/div>\n<h3>\u00datoky \u017eidovsk\u00e9ho st\u00e1tu na \u00cdr\u00e1n jsou nez\u00e1konn\u00e9 a ohro\u017euj\u00ed glob\u00e1ln\u00ed stabilitu, uvedlo rusk\u00e9 ministerstvo zahrani\u010d\u00ed<\/h3>\n<p><span>Rusk\u00e9 ministerstvo zahrani\u010d\u00ed uvedlo, \u017ee pokra\u010duj\u00edc\u00ed izraelsk\u00e9 \u00fatoky na \u00edr\u00e1nsk\u00e1 jadern\u00e1 za\u0159\u00edzen\u00ed p\u0159edstavuj\u00ed nep\u0159ijatelnou hrozbu pro mezin\u00e1rodn\u00ed bezpe\u010dnost a riskuj\u00ed, \u017ee sv\u011bt uvrhnou do katastrofy.<\/span><\/p>\n<p><span>Izrael v p\u00e1tek zah\u00e1jil bombardov\u00e1n\u00ed \u00cdr\u00e1nu s tvrzen\u00edm, \u017ee Teher\u00e1n se bl\u00ed\u017e\u00ed dokon\u010den\u00ed jadern\u00e9 bomby. \u00cdr\u00e1n tato obvin\u011bn\u00ed odm\u00edtl jako neopodstatn\u011bn\u00e1 a na izraelskou vojenskou operaci reagoval vlnami \u00fader\u016f dron\u016f a raket.<\/span><\/p>\n<p><em><span>\u201eProb\u00edhaj\u00edc\u00ed intenzivn\u00ed \u00fatoky izraelsk\u00e9 strany na m\u00edrov\u00e1 jadern\u00e1 za\u0159\u00edzen\u00ed v \u00cdr\u00e1nu jsou z hlediska mezin\u00e1rodn\u00edho pr\u00e1va nez\u00e1konn\u00e9, vytv\u00e1\u0159ej\u00ed nep\u0159ijateln\u00e9 hrozby pro mezin\u00e1rodn\u00ed bezpe\u010dnost a tla\u010d\u00ed sv\u011bt k jadern\u00e9 katastrof\u011b,\u201c<\/span><\/em><span>\u00a0uvedlo rusk\u00e9 ministerstvo zahrani\u010d\u00ed ve sv\u00e9m prohl\u00e1\u0161en\u00ed zve\u0159ejn\u011bn\u00e9m v \u00fater\u00fd.<\/span><\/p>\n<p><span>Eskalace konfliktu riskuje dal\u0161\u00ed destabilizaci cel\u00e9ho regionu, dodalo ministerstvo a vyzvalo izraelsk\u00e9 veden\u00ed, aby\u00a0<\/span><em><span>\u201ese vzpamatovalo a okam\u017eit\u011b zastavilo n\u00e1lety na jadern\u00e1 za\u0159\u00edzen\u00ed\u201c.<\/span><\/em><\/p>\n<p><span>Rusk\u00e9 ministerstvo zahrani\u010d\u00ed uvedlo, \u017ee\u00a0ostr\u00e1 reakce v\u011bt\u0161iny mezin\u00e1rodn\u00edho spole\u010denstv\u00ed na izraelsk\u00fd \u00fatok na \u00cdr\u00e1n ilustruje, \u017ee \u017eidovsk\u00fd st\u00e1t podporuj\u00ed pouze zem\u011b, kter\u00e9 jednaj\u00ed jako jeho\u00a0<\/span><em><span>\u201espolupachatel\u00e9\u201c .<\/span><\/em><\/p>\n<p><span>Izrael\u0161t\u00ed podporovatel\u00e9 tla\u010dili na Radu Mezin\u00e1rodn\u00ed agentury pro atomovou energii (MAAE), aby prosadila\u00a0<\/span><em><span>\u201ezaujatou proti\u00edr\u00e1nskou rezoluci\u201c<\/span><\/em><span>\u00a0o teher\u00e1nsk\u00e9m jadern\u00e9m programu z minul\u00e9ho t\u00fddne, kter\u00e1\u00a0<\/span><em><span>\u201edala z\u00e1padn\u00edmu Jeruzal\u00e9mu volnou ruku a vedla k t\u00e9to trag\u00e9dii\u201c,<\/span><\/em><span>\u00a0uvedlo ministerstvo.<\/span><\/p>\n<p><em><span>\u201ePokusy z\u00e1padn\u00edho t\u00e1bora manipulovat s glob\u00e1ln\u00edm re\u017eimem ne\u0161\u00ed\u0159en\u00ed jadern\u00fdch zbran\u00ed a vyu\u017e\u00edt ho k vyrovn\u00e1v\u00e1n\u00ed politick\u00fdch \u00fa\u010dt\u016f\u201c<\/span><\/em><span>\u00a0stoj\u00ed mezin\u00e1rodn\u00ed spole\u010denstv\u00ed draho a jsou\u00a0<\/span><em><span>\u201ezcela nep\u0159ijateln\u00e9,\u201c<\/span><\/em><span>\u00a0dodala.<\/span><\/p>\n<p><span>Den p\u0159ed izraelsk\u00fdm \u00fatokem na \u00cdr\u00e1n prohl\u00e1sila rada MAAE, \u017ee Teher\u00e1n poru\u0161il sv\u00e9 z\u00e1vazky vypl\u00fdvaj\u00edc\u00ed ze Smlouvy o ne\u0161\u00ed\u0159en\u00ed jadern\u00fdch zbran\u00ed (NPT).<\/span><\/p>\n<p><span>Jen n\u011bkolik t\u00fddn\u016f p\u0159edt\u00edm agentura Reuters s odvol\u00e1n\u00edm na anonymn\u00ed diplomaty informovala, \u017ee se USA, Velk\u00e1 Brit\u00e1nie, Francie a N\u011bmecko chystaj\u00ed tla\u010dit na jadernou dozor\u010d\u00ed radu OSN, aby prohl\u00e1sila, \u017ee \u00cdr\u00e1n poru\u0161il Smlouvu o ne\u0161\u00ed\u0159en\u00ed jadern\u00fdch zbran\u00ed.<\/span><\/p>\n<p><span>Teher\u00e1n opakovan\u011b zd\u016fraznil, \u017ee jeho jadern\u00fd program je m\u00edrov\u00e9ho charakteru, a obvinil Izrael, \u017ee svou vojenskou operaci vyu\u017e\u00edv\u00e1 k\u00a0<\/span><em><span>\u201ema\u0159en\u00ed\u201c<\/span><\/em><span>\u00a0\u00edr\u00e1nsk\u00fdch rozhovor\u016f s USA.<\/span><\/p>\n<p><img decoding=\"async\" loading=\"lazy\" class=\"alignnone size-full wp-image-1185\" src=\"http:\/\/www.infokuryr.cz\/n\/wp-content\/uploads\/2021\/04\/kuryr-podpis.png\" alt=\"\" width=\"84\" height=\"24\" \/><\/p>\n<p>&nbsp;<\/p>\n","protected":false},"excerpt":{"rendered":"<p>\u00datoky \u017eidovsk\u00e9ho st\u00e1tu na \u00cdr\u00e1n jsou nez\u00e1konn\u00e9 a ohro\u017euj\u00ed glob\u00e1ln\u00ed stabilitu, uvedlo rusk\u00e9 ministerstvo zahrani\u010d\u00ed&#8230;<\/p>\n","protected":false},"author":2,"featured_media":53166,"comment_status":"closed","ping_status":"closed","sticky":false,"template":"","format":"standard","meta":[],"categories":[7],"tags":[38,107,1652,246],"_links":{"self":[{"href":"https:\/\/www.infokuryr.cz\/n\/wp-json\/wp\/v2\/posts\/81576"}],"collection":[{"href":"https:\/\/www.infokuryr.cz\/n\/wp-json\/wp\/v2\/posts"}],"about":[{"href":"https:\/\/www.infokuryr.cz\/n\/wp-json\/wp\/v2\/types\/post"}],"author":[{"embeddable":true,"href":"https:\/\/www.infokuryr.cz\/n\/wp-json\/wp\/v2\/users\/2"}],"replies":[{"embeddable":true,"href":"https:\/\/www.infokuryr.cz\/n\/wp-json\/wp\/v2\/comments?post=81576"}],"version-history":[{"count":0,"href":"https:\/\/www.infokuryr.cz\/n\/wp-json\/wp\/v2\/posts\/81576\/revisions"}],"wp:featuredmedia":[{"embeddable":true,"href":"https:\/\/www.infokuryr.cz\/n\/wp-json\/wp\/v2\/media\/53166"}],"wp:attachment":[{"href":"https:\/\/www.infokuryr.cz\/n\/wp-json\/wp\/v2\/media?parent=81576"}],"wp:term":[{"taxonomy":"category","embeddable":true,"href":"https:\/\/www.infokuryr.cz\/n\/wp-json\/wp\/v2\/categories?post=81576"},{"taxonomy":"post_tag","embeddable":true,"href":"https:\/\/www.infokuryr.cz\/n\/wp-json\/wp\/v2\/tags?post=81576"}],"curies":[{"name":"wp","href":"https:\/\/api.w.org\/{rel}","templated":true}]}}