{"id":81569,"date":"2025-06-18T04:42:21","date_gmt":"2025-06-18T02:42:21","guid":{"rendered":"https:\/\/www.infokuryr.cz\/n\/?p=81569"},"modified":"2025-06-18T04:42:21","modified_gmt":"2025-06-18T02:42:21","slug":"budapest-pride-jako-bojiste-deviantu-a-jejich-chlebodarcu-proti-normalnim-lidem","status":"publish","type":"post","link":"https:\/\/www.infokuryr.cz\/n\/2025\/06\/18\/budapest-pride-jako-bojiste-deviantu-a-jejich-chlebodarcu-proti-normalnim-lidem\/","title":{"rendered":"Budape\u0161\u0165 pride jako boji\u0161t\u011b deviant\u016f a jejich chlebod\u00e1rc\u016f proti norm\u00e1ln\u00edm lidem"},"content":{"rendered":"<div id=\"fb-root\"><\/div>\n<p>Pochod sexu\u00e1ln\u00edch deviant\u016f a jejich chlebod\u00e1rc\u016f je letos v ohro\u017een\u00ed. M<strong>a\u010farsko p\u0159ijalo z\u00e1kon na ochranu d\u011bt\u00ed p\u0159ed perverzn\u00ed sexu\u00e1ln\u00ed propagandou a tak by se podle ma\u010farsk\u00fdch z\u00e1kon\u016f nem\u011bla leto\u0161n\u00ed prob\u011bhnout.<\/strong><\/p>\n<p><strong>To si ale podporovatel\u00e9 glob\u00e1ln\u00ed deviantn\u00ed agendy necht\u011bj\u00ed nechat l\u00edbit a chystaj\u00ed se na otev\u0159en\u00fd st\u0159ed s ma\u010farsk\u00fdmi org\u00e1ny a st\u00e1tn\u00ed moc\u00ed<\/strong>. Proto cht\u011bj\u00ed protipr\u00e1vn\u00ed pochod sexu\u00e1ln\u00edch deviant\u016f uskute\u010dnit a konfrontovat ma\u010farsk\u00fd st\u00e1t.\u00a0<strong>Premi\u00e9r Orb\u00e1n bude muset \u0159e\u0161it z\u00e1sadn\u00ed dilema. Plat\u00ed v zemi z\u00e1kony p\u0159ijat\u00e9 m\u00edstn\u00edm parlamentem, nebo jsou n\u011bkter\u00e9 skupiny \u201evyvolen\u00fdch\u201c nad z\u00e1konem?<\/strong><\/p>\n<p>Do Budape\u0161ti se chyst\u00e1 i po\u010detn\u00e1 \u00faderka z ciziny, cizinci ostatn\u011b tvo\u0159\u00ed v\u017edy velkou \u010d\u00e1st \u00fa\u010dastn\u00edk\u016f pochodu p\u00fdchy. Letos ale maj\u00ed dorazit i poslanci\u00a0<a href=\"https:\/\/www.euronews.com\/my-europe\/2025\/05\/16\/meps-protest-hungarys-budapest-pride-ban\">Europarlament<\/a>u, m\u00edstn\u00ed diplomatick\u00fd sbor a z\u00e1stupci korporac\u00ed.\u00a0<strong>28. \u010dervna se uk\u00e1\u017ee, kdo v Ma\u010farsku skute\u010dn\u011b vl\u00e1dne. Ma\u010fa\u0159i, nebo glob\u00e1ln\u00ed finan\u010dn\u00ed oligarchie a jej\u00ed perverzn\u00ed slu\u017eebn\u00edci\u2026<\/strong>?<\/p>\n<p><a href=\"https:\/\/ceskavec.com\/2025\/06\/budapest-pride-jako-bojiste-deviantu-a-jejich-chlebodarcu-proti-normalnim-lidem\">Ondra S. , Budape\u0161\u0165<\/a><\/p>\n<p>&nbsp;<\/p>\n","protected":false},"excerpt":{"rendered":"<p>Pochod sexu\u00e1ln\u00edch deviant\u016f a jejich chlebod\u00e1rc\u016f je letos v ohro\u017een\u00ed. Ma\u010farsko p\u0159ijalo z\u00e1kon na ochranu&#8230;<\/p>\n","protected":false},"author":2,"featured_media":81570,"comment_status":"closed","ping_status":"closed","sticky":false,"template":"","format":"standard","meta":[],"categories":[7],"tags":[1976,5603,4617],"_links":{"self":[{"href":"https:\/\/www.infokuryr.cz\/n\/wp-json\/wp\/v2\/posts\/81569"}],"collection":[{"href":"https:\/\/www.infokuryr.cz\/n\/wp-json\/wp\/v2\/posts"}],"about":[{"href":"https:\/\/www.infokuryr.cz\/n\/wp-json\/wp\/v2\/types\/post"}],"author":[{"embeddable":true,"href":"https:\/\/www.infokuryr.cz\/n\/wp-json\/wp\/v2\/users\/2"}],"replies":[{"embeddable":true,"href":"https:\/\/www.infokuryr.cz\/n\/wp-json\/wp\/v2\/comments?post=81569"}],"version-history":[{"count":0,"href":"https:\/\/www.infokuryr.cz\/n\/wp-json\/wp\/v2\/posts\/81569\/revisions"}],"wp:featuredmedia":[{"embeddable":true,"href":"https:\/\/www.infokuryr.cz\/n\/wp-json\/wp\/v2\/media\/81570"}],"wp:attachment":[{"href":"https:\/\/www.infokuryr.cz\/n\/wp-json\/wp\/v2\/media?parent=81569"}],"wp:term":[{"taxonomy":"category","embeddable":true,"href":"https:\/\/www.infokuryr.cz\/n\/wp-json\/wp\/v2\/categories?post=81569"},{"taxonomy":"post_tag","embeddable":true,"href":"https:\/\/www.infokuryr.cz\/n\/wp-json\/wp\/v2\/tags?post=81569"}],"curies":[{"name":"wp","href":"https:\/\/api.w.org\/{rel}","templated":true}]}}