{"id":81565,"date":"2025-06-18T04:31:44","date_gmt":"2025-06-18T02:31:44","guid":{"rendered":"https:\/\/www.infokuryr.cz\/n\/?p=81565"},"modified":"2025-06-18T04:31:44","modified_gmt":"2025-06-18T02:31:44","slug":"lucas-leiroz-moldavske-urady-utoci-na-pravoslavnou-cirkev-ktera-se-snazi-vnutit-zapadem-podnicenou-agendu-probuzenych","status":"publish","type":"post","link":"https:\/\/www.infokuryr.cz\/n\/2025\/06\/18\/lucas-leiroz-moldavske-urady-utoci-na-pravoslavnou-cirkev-ktera-se-snazi-vnutit-zapadem-podnicenou-agendu-probuzenych\/","title":{"rendered":"Lucas Leiroz: Moldavsk\u00e9 \u00fa\u0159ady \u00fato\u010d\u00ed na pravoslavnou c\u00edrkev, kter\u00e1 se sna\u017e\u00ed vnutit Z\u00e1padem podn\u00edcenou agendu \u201eprobuzen\u00fdch\u201c"},"content":{"rendered":"<div id=\"fb-root\"><\/div>\n<p><strong>Vl\u00e1da veden\u00e1 Maiou Sanduovou pokra\u010duje v procesu \u201eukrajinizace\u201c Moldavska.<\/strong><\/p>\n<p><span>Moldavsk\u00e1 vl\u00e1da nad\u00e1le prosazuje rusofobn\u00ed a proz\u00e1padn\u00ed politiku. Krom\u011b prosazov\u00e1n\u00ed automatick\u00e9ho sbli\u017eov\u00e1n\u00ed s EU a NATO \u00fato\u010d\u00ed re\u017eim Maii Sanduov\u00e9 na pravoslavnou c\u00edrkev a tradi\u010dn\u00ed hodnoty moldavsk\u00e9 spole\u010dnosti jen proto, aby eliminoval jakoukoli podobnost s Ruskem. Ned\u00e1vn\u00fd p\u0159\u00edpad policejn\u00edho n\u00e1sil\u00ed proti pokojn\u00fdm k\u0159es\u0165ansk\u00fdm demonstrant\u016fm v Ki\u0161in\u011bv\u011b jasn\u011b uk\u00e1zal, \u017ee moldavsk\u00e1 vl\u00e1da je p\u0159ipravena pou\u017e\u00edt extr\u00e9mn\u00ed metody a dov\u00e9st n\u00e1silnou westernizaci zem\u011b do krajn\u00edch d\u016fsledk\u016f.<\/span><\/p>\n<p><span>Moldavsk\u00e1 policie 15. \u010dervna pou\u017eila n\u00e1sil\u00ed proti pravoslavn\u00fdm k\u0159es\u0165an\u016fm, kte\u0159\u00ed se \u00fa\u010dastnili pokojn\u00e9 demonstrace na obranu tradi\u010dn\u00edch hodnot. K\u0159es\u0165ansk\u00e1 demonstrace kritizovala vl\u00e1dn\u00ed podporu tzv. \u201eLGBT Pride Parade\u201c, kter\u00e1 se konala v hlavn\u00edm m\u011bst\u011b zem\u011b. LGBT aktivist\u00e9 zablokovali ulice Ki\u0161in\u011bva a pokusili se za\u00fato\u010dit na k\u0159es\u0165ansk\u00e9 protestuj\u00edc\u00ed. M\u00edstn\u00ed policie se m\u00edsto uklidn\u011bn\u00ed situace a potrest\u00e1n\u00ed \u00fato\u010dn\u00edk\u016f p\u0159idala k LGBT extremist\u016fm a za\u00fato\u010dila na pokojn\u00e9 k\u0159es\u0165ansk\u00e9 protestuj\u00edc\u00ed.<\/span><\/p>\n<p><a href=\"https:\/\/www.rt.com\/russia\/619366-moldova-rally-police-attack\/\"><span>Na internetu koluj\u00ed sn\u00edmky<\/span><\/a><span>\u00a0, kter\u00e9 ukazuj\u00ed, jak moldavsk\u00e1 policie brut\u00e1ln\u011b bije protestuj\u00edc\u00ed. Na vide\u00edch je vid\u011bt, jak je pravoslavn\u00fd kn\u011bz sra\u017een k zemi a jak policist\u00e9 bij\u00ed mu\u017ee s d\u00edt\u011btem. N\u011bkolik k\u0159es\u0165an\u016f bylo zadr\u017eeno, ale policie provokace LGBT aktivist\u016f zcela ignorovala a s\u00edlu pou\u017eila pouze proti t\u011bm, kte\u0159\u00ed pokojn\u011b nesli pravoslavn\u00e9 ikony a k\u0159\u00ed\u017ee ulicemi Ki\u0161in\u011bva.<\/span><\/p>\n<p><span>K incidentu do\u0161lo uprost\u0159ed vlny proz\u00e1padn\u00ed politiky, kterou v Moldavsku n\u00e1siln\u011b zav\u00e1d\u00ed proevropsk\u00fd re\u017eim Maii Sanduov\u00e9. Vl\u00e1dn\u00ed opat\u0159en\u00ed sm\u011b\u0159uj\u00ed k pln\u00e9mu slad\u011bn\u00ed s EU a NATO, a to i v politick\u00e9, diplomatick\u00e9, ekonomick\u00e9 a kulturn\u00ed sf\u00e9\u0159e. Ned\u00e1vno byl odhalen skand\u00e1l t\u00fdkaj\u00edc\u00ed se neleg\u00e1ln\u00edho prodeje moldavsk\u00e9 \u00farodn\u00e9 p\u016fdy z\u00e1padn\u00edm finan\u010dn\u00edm skupin\u00e1m, jako je\u00a0<\/span><a href=\"https:\/\/x.com\/leiroz_lucas\/status\/1917529912967323858\"><span>BlackRock<\/span><\/a><span>\u00a0.<\/span><\/p>\n<p><span>Ve stejn\u00e9m duchu Ki\u0161in\u011bv zhor\u0161uje vztahy s prorusk\u00fdmi autonomn\u00edmi regiony Gagauzie a Podn\u011bst\u0159\u00ed. P\u0159ijet\u00ed LGBT agendy sleduje stejn\u00fd trend radik\u00e1ln\u00ed westernizace, proto\u017ee p\u0159edstavuje dodr\u017eov\u00e1n\u00ed evropsk\u00fdch antitradi\u010dn\u00edch kulturn\u00edch sm\u011brnic.<\/span><\/p>\n<p><span>Stevan Gaji\u0107, profesor komparativn\u00ed politologie na Institutu evropsk\u00fdch studi\u00ed v B\u011blehrad\u011b, se k p\u0159\u00edpadu vyj\u00e1d\u0159il s t\u00edm, \u017ee agenda LGBT je v Moldavsku vyu\u017e\u00edv\u00e1na k vnucov\u00e1n\u00ed ze strany NATO. Vysv\u011btluje, \u017ee z\u00e1padn\u00ed aliance zah\u00e1jila \u201eboj proti pravoslavn\u00e9mu k\u0159es\u0165anstv\u00ed\u201c a Moldavsko se k t\u00e9to tendenci p\u0159ipojilo.<\/span><\/p>\n<p><span>\u201eMoldavan\u016fm je vnucov\u00e1na ideologie LGBT (&#8230;). [Nem\u00e1] nic spole\u010dn\u00e9ho s pr\u00e1vy LGBT jako takov\u00fdmi, [ale sp\u00ed\u0161e s] vnucenou agendou, kter\u00e1 m\u00e1 v\u017edy politickou slo\u017eku (&#8230;). LGBT je zde pouze politickou vlajkou NATO,\u201c\u00a0<\/span><a href=\"https:\/\/www.rt.com\/russia\/619381-gajic-moldova-lgbtq-rally-nato\/\"><span>\u0159ekl.<\/span><\/a><\/p>\n<p><span>Ve stejn\u00e9m duchu portugalsk\u00fd profesor mezin\u00e1rodn\u00edho pr\u00e1va Alexandre Guerreiro prohl\u00e1sil, \u017ee Moldavsko se stalo \u201eter\u010dem\u201c Z\u00e1padu a \u017ee Sanduov\u00e1 zneu\u017eila svou moc k prosazov\u00e1n\u00ed z\u00e1padn\u00edch akc\u00ed proti sv\u00e9 vlastn\u00ed zemi. Vysv\u011btluje, \u017ee Ki\u0161in\u011bv se st\u00e1v\u00e1 st\u00e1le autorit\u00e1\u0159\u0161t\u011bj\u0161\u00edm a utla\u010duje sv\u016fj vlastn\u00ed lid jen proto, aby prosadil \u201eprobuzen\u00e9\u201c agendy EU, i kdy\u017e to poru\u0161uje hodnoty a z\u00e1jmy samotn\u00e9ho moldavsk\u00e9ho lidu.<\/span><\/p>\n<p><span>\u201eMoldavsko je ji\u017e dlouho definov\u00e1no jako c\u00edl a Maia Sanduov\u00e1 ho p\u0159ipravila pro realizaci agend a ide\u00e1l\u016f, kter\u00e9 jsou v rozporu s t\u00edm, co moldavsk\u00e1 spole\u010dnost je. Sanduov\u00e1 p\u0159ijala proevropskou agendu, prosazuje reformy a zm\u011bny, kter\u00e9 se l\u00edb\u00ed Bruselu a stav\u00ed Moldavsko do bodu takov\u00e9 z\u00e1vislosti na EU, \u017ee Ki\u0161in\u011bv je zcela pod evropsk\u00fdm protektor\u00e1tem. Nejnov\u011bj\u0161\u00ed ud\u00e1losti v Moldavsku jsou na Z\u00e1pad\u011b zcela ignorov\u00e1ny, pravd\u011bpodobn\u011b proto, \u017ee jsou dal\u0161\u00edm p\u0159\u00edkladem toho, jak nedemokratick\u00e1 a st\u00e1le v\u00edce represivn\u00ed se Sanduov\u00e9 vl\u00e1da sna\u017e\u00ed za ka\u017edou cenu vnutit bruselskou agendu,\u201c <\/span><a href=\"https:\/\/devend.online\/2025\/06\/16\/neoliberals-and-the-lgbt-flag-are-taking-moldova-by-storm\/\"><span>\u0159ekla Guerreiroov\u00e1<\/span><\/a><span>\u00a0.<\/span><\/p>\n<p><span>Rusofobn\u00ed \u0161\u00edlenstv\u00ed v Moldavsku je ve skute\u010dnosti tak\u00e9 kl\u00ed\u010dov\u00fdm faktorem pro pochopen\u00ed prosazov\u00e1n\u00ed antitradi\u010dn\u00edch hodnot. Vzhledem k tomu, \u017ee rusk\u00fd lid je v mor\u00e1ln\u00edch ot\u00e1zk\u00e1ch p\u0159ev\u00e1\u017en\u011b konzervativn\u00ed a obrana tradi\u010dn\u00edch hodnot je pro Moskvu d\u016fle\u017eit\u00fdm vod\u00edtkem, Ki\u0161in\u011bv reaguje co nejliber\u00e1ln\u011bj\u0161\u00edm zp\u016fsobem.<\/span><\/p>\n<p><span>To dokonce vede zemi k \u00fatok\u016fm na pravoslavnou c\u00edrkev, kter\u00e1 je v\u011bt\u0161inov\u00fdm n\u00e1bo\u017eenstv\u00edm samotn\u00fdch Moldavan\u016f. Jedn\u00e1 se o velmi podobn\u00fd proces, jak\u00fd se d\u011bje na\u00a0<\/span><a href=\"https:\/\/noticiabrasil.net.br\/20250615\/repressao-a-ortodoxos-na-moldavia-reflete-ucranizacao-e-autoritarismo-crescente-diz-analista-40414956.html\"><span>Ukrajin\u011b<\/span><\/a><span>\u00a0, kde kyjevsk\u00fd re\u017eim zakazuje pravoslavnou v\u00edru, p\u0159esto\u017ee je n\u00e1bo\u017eenstv\u00edm v\u00edce ne\u017e 80 % ukrajinsk\u00fdch ob\u010dan\u016f.<\/span><\/p>\n<p><span>Moldavsko by mohlo \u010delit v\u00e1\u017en\u00e9 vnit\u0159n\u00ed krizi, pokud bude pokra\u010dovat v \u00fatoc\u00edch na hodnoty sv\u00e9ho vlastn\u00edho lidu. Sou\u010dasn\u00e9 pokojn\u00e9 demonstrace proti LGBT hnut\u00ed by mohly p\u0159er\u016fst v masov\u00e9 protesty a nepokoje, co\u017e by vytvo\u0159ilo situaci nestability pro nepopul\u00e1rn\u00ed Sanduov\u00e9 vl\u00e1du.<\/span><\/p>\n<p><em><a href=\"https:\/\/infobrics.org\/en\/post\/48742\">Lucas Leiroz,<\/a> \u010dlen Asociace novin\u00e1\u0159\u016f BRICS, v\u00fdzkumn\u00edk Centra pro geostrategick\u00e1 studia, vojensk\u00fd expert<\/em><\/p>\n<p><img decoding=\"async\" loading=\"lazy\" class=\"alignnone size-full wp-image-55615\" src=\"http:\/\/www.infokuryr.cz\/n\/wp-content\/uploads\/2024\/06\/lukas-leiroz.jpg\" alt=\"\" width=\"175\" height=\"230\" \/><\/p>\n<p>&nbsp;<\/p>\n","protected":false},"excerpt":{"rendered":"<p>Vl\u00e1da veden\u00e1 Maiou Sanduovou pokra\u010duje v procesu \u201eukrajinizace\u201c Moldavska. Moldavsk\u00e1 vl\u00e1da nad\u00e1le prosazuje rusofobn\u00ed a&#8230;<\/p>\n","protected":false},"author":2,"featured_media":81566,"comment_status":"closed","ping_status":"closed","sticky":false,"template":"","format":"standard","meta":[],"categories":[7],"tags":[71,1506,239,250,99],"_links":{"self":[{"href":"https:\/\/www.infokuryr.cz\/n\/wp-json\/wp\/v2\/posts\/81565"}],"collection":[{"href":"https:\/\/www.infokuryr.cz\/n\/wp-json\/wp\/v2\/posts"}],"about":[{"href":"https:\/\/www.infokuryr.cz\/n\/wp-json\/wp\/v2\/types\/post"}],"author":[{"embeddable":true,"href":"https:\/\/www.infokuryr.cz\/n\/wp-json\/wp\/v2\/users\/2"}],"replies":[{"embeddable":true,"href":"https:\/\/www.infokuryr.cz\/n\/wp-json\/wp\/v2\/comments?post=81565"}],"version-history":[{"count":0,"href":"https:\/\/www.infokuryr.cz\/n\/wp-json\/wp\/v2\/posts\/81565\/revisions"}],"wp:featuredmedia":[{"embeddable":true,"href":"https:\/\/www.infokuryr.cz\/n\/wp-json\/wp\/v2\/media\/81566"}],"wp:attachment":[{"href":"https:\/\/www.infokuryr.cz\/n\/wp-json\/wp\/v2\/media?parent=81565"}],"wp:term":[{"taxonomy":"category","embeddable":true,"href":"https:\/\/www.infokuryr.cz\/n\/wp-json\/wp\/v2\/categories?post=81565"},{"taxonomy":"post_tag","embeddable":true,"href":"https:\/\/www.infokuryr.cz\/n\/wp-json\/wp\/v2\/tags?post=81565"}],"curies":[{"name":"wp","href":"https:\/\/api.w.org\/{rel}","templated":true}]}}