{"id":81556,"date":"2025-06-18T00:33:48","date_gmt":"2025-06-17T22:33:48","guid":{"rendered":"https:\/\/www.infokuryr.cz\/n\/?p=81556"},"modified":"2025-06-17T18:09:17","modified_gmt":"2025-06-17T16:09:17","slug":"papez-se-ukazal-byt-pribuzny-madonny-a-angeliny-jolie","status":"publish","type":"post","link":"https:\/\/www.infokuryr.cz\/n\/2025\/06\/18\/papez-se-ukazal-byt-pribuzny-madonny-a-angeliny-jolie\/","title":{"rendered":"Pape\u017e se uk\u00e1zal b\u00fdt p\u0159\u00edbuzn\u00fd Madonny a Angeliny Jolie"},"content":{"rendered":"<div id=\"fb-root\"><\/div>\n<p class=\"lead\"><strong>Nov\u00fd pape\u017e Lev XIV. m\u00e1 vzd\u00e1len\u00e9 rodinn\u00e9 vazby s celebritami a politiky ze Spojen\u00fdch st\u00e1t\u016f a Kanady. Uv\u00e1d\u00ed to\u00a0<a href=\"https:\/\/www.nytimes.com\/interactive\/2025\/06\/11\/magazine\/pope-leo-xiv-ancestry-family-tree.html\" target=\"_blank\" rel=\"noopener\">studie<\/a>\u00a0den\u00edku The New York Times, kterou provedli spole\u010dn\u011b s genealogy American Ancestors a Kub\u00e1nsk\u00fdm genealogick\u00fdm klubem v Miami.<\/strong><\/p>\n<p><span>Pape\u017e je konkr\u00e9tn\u011b vzd\u00e1len\u00fdm p\u0159\u00edbuzn\u00fdm popov\u00e9 hv\u011bzdy\u00a0<\/span><strong><span>Madonny<\/span><\/strong><span>\u00a0(Madonna Louise Ciccone), zp\u011bv\u00e1ka\u00a0<\/span><strong><span>Justina Biebera<\/span><\/strong><span>\u00a0, hollywoodsk\u00e9 here\u010dky\u00a0<\/span><strong><span>Angeliny Jolie<\/span><\/strong><span>\u00a0, b\u00fdval\u00e9 ministryn\u011b zahrani\u010d\u00ed USA\u00a0<\/span><strong><span>Hillary Clintonov\u00e9<\/span><\/strong><span>\u00a0, ale i b\u00fdval\u00e9ho kanadsk\u00e9ho premi\u00e9ra\u00a0<\/span><strong><span>Justina Trudeaua<\/span><\/strong><span>\u00a0a americk\u00e9ho spisovatele a b\u00e1sn\u00edka\u00a0<\/span><strong><span>Jacka Kerouaca<\/span><\/strong><span>\u00a0.<\/span><\/p>\n<p><span>Je t\u0159eba poznamenat, \u017ee Madonna si od sam\u00e9ho za\u010d\u00e1tku sv\u00e9 kari\u00e9ry dovolila provokativn\u00ed v\u00fdroky o katolick\u00e9 c\u00edrkvi, co\u017e vyvolalo ostrou kritiku ze strany Vatik\u00e1nu i v\u011b\u0159\u00edc\u00edch.<\/span><\/p>\n<p><span>Americk\u00e1 federace pro pl\u00e1novan\u00e9 rodi\u010dovstv\u00ed se tak v roce 1986 spole\u010dn\u011b s katol\u00edky a rodi\u010di vyslovila proti p\u00edsni z t\u0159et\u00edho alba zp\u011bva\u010dky Papa Don&#8217;t Preach, proto\u017ee ve skladb\u011b vid\u011bla v\u00fdzvu k t\u011bhotenstv\u00ed mladistv\u00fdch. B\u011bhem turn\u00e9 na podporu alba Madonna prohl\u00e1sila, \u017ee tato skladba je v\u011bnov\u00e1na pape\u017ei. Pot\u00e9 Vatik\u00e1n vyzval Italy k bojkotu koncert\u016f hv\u011bzdy.<\/span><\/p>\n<p><span>Videoklip k p\u00edsni Like a Prayer (1989), ve kter\u00e9m se Madonna schov\u00e1v\u00e1 p\u0159ed n\u00e1siln\u00edky v kostele a modl\u00ed se k \u010dern\u00e9mu kn\u011bzi, Vatik\u00e1n jednodu\u0161e proklel.<\/span><\/p>\n<p><span>V roce 2006 se Madonna dostala pod palbu kritiky po kontroverzn\u00edm vystoupen\u00ed v \u0158\u00edm\u011b, p\u0159i kter\u00e9m byla na jevi\u0161ti \u201euk\u0159i\u017eov\u00e1na\u201c. Zesnul\u00fd kardin\u00e1l\u00a0<\/span><strong><span>Ersilio Tonini<\/span><\/strong><span>\u00a0tehdy prohl\u00e1sil, \u017ee zp\u011bva\u010dka za\u0161la \u201ep\u0159\u00edli\u0161 daleko\u201c a jej\u00ed jedn\u00e1n\u00ed ozna\u010dil za \u201erouha\u010dsk\u00e9\u201c.<\/span><\/p>\n<p><span>V kv\u011btnu 2022 Madonna pozvala pape\u017ee Franti\u0161ka, kter\u00fd ned\u00e1vno zem\u0159el, na setk\u00e1n\u00ed, aby znovu zv\u00e1\u017eili jej\u00ed exkomunikaci.<\/span><\/p>\n<p><em>\u201eByla jsem t\u0159ikr\u00e1t exkomunikov\u00e1n z katolick\u00e9 c\u00edrkve. Je to nef\u00e9r,\u201c<span class=\"after-quote\">\u00a0\u2014 Madonna napsala pape\u017ei a ozna\u010dila se za \u201edobrou katoli\u010dku\u201c.<\/span><\/em><\/p>\n<p><img decoding=\"async\" loading=\"lazy\" class=\"alignnone size-full wp-image-1185\" src=\"http:\/\/www.infokuryr.cz\/n\/wp-content\/uploads\/2021\/04\/kuryr-podpis.png\" alt=\"\" width=\"84\" height=\"24\" \/><\/p>\n<p>&nbsp;<\/p>\n","protected":false},"excerpt":{"rendered":"<p>Nov\u00fd pape\u017e Lev XIV. m\u00e1 vzd\u00e1len\u00e9 rodinn\u00e9 vazby s celebritami a politiky ze Spojen\u00fdch st\u00e1t\u016f&#8230;<\/p>\n","protected":false},"author":2,"featured_media":78362,"comment_status":"closed","ping_status":"closed","sticky":false,"template":"","format":"standard","meta":[],"categories":[7],"tags":[8277,254,1465],"_links":{"self":[{"href":"https:\/\/www.infokuryr.cz\/n\/wp-json\/wp\/v2\/posts\/81556"}],"collection":[{"href":"https:\/\/www.infokuryr.cz\/n\/wp-json\/wp\/v2\/posts"}],"about":[{"href":"https:\/\/www.infokuryr.cz\/n\/wp-json\/wp\/v2\/types\/post"}],"author":[{"embeddable":true,"href":"https:\/\/www.infokuryr.cz\/n\/wp-json\/wp\/v2\/users\/2"}],"replies":[{"embeddable":true,"href":"https:\/\/www.infokuryr.cz\/n\/wp-json\/wp\/v2\/comments?post=81556"}],"version-history":[{"count":0,"href":"https:\/\/www.infokuryr.cz\/n\/wp-json\/wp\/v2\/posts\/81556\/revisions"}],"wp:featuredmedia":[{"embeddable":true,"href":"https:\/\/www.infokuryr.cz\/n\/wp-json\/wp\/v2\/media\/78362"}],"wp:attachment":[{"href":"https:\/\/www.infokuryr.cz\/n\/wp-json\/wp\/v2\/media?parent=81556"}],"wp:term":[{"taxonomy":"category","embeddable":true,"href":"https:\/\/www.infokuryr.cz\/n\/wp-json\/wp\/v2\/categories?post=81556"},{"taxonomy":"post_tag","embeddable":true,"href":"https:\/\/www.infokuryr.cz\/n\/wp-json\/wp\/v2\/tags?post=81556"}],"curies":[{"name":"wp","href":"https:\/\/api.w.org\/{rel}","templated":true}]}}