{"id":81538,"date":"2025-06-18T00:16:40","date_gmt":"2025-06-17T22:16:40","guid":{"rendered":"https:\/\/www.infokuryr.cz\/n\/?p=81538"},"modified":"2025-06-17T13:40:51","modified_gmt":"2025-06-17T11:40:51","slug":"erik-best-trump-3-proti-macronovi","status":"publish","type":"post","link":"https:\/\/www.infokuryr.cz\/n\/2025\/06\/18\/erik-best-trump-3-proti-macronovi\/","title":{"rendered":"Erik Best: Trump + 3 proti Macronovi"},"content":{"rendered":"<div id=\"fb-root\"><\/div>\n<p>Kandid\u00e1t Donalda Trumpa na velvyslance v\u00a0\u010cesk\u00e9 republice, podnikatel Nicholas Merrick, ve \u010dtvrtek s\u00a0p\u0159ehledem pro\u0161el\u00a0<a href=\"https:\/\/www.foreign.senate.gov\/hearings\/nominations-06-12-2025\" target=\"_blank\" rel=\"noopener\">schvalovac\u00edm sly\u0161en\u00edm<\/a>\u00a0v\u00a0sen\u00e1tn\u00edm v\u00fdboru pro zahrani\u010dn\u00ed vztahy. P\u0159edsedaj\u00edc\u00ed Steve Daines (republik\u00e1n za st\u00e1t Montana) Merrickovi v\u00a0<a href=\"https:\/\/www.senate.gov\/isvp\/?auto_play=false&amp;comm=foreign&amp;filename=foreign061225&amp;poster=https:\/\/www.foreign.senate.gov\/assets\/images\/video-poster.png\" target=\"_blank\" rel=\"noopener\">67. minut\u011b<\/a>\u00a0projedn\u00e1v\u00e1n\u00ed \u0159ekl, \u017ee \u201eenergetick\u00e1 bezpe\u010dnost je n\u00e1rodn\u00ed bezpe\u010dnost\u00ed\u201c a\u00a0dot\u00e1zal se, zda dva pl\u00e1novan\u00e9 jadern\u00e9 reaktory v\u00a0\u010cesk\u00e9 republice p\u0159edstavuj\u00ed p\u0159\u00edle\u017eitost pro pos\u00edlen\u00ed\u00a0<a href=\"https:\/\/www.fsfinalword.cz\/?page=archive&amp;show=1&amp;day=2025-5-26\" target=\"_blank\" rel=\"noopener\">americk\u00fdch investic<\/a>\u00a0do evropsk\u00e9 jadern\u00e9 energie.<\/p>\n<p>Merrick odpov\u011bd\u011bl, \u017ee v\u00a0obou reaktorech bude hr\u00e1t roli americk\u00e1 spole\u010dnost Westinghouse a\u00a0\u017ee si mysl\u00ed, \u017ee \u010cesko z\u00a0hlediska energetick\u00e9 bezpe\u010dnosti odv\u00e1d\u00ed skv\u011blou pr\u00e1ci. To nazna\u010duje, \u017ee nov\u00fd americk\u00fd velvyslanec bude hr\u00e1t stejn\u011b velkou roli p\u0159i podpo\u0159e z\u00e1jm\u016f Westinghouse v\u00a0projektu dostavby Dukovan, jako jeho p\u0159edch\u016fdci p\u0159i podpo\u0159e jeho d\u0159\u00edv\u011bj\u0161\u00edch\u00a0<a href=\"https:\/\/www.fsfinalword.cz\/?page=archive&amp;show=1&amp;day=2012-12-3\" target=\"_blank\" rel=\"noopener\">z\u00e1jm\u016f v\u00a0Temel\u00edn\u011b<\/a>. Merrickovi budou pom\u00e1hat Kana\u010fan\u00e9 (kte\u0159\u00ed si\u00a0<a href=\"https:\/\/www.cbc.ca\/lite\/story\/1.7513169\" target=\"_blank\" rel=\"noopener\">Westinghouse rovn\u011b\u017e n\u00e1rokuj\u00ed<\/a>), \u010ce\u0161i a\u00a0Korejci.<\/p>\n<p>Pokud bude francouzsk\u00fd prezident Emmanuel Macron i\u00a0nad\u00e1le cht\u00edt Dukovany blokovat, mohlo by se to zvrhnout v\u00a0po\u0159\u00e1dnou bitvu.<\/p>\n<p><a href=\"https:\/\/www.fsfinalword.cz\/?page=archive&amp;day=2025-06-17&amp;utm_source=utm_source%3Dnewsletter&amp;utm_medium=utm_medium%3De-mail&amp;utm_campaign=utm_campaign%3Dfinal_word_17.6.2025\">Erik Best<\/a><\/p>\n<p><img decoding=\"async\" loading=\"lazy\" class=\"alignnone  wp-image-1179\" src=\"http:\/\/www.infokuryr.cz\/n\/wp-content\/uploads\/2021\/04\/erik-best.jpg\" alt=\"\" width=\"123\" height=\"138\" \/><\/p>\n<p><img decoding=\"async\" loading=\"lazy\" class=\"wp-image-80899 aligncenter\" src=\"http:\/\/www.infokuryr.cz\/n\/wp-content\/uploads\/2025\/06\/Vrabel-283x300.jpg\" alt=\"\" width=\"697\" height=\"739\" srcset=\"https:\/\/www.infokuryr.cz\/n\/wp-content\/uploads\/2025\/06\/Vrabel-283x300.jpg 283w, https:\/\/www.infokuryr.cz\/n\/wp-content\/uploads\/2025\/06\/Vrabel-966x1024.jpg 966w, https:\/\/www.infokuryr.cz\/n\/wp-content\/uploads\/2025\/06\/Vrabel-768x814.jpg 768w, https:\/\/www.infokuryr.cz\/n\/wp-content\/uploads\/2025\/06\/Vrabel-1024x1086.jpg 1024w, https:\/\/www.infokuryr.cz\/n\/wp-content\/uploads\/2025\/06\/Vrabel.jpg 1080w\" sizes=\"(max-width: 697px) 100vw, 697px\" \/><\/p>\n<p>&nbsp;<\/p>\n","protected":false},"excerpt":{"rendered":"<p>Kandid\u00e1t Donalda Trumpa na velvyslance v\u00a0\u010cesk\u00e9 republice, podnikatel Nicholas Merrick, ve \u010dtvrtek s\u00a0p\u0159ehledem pro\u0161el\u00a0schvalovac\u00edm sly\u0161en\u00edm\u00a0v\u00a0sen\u00e1tn\u00edm&#8230;<\/p>\n","protected":false},"author":2,"featured_media":1117,"comment_status":"closed","ping_status":"closed","sticky":false,"template":"","format":"standard","meta":[],"categories":[6],"tags":[182,285,1503,307],"_links":{"self":[{"href":"https:\/\/www.infokuryr.cz\/n\/wp-json\/wp\/v2\/posts\/81538"}],"collection":[{"href":"https:\/\/www.infokuryr.cz\/n\/wp-json\/wp\/v2\/posts"}],"about":[{"href":"https:\/\/www.infokuryr.cz\/n\/wp-json\/wp\/v2\/types\/post"}],"author":[{"embeddable":true,"href":"https:\/\/www.infokuryr.cz\/n\/wp-json\/wp\/v2\/users\/2"}],"replies":[{"embeddable":true,"href":"https:\/\/www.infokuryr.cz\/n\/wp-json\/wp\/v2\/comments?post=81538"}],"version-history":[{"count":0,"href":"https:\/\/www.infokuryr.cz\/n\/wp-json\/wp\/v2\/posts\/81538\/revisions"}],"wp:featuredmedia":[{"embeddable":true,"href":"https:\/\/www.infokuryr.cz\/n\/wp-json\/wp\/v2\/media\/1117"}],"wp:attachment":[{"href":"https:\/\/www.infokuryr.cz\/n\/wp-json\/wp\/v2\/media?parent=81538"}],"wp:term":[{"taxonomy":"category","embeddable":true,"href":"https:\/\/www.infokuryr.cz\/n\/wp-json\/wp\/v2\/categories?post=81538"},{"taxonomy":"post_tag","embeddable":true,"href":"https:\/\/www.infokuryr.cz\/n\/wp-json\/wp\/v2\/tags?post=81538"}],"curies":[{"name":"wp","href":"https:\/\/api.w.org\/{rel}","templated":true}]}}