{"id":81535,"date":"2025-06-18T00:13:01","date_gmt":"2025-06-17T22:13:01","guid":{"rendered":"https:\/\/www.infokuryr.cz\/n\/?p=81535"},"modified":"2025-06-17T13:41:33","modified_gmt":"2025-06-17T11:41:33","slug":"petr-pokorny-izrael-v-soku-hori-rafinerie-na-izraelska-mesta-padaji-bomby-kyjev-v-plamenech-prezident-trump-spesne-opustil-g7","status":"publish","type":"post","link":"https:\/\/www.infokuryr.cz\/n\/2025\/06\/18\/petr-pokorny-izrael-v-soku-hori-rafinerie-na-izraelska-mesta-padaji-bomby-kyjev-v-plamenech-prezident-trump-spesne-opustil-g7\/","title":{"rendered":"Petr Pokorn\u00fd: Izrael v \u0161oku, ho\u0159\u00ed rafin\u00e9rie, na izraelsk\u00e1 m\u011bsta padaj\u00ed bomby, Kyjev v plamenech, prezident Trump sp\u011b\u0161n\u011b opustil G7"},"content":{"rendered":"<div id=\"fb-root\"><\/div>\n<div class=\"introtext\">\n<h4>Netanjahu u\u017e nehraje o Izrael, ale o sv\u016fj \u017eivot. A pustil se do v\u00e1lky, kter\u00e1 Izrael vojensky, ale hlavn\u011b ekonomicky zni\u010d\u00ed. USA u\u017e necht\u011bj\u00ed financovat v\u00e1le\u010dn\u00e9 choutky Izraele a to by byl jeho konec. Sv\u011bt se zm\u011bnil za pades\u00e1t let!<\/h4>\n<\/div>\n<div class=\"fulltext\">\n<h2 class=\"article__title\">Nour News: P\u0159i \u00fatoku Izraele byli zabiti dva zam\u011bstnanci st\u00e1tn\u00ed televize a rozhlasov\u00e9 spole\u010dnosti \u00cdr\u00e1nu<\/h2>\n<p>Jak bylo up\u0159esn\u011bno, ob\u011b\u0165mi ost\u0159elov\u00e1n\u00ed byli \u0161\u00e9fredaktor zpravodajsk\u00e9ho odd\u011blen\u00ed a zam\u011bstnanec sekretari\u00e1tu.<\/p>\n<h3>Izrael<\/h3>\n<p>Nejv\u00fdznamn\u011bj\u0161\u00edmi \u0161kodami zat\u00edm bylo v p\u0159\u00edstavu Haifa, kde byly zastaveny rafin\u00e9rsk\u00e9 operace kv\u016fli v\u00e1\u017en\u00e9mu po\u0161kozen\u00ed rafin\u00e9rie. To je jedna ze dvou rafin\u00e9ri\u00ed. Izrael zdokonaluje velk\u00fd kus benzinu, nafty a leteck\u00e9ho paliva a bude to zna\u010dn\u011b nepohodln\u00e9 a pro Izrael obt\u00ed\u017en\u00e9 to zvl\u00e1dnout.<\/p>\n<h4>Izraelci za posledn\u00edch 40 nebo 50 let nic takov\u00e9ho neza\u017eili. Pro mnoho Izraelc\u016f to \u0161okuje.<\/h4>\n<p><img decoding=\"async\" loading=\"lazy\" class=\"aligncenter\" src=\"https:\/\/www.skrytapravda.cz\/images\/blogy\/2951\/2025\/6%C4%8Derven\/Sn%C3%ADmek_obrazovky_3460_73aa7.webp\" alt=\"Sn\u00edmek obrazovky 3460 73aa7\" width=\"689\" height=\"326\" \/><\/p>\n<p>Izraelci si za\u010d\u00ednaj\u00ed uv\u011bdomovat, \u017ee je to velmi, velmi nebezpe\u010dn\u00e1 situace, ve kter\u00e9 se nach\u00e1zej\u00ed.<\/p>\n<p>Na dal\u0161\u00ed \u00fadary Izraele odpov\u011bd\u011bl Ir\u00e1n tvrd\u011b a napadl dal\u0161\u00ed energetick\u00e1 za\u0159\u00edzen\u00ed.<\/p>\n<h3>Hormuzsk\u00fd pr\u016fliv<\/h3>\n<p>\u00cdr\u00e1nsk\u00e1 tiskov\u00e1 agentura IRINN citovala kl\u00ed\u010dov\u00e9ho konzervativn\u00edho z\u00e1konod\u00e1rce zem\u011b Esmaila Kosariho, kter\u00fd po\u010d\u00e1tkem t\u00fddne uvedl, \u017ee pr\u016fliv m\u016f\u017ee b\u00fdt uzav\u0159en, proto\u017ee Izrael zintenziv\u0148uje sv\u00e9 \u00fatoky na \u00cdr\u00e1n. Odborn\u00edci uvedli, \u017ee jak\u00e9koli uzav\u0159en\u00ed pr\u016flivu by mohlo omezit obchod a ovlivnit glob\u00e1ln\u00ed ceny ropy.<\/p>\n<p>Izrael m\u00e1 letecky p\u0159evahu a preventivn\u00edm prvn\u00edm \u00faderem se j\u00ed sna\u017eil vyu\u017e\u00edt, \u010d\u00edm\u017e p\u0159ekvapil Ir\u00e1n, ale nyn\u00ed c\u00edlen\u00e9 \u00fatoky na energetiku Izrael t\u011b\u017ece oslabuj\u00ed.<\/p>\n<div class=\"Message_wrapper__Gt45v\">\n<div class=\"Message_date__ZYTVq\">\n<div class=\"tass_pkg_caption-MI-Pm tass_pkg_caption--size_extra_large-MiP6y tass_pkg_caption--font_weight_medium-4UIKi tass_pkg_caption--color_primary-LP767\">04:25<\/div>\n<\/div>\n<div class=\"Message_body__kK__g Message_body--with_divider__XkN89\">\n<p class=\"Paragraph_paragraph__9WAFK\">Izraelsk\u00e1 arm\u00e1da zaznamenala dal\u0161\u00ed raketovou salvu z \u00cdr\u00e1nu, na severu zem\u011b jsou leteck\u00e9 poplachy.<\/p>\n<\/div>\n<\/div>\n<div class=\"Message_wrapper__Gt45v\">\n<div class=\"Message_date__ZYTVq\">\n<div class=\"tass_pkg_caption-MI-Pm tass_pkg_caption--size_extra_large-MiP6y tass_pkg_caption--font_weight_medium-4UIKi tass_pkg_caption--color_primary-LP767\">04:24<\/div>\n<\/div>\n<div class=\"Message_body__kK__g Message_body--with_divider__XkN89\">\n<p class=\"Paragraph_paragraph__9WAFK\">Americk\u00fd prezident Donald Trump instruoval\u00a0\u00a0p\u0159edstavitele sv\u00e9 administrativy, aby se pokusili co nejd\u0159\u00edve uspo\u0159\u00e1dat sch\u016fzku s \u00edr\u00e1nsk\u00fdmi p\u0159edstaviteli.<br \/>\n__________<\/p>\n<\/div>\n<\/div>\n<div class=\"explanation wholeWidth\">\n<div class=\"explanationContent\">\n<p><span style=\"color: #993366;\"><strong>A \u017did\u00e9 se chovaj\u00ed jako \u0161\u00edlen\u00e1 sb\u011b\u0159<\/strong><\/span><\/p>\n<p><span style=\"color: #993366;\">Nejm\u00e9n\u011b 56 Palestinc\u016f bylo zabito od \u00fasvitu v cel\u00e9 Gaze, v\u010detn\u011b 38 lid\u00ed, kte\u0159\u00ed hledali pomoc pro sv\u00e9 hladov\u00e9 rodiny na distribu\u010dn\u00edch m\u00edstech, v\u011bt\u0161inou v oblasti Raf\u00e1h na jihu, \u0159ekly l\u00e9ka\u0159sk\u00e9 zdroje Al-D\u017eaz\u00edra.<\/span><\/p>\n<p><span style=\"color: #993366;\">Nejnov\u011bj\u0161\u00ed masakr v pond\u011bl\u00ed p\u0159i\u0161el na kontroverzn\u00edch m\u00edstech provozovan\u00fdch Humanit\u00e1rn\u00ed nadac\u00ed v Gaze (GHF), kter\u00e1 je podporov\u00e1na Spojen\u00fdmi st\u00e1ty a Izraelem a p\u016fsob\u00ed v oblastech, kter\u00e9 jsou p\u0159\u00edsn\u011b kontrolov\u00e1ny izraelskou arm\u00e1dou a kter\u00e9 kritici ozna\u010dili za \u201elidsk\u00e1 jatka\u201c.<\/span><\/p>\n<p>__________<\/p>\n<\/div>\n<\/div>\n<p>(U\u017e i \u010cesk\u00e1 televize za\u010d\u00edn\u00e1 informovat, co skute\u010dn\u011b Izrael za masakry na \u017een\u00e1ch a d\u011btech prov\u00e1d\u00ed!)<\/p>\n<h3>Fale\u0161n\u00e9 st\u00edha\u010dky utlumily j\u00e1sot Izraele<\/h3>\n<p>\u00cdr\u00e1nsk\u00e9 st\u00edha\u010dky F-14, o kter\u00fdch Izrael tvrdil, \u017ee byly zni\u010deny p\u0159i ned\u00e1vn\u00e9m \u00fatoku, se uk\u00e1zaly b\u00fdt n\u00e1vnadami, informovala \u00edr\u00e1nsk\u00e1 tiskov\u00e1 agentura Press TV.\u201eNavzdory tvrzen\u00edm Izraele, \u017ee odhalil a zni\u010dil st\u00edha\u010dky F-14 \u00edr\u00e1nsk\u00e9ho letectva, bylo potvrzeno, \u017ee napaden\u00e9 c\u00edle byly fale\u0161n\u00e9. Byly instalov\u00e1ny na mezin\u00e1rodn\u00edm leti\u0161ti Mehrabad,\u201c uvedla agentura<\/p>\n<h3>Mezit\u00edm je hl\u00e1\u0161en obrovsk\u00fd n\u00e1let na Kyjev<\/h3>\n<p>V Kyjev\u011b byly v d\u016fsledku v\u00fdbuch\u016f po\u0161kozeny kriticky d\u016fle\u017eit\u00e9 objekty. Ozn\u00e1mil to \u0161\u00e9f ukrajinsk\u00e9ho ministerstva vnitra Igor Klimenko. Jak uvedla bezpe\u010dnostn\u00ed agentura, v\u00e1\u017en\u00e9 \u0161kody byly zp\u016fsobeny na 27 m\u00edstech. Zpr\u00e1va byla zve\u0159ejn\u011bna na telegramov\u00e9m kan\u00e1lu ukrajinsk\u00e9ho ministerstva vnitra.<\/p>\n<p><a href=\"https:\/\/www.skrytapravda.cz\/ze-zahranici\/2628-izrael-v-soku-hori-rafinerie-na-izraelska-mesta-padaji-bomby-kyjev-v-plamenech-prezident-trump-spesne-opustil-g7\">Petr Pokorn\u00fd<\/a><\/p>\n<p><img decoding=\"async\" loading=\"lazy\" class=\"wp-image-80899 aligncenter\" src=\"http:\/\/www.infokuryr.cz\/n\/wp-content\/uploads\/2025\/06\/Vrabel-283x300.jpg\" alt=\"\" width=\"711\" height=\"754\" srcset=\"https:\/\/www.infokuryr.cz\/n\/wp-content\/uploads\/2025\/06\/Vrabel-283x300.jpg 283w, https:\/\/www.infokuryr.cz\/n\/wp-content\/uploads\/2025\/06\/Vrabel-966x1024.jpg 966w, https:\/\/www.infokuryr.cz\/n\/wp-content\/uploads\/2025\/06\/Vrabel-768x814.jpg 768w, https:\/\/www.infokuryr.cz\/n\/wp-content\/uploads\/2025\/06\/Vrabel-1024x1086.jpg 1024w, https:\/\/www.infokuryr.cz\/n\/wp-content\/uploads\/2025\/06\/Vrabel.jpg 1080w\" sizes=\"(max-width: 711px) 100vw, 711px\" \/><\/p>\n<p>&nbsp;<\/p>\n<\/div>\n","protected":false},"excerpt":{"rendered":"<p>Netanjahu u\u017e nehraje o Izrael, ale o sv\u016fj \u017eivot. A pustil se do v\u00e1lky, kter\u00e1&#8230;<\/p>\n","protected":false},"author":2,"featured_media":81536,"comment_status":"closed","ping_status":"closed","sticky":false,"template":"","format":"standard","meta":[],"categories":[6],"tags":[107,1503,26,40],"_links":{"self":[{"href":"https:\/\/www.infokuryr.cz\/n\/wp-json\/wp\/v2\/posts\/81535"}],"collection":[{"href":"https:\/\/www.infokuryr.cz\/n\/wp-json\/wp\/v2\/posts"}],"about":[{"href":"https:\/\/www.infokuryr.cz\/n\/wp-json\/wp\/v2\/types\/post"}],"author":[{"embeddable":true,"href":"https:\/\/www.infokuryr.cz\/n\/wp-json\/wp\/v2\/users\/2"}],"replies":[{"embeddable":true,"href":"https:\/\/www.infokuryr.cz\/n\/wp-json\/wp\/v2\/comments?post=81535"}],"version-history":[{"count":0,"href":"https:\/\/www.infokuryr.cz\/n\/wp-json\/wp\/v2\/posts\/81535\/revisions"}],"wp:featuredmedia":[{"embeddable":true,"href":"https:\/\/www.infokuryr.cz\/n\/wp-json\/wp\/v2\/media\/81536"}],"wp:attachment":[{"href":"https:\/\/www.infokuryr.cz\/n\/wp-json\/wp\/v2\/media?parent=81535"}],"wp:term":[{"taxonomy":"category","embeddable":true,"href":"https:\/\/www.infokuryr.cz\/n\/wp-json\/wp\/v2\/categories?post=81535"},{"taxonomy":"post_tag","embeddable":true,"href":"https:\/\/www.infokuryr.cz\/n\/wp-json\/wp\/v2\/tags?post=81535"}],"curies":[{"name":"wp","href":"https:\/\/api.w.org\/{rel}","templated":true}]}}