{"id":81505,"date":"2025-06-17T06:47:28","date_gmt":"2025-06-17T04:47:28","guid":{"rendered":"https:\/\/www.infokuryr.cz\/n\/?p=81505"},"modified":"2025-06-17T06:47:28","modified_gmt":"2025-06-17T04:47:28","slug":"jindrich-kulhavy-vysoka-politika","status":"publish","type":"post","link":"https:\/\/www.infokuryr.cz\/n\/2025\/06\/17\/jindrich-kulhavy-vysoka-politika\/","title":{"rendered":"Jind\u0159ich Kulhav\u00fd: Vysok\u00e1 politika"},"content":{"rendered":"<div id=\"fb-root\"><\/div>\n<p><strong><span class=\"anotation\">Kauz spojen\u00fdch s\u00a0politikou na povrch vyl\u00e9z\u00e1 mnohem m\u00e9n\u011b, ne\u017e si v\u016fbec uv\u011bdomujeme. Ob\u010das n\u011bco vy\u0161\u0165ouraj\u00ed novin\u00e1\u0159i, nicm\u00e9n\u011b t\u011bch odv\u00e1\u017en\u00fdch, kte\u0159\u00ed by se pustili do re\u00e1ln\u00e9ho pozad\u00ed p\u0159ipom\u00ednaj\u00edc\u00ed podsv\u011bt\u00ed z\u00a0film\u016f o mafii, je minimum. Ostatn\u011b obavy o rodiny, vlastn\u00ed \u017eivot i budoucnost jsou v\u017edy siln\u011bj\u0161\u00ed ne\u017e touha o tom n\u011bco skute\u010dn\u011b odhalit. A tak \u017eijeme v\u00a0bludu p\u0159esv\u011bd\u010deni o tom, \u017ee v\u0161e je tak, jak n\u00e1m p\u0159edkl\u00e1daj\u00ed, ale ve skute\u010dnosti je tomu jinak.<\/span><\/strong><\/p>\n<div id=\"pagetext\">\n<p>\u00a0 Tajn\u00e9 slu\u017eby odv\u00e1d\u00ed pr\u00e1ci mnohem \u0161pinav\u011bj\u0161\u00ed, ne\u017e tu\u0161\u00edme. R\u016fzn\u011b zmizel\u00ed lid\u00e9 \u010dasto um\u00edraj\u00edc\u00ed p\u0159i r\u016fzn\u00fdch nehod\u00e1ch maj\u00ed \u010dasto \u00fapln\u011b jinou historii, ne\u017e je zve\u0159ejn\u011bno. Mrtv\u00ed kolem Dozimetru jsou toho p\u0159\u00edkladem, i kdy\u017e v\u011bt\u0161inou jde o prost\u00e9 p\u011b\u0161\u00e1ky. Ti re\u00e1ln\u00ed loutkovodi\u010de nikdo nezn\u00e1. Tzv. b\u00edl\u00ed koni jsou mnohokr\u00e1t bezv\u00fdznamn\u00ed lid\u00e9, kte\u0159\u00ed si na chvilku \u010duchnuli k\u00a0pen\u011bz\u016fm, aby byli pozd\u011bji uklizeni. Mohou to b\u00fdt bezdomovci, lid\u00e9 v\u00a0nouzi \u010di \u0161\u00edb\u0159i mysl\u00edc\u00ed si, \u017ee v\u0161echny p\u0159evezou. Skon\u010d\u00ed stejn\u011b. V\u00a0patrech, kde se to\u010d\u00ed miliardy, jde o nicotn\u00e9 osoby. Ostatn\u011b pr\u00e1v\u011b tam se pen\u00edze n\u011bkdy ani nepo\u010d\u00edtaj\u00ed, proto\u017ee jich je tam tolik, \u017ee je d\u016fle\u017eit\u011bj\u0161\u00ed vliv. A schopnost vypo\u0159\u00e1dat se s\u00a0ka\u017ed\u00fdm, kdo p\u0159estane b\u00fdt u\u017eite\u010dn\u00fd \u010di p\u0159ekro\u010d\u00ed jist\u00e9 hranice.<\/p>\n<p>Prost\u0159ed\u00ed tajn\u00fdch slu\u017eeb zn\u00e1me sp\u00ed\u0161e z\u00a0film\u016f. V\u00a0b\u011b\u017en\u00e9m \u017eivotu v\u0161ak nem\u00e1te \u0161anci poznat, jak\u00e9 mo\u017enosti agenti maj\u00ed. Nav\u00edc vlastn\u011b ani netu\u0161\u00edte, kdo jimi je. Ti nejlep\u0161\u00ed maj\u00ed \u00fapln\u011b jinou identitu a hlavn\u011b v\u016fbec nemluv\u00ed. Na ve\u0159ejnost se pot\u00e9 dost\u00e1vaj\u00ed zna\u010dn\u011b upraven\u00e9 verze re\u00e1ln\u00e9ho d\u011bn\u00ed, je li to v\u016fbec nutn\u00e9. O Dozimetru a jeho pozad\u00ed se ven dostalo minimum informac\u00ed, Kampeli\u010dka se provalila d\u00edky amat\u00e9rismu akt\u00e9r\u016f a v\u00a0obou p\u0159\u00edpadech p\u00e1r mrtv\u00fdch poukazuje na to, \u017ee v\u0161e bylo jinak, ne\u017e se provalilo. A v\u011b\u0159te, \u017ee mnohem v\u00edce z\u016fstalo utajeno. Rozkr\u00e1d\u00e1n\u00ed Motolsk\u00e9 nemocnice tak\u00e9 nebylo ot\u00e1zkou n\u00e1hody. Jen n\u011bkdo p\u0159ekro\u010dil hranice nebo nahlas mlaskal.<\/p>\n<p>Bitcoiny, to bude tak\u00e9 lah\u016fdka. Nenasytn\u00ed v\u0161e usp\u011bchali, p\u0159ekombinovali a jsme si jist\u00ed, \u017ee tady \u0161lo, a je\u0161t\u011b p\u016fjde o mnohem v\u00edce miliard. Cel\u00e9 prost\u0159ed\u00ed kryptom\u011bn a digit\u00e1ln\u00edch pen\u011bz je natolik spletitou sf\u00e9rou, \u017ee se v\u00a0n\u00ed i v\u00a0budoucnosti bude kr\u00e1st ve velk\u00e9m. Hry s\u00a0hodnotami, digit\u00e1ln\u00ed pen\u011b\u017eenky a r\u016fzn\u00e9 typy \u00fa\u010dt\u016f budou pro ty, kte\u0159\u00ed budou celou tu s\u00ed\u0165 ovl\u00e1dat, bohat\u00fdm nalezi\u0161t\u011bm, z\u00e1rove\u0148 umo\u017en\u00ed zaprv\u00e9 hl\u00eddat ostatn\u00ed, zadruh\u00e9 kr\u00e1st ve velk\u00e9m. Prost\u00fd ob\u010dan na tom bude bit, gr\u00e1zlov\u00e9 dostanou p\u0159es prsty, p\u0159ekro\u010d\u00ed li jist\u00e9 hranice, vl\u00e1dci budou extr\u00e9mn\u011b bohatnout. A nad v\u0161\u00edm budou dohl\u00ed\u017eet tajn\u00e9 slu\u017eby a kdokoliv zajde d\u00e1le, ne\u017e bude z\u00e1hodno, zmiz\u00ed. A s n\u00edm mnoho tajemstv\u00ed. Opravdu v\u011b\u0159\u00edte tomu, \u017ee v\u0161e bylo tak, jak n\u00e1m je p\u0159edkl\u00e1d\u00e1no, a se st\u00e1tem obchodoval jak\u00fdsi jeden nezn\u00e1m\u00fd amat\u00e9rsk\u00fd miliard\u00e1\u0159, kter\u00fd nav\u00edc u\u017e asi ani nen\u00ed? Ne\u0161lo o klasickou figuru maj\u00edc\u00ed zast\u0159\u00edt, \u017ee imagin\u00e1rn\u00ed tr\u017ei\u0161t\u011b vykradl n\u011bkdo \u00fapln\u011b jin\u00fd?<\/p>\n<p>Mo\u017en\u00e1 bude lep\u0161\u00ed d\u011blat, \u017ee v\u011b\u0159\u00edte p\u0159edlo\u017een\u00e9 verzi. Jist\u00e9 je, \u017ee jde o tak horkou bramboru, \u017ee i ministr spravedlnosti byl bez probl\u00e9m\u016f uklizen a premi\u00e9r nen\u00ed natolik d\u016fle\u017eit\u00fd, aby o v\u0161em v\u011bd\u011bl. Ostatn\u011b Fiala nen\u00ed schopen ment\u00e1ln\u011b takov\u00e9 v\u011bci pochopit. Podobn\u011b na tom b\u00fdval Gross. Jsou to loutky s\u00a0omezen\u00fdm prostorem pro sv\u00e9 ideologie, ale jejich pohyb na \u0161achovnici ovl\u00e1daj\u00ed jin\u00ed. P\u00e1chaj\u00ed zv\u011brstva, ob\u00edraj\u00ed ob\u010dany a z\u00e1rove\u0148 mus\u00ed poslouchat a slou\u017eit. Necht\u011bjte b\u00fdt mu\u0161kou schopnou proniknout na jedn\u00e1n\u00ed velk\u00fdch hr\u00e1\u010d\u016f. Mo\u017en\u00e1 by v\u00e1m z\u00a0toho nebylo dob\u0159e. A v\u011b\u0159te tomu, \u017ee va\u0161e sebev\u011bt\u0161\u00ed \u00faspory jsou nic proti tomu, jak\u00e9 pen\u00edze se to\u010d\u00ed jinde. Vy jen t\u011bmi sv\u00fdmi v\u0161e plat\u00edte. Ani\u017e byste m\u011bli \u0161anci to ovlivnit. \u017dijeme v\u00a0\u00e9\u0159e gauner\u016f, mafi\u00e1n\u016f, zlod\u011bj\u016f. Skute\u010dn\u00ed vl\u00e1dci jsou skryti v\u00a0pozad\u00ed. Mo\u017en\u00e1 si mysl\u00edte, \u017ee jsem se zbl\u00e1znil, ale to je Va\u0161e v\u011bc. Nikdy se nedozv\u00edme v\u00edce, ne\u017e n\u00e1m je ur\u010deno. A kdo ano, hazarduje se sv\u00fdm \u017eivotem. Takov\u00fd vlak \u010di autonehoda jsou pot\u00e9 jedin\u00fdm l\u00e9kem na zv\u011bdavost. Bohu\u017eel, tak to je. Kdy\u017e si hraj\u00ed velc\u00ed kluci, l\u00e9taj\u00ed t\u0159\u00edsky.<\/p>\n<p><a href=\"https:\/\/www.inadhled.live\/uvaha-dne\/vysoka-politika\/\">Jind\u0159ich Kulhav\u00fd<\/a><\/p>\n<p><img decoding=\"async\" loading=\"lazy\" class=\"alignnone size-full wp-image-48136\" src=\"http:\/\/www.infokuryr.cz\/n\/wp-content\/uploads\/2024\/02\/kulhavy-jindrich.jpg\" alt=\"\" width=\"219\" height=\"221\" srcset=\"https:\/\/www.infokuryr.cz\/n\/wp-content\/uploads\/2024\/02\/kulhavy-jindrich.jpg 219w, https:\/\/www.infokuryr.cz\/n\/wp-content\/uploads\/2024\/02\/kulhavy-jindrich-150x150.jpg 150w\" sizes=\"(max-width: 219px) 100vw, 219px\" \/><\/p>\n<\/div>\n<p>&nbsp;<\/p>\n<p><img decoding=\"async\" loading=\"lazy\" class=\"wp-image-80899 aligncenter\" src=\"http:\/\/www.infokuryr.cz\/n\/wp-content\/uploads\/2025\/06\/Vrabel-283x300.jpg\" alt=\"\" width=\"742\" height=\"787\" srcset=\"https:\/\/www.infokuryr.cz\/n\/wp-content\/uploads\/2025\/06\/Vrabel-283x300.jpg 283w, https:\/\/www.infokuryr.cz\/n\/wp-content\/uploads\/2025\/06\/Vrabel-966x1024.jpg 966w, https:\/\/www.infokuryr.cz\/n\/wp-content\/uploads\/2025\/06\/Vrabel-768x814.jpg 768w, https:\/\/www.infokuryr.cz\/n\/wp-content\/uploads\/2025\/06\/Vrabel-1024x1086.jpg 1024w, https:\/\/www.infokuryr.cz\/n\/wp-content\/uploads\/2025\/06\/Vrabel.jpg 1080w\" sizes=\"(max-width: 742px) 100vw, 742px\" \/><\/p>\n<p>&nbsp;<\/p>\n","protected":false},"excerpt":{"rendered":"<p>Kauz spojen\u00fdch s\u00a0politikou na povrch vyl\u00e9z\u00e1 mnohem m\u00e9n\u011b, ne\u017e si v\u016fbec uv\u011bdomujeme. Ob\u010das n\u011bco vy\u0161\u0165ouraj\u00ed&#8230;<\/p>\n","protected":false},"author":2,"featured_media":81506,"comment_status":"closed","ping_status":"closed","sticky":false,"template":"","format":"standard","meta":[],"categories":[6],"tags":[9250,8808,1503,122],"_links":{"self":[{"href":"https:\/\/www.infokuryr.cz\/n\/wp-json\/wp\/v2\/posts\/81505"}],"collection":[{"href":"https:\/\/www.infokuryr.cz\/n\/wp-json\/wp\/v2\/posts"}],"about":[{"href":"https:\/\/www.infokuryr.cz\/n\/wp-json\/wp\/v2\/types\/post"}],"author":[{"embeddable":true,"href":"https:\/\/www.infokuryr.cz\/n\/wp-json\/wp\/v2\/users\/2"}],"replies":[{"embeddable":true,"href":"https:\/\/www.infokuryr.cz\/n\/wp-json\/wp\/v2\/comments?post=81505"}],"version-history":[{"count":0,"href":"https:\/\/www.infokuryr.cz\/n\/wp-json\/wp\/v2\/posts\/81505\/revisions"}],"wp:featuredmedia":[{"embeddable":true,"href":"https:\/\/www.infokuryr.cz\/n\/wp-json\/wp\/v2\/media\/81506"}],"wp:attachment":[{"href":"https:\/\/www.infokuryr.cz\/n\/wp-json\/wp\/v2\/media?parent=81505"}],"wp:term":[{"taxonomy":"category","embeddable":true,"href":"https:\/\/www.infokuryr.cz\/n\/wp-json\/wp\/v2\/categories?post=81505"},{"taxonomy":"post_tag","embeddable":true,"href":"https:\/\/www.infokuryr.cz\/n\/wp-json\/wp\/v2\/tags?post=81505"}],"curies":[{"name":"wp","href":"https:\/\/api.w.org\/{rel}","templated":true}]}}