{"id":815,"date":"2021-04-16T05:07:39","date_gmt":"2021-04-16T03:07:39","guid":{"rendered":"http:\/\/www.infokuryr.cz\/n\/?p=815"},"modified":"2021-04-16T05:40:47","modified_gmt":"2021-04-16T03:40:47","slug":"rusti-velvyslanci-byli-predvolani-na-ministerstva-zahranici-velke-britanie-a-polska","status":"publish","type":"post","link":"https:\/\/www.infokuryr.cz\/n\/2021\/04\/16\/rusti-velvyslanci-byli-predvolani-na-ministerstva-zahranici-velke-britanie-a-polska\/","title":{"rendered":"Ru\u0161t\u00ed velvyslanci byli p\u0159edvol\u00e1ni na ministerstva zahrani\u010d\u00ed Velk\u00e9 Brit\u00e1nie a Polska"},"content":{"rendered":"<div id=\"fb-root\"><\/div>\n<div class=\"b-article__lead\">\n<p><strong>Britsk\u00e9 ministerstvo zahrani\u010d\u00ed p\u0159edvolalo rusk\u00e9ho velvyslance v Lond\u00fdn\u011b Andreje Kelina v souvislosti s ruskou \u201enep\u0159\u00e1telskou lini\u00ed chov\u00e1n\u00ed\u201c. T\u00e9m\u011b\u0159 sou\u010dasn\u011b vy\u0161lo najevo, \u017ee rusk\u00fd velvyslanec ve Var\u0161av\u011b Sergej Andrejev byl p\u0159edvol\u00e1n na polsk\u00e9 ministerstvo zahrani\u010d\u00ed.<\/strong><\/p>\n<\/div>\n<div class=\"b-article__text\">\n<p>Uv\u00e1d\u00ed se, \u017ee p\u0159edvol\u00e1n\u00ed rusk\u00e9ho velvyslance v Lond\u00fdn\u011b souvis\u00ed s \u201ehlubok\u00fdm znepokojen\u00edm Velk\u00e9 Brit\u00e1nie kv\u016fli nep\u0159\u00e1telsk\u00e9mu chov\u00e1n\u00ed Ruska, v\u010detn\u011b kybernetick\u00fdch \u00fatok\u016f, z\u00e1sah\u016f do demokratick\u00fdch proces\u016f a pos\u00edlen\u00ed vojensk\u00e9 p\u0159\u00edtomnosti na ukrajinsk\u00e9 hranici a na neleg\u00e1ln\u011b anektovan\u00e9m Krymu\u201c.<\/p>\n<p>Podle diplomatick\u00fdch zdroj\u016f polsk\u00e9 agentury PAP \u201ev\u00fdzva souvis\u00ed mimo jin\u00e9 se zaveden\u00edm nov\u00fdch sankc\u00ed USA proti Rusku\u201c. Dal\u0161\u00edm d\u016fvodem m\u016f\u017ee b\u00fdt situace na\u00a0v\u00fdchodn\u00ed hranici Ukrajiny.<\/p>\n<h3>Polsko prohl\u00e1silo t\u0159i rusk\u00e9 diplomaty za persona non grata<\/h3>\n<p>T\u0159i zam\u011bstnanci rusk\u00e9ho velvyslanectv\u00ed ve Var\u0161av\u011b byli prohl\u00e1\u0161eni za\u00a0<strong>persona non grata<\/strong>, uvedlo polsk\u00e9 ministerstvo zahrani\u010d\u00ed.<\/p>\n<p>P\u0159\u00edslu\u0161n\u00e1 n\u00f3ta byla p\u0159ed\u00e1na rusk\u00e9mu velvyslanci Sergeji Andrej evovi, kter\u00fd byl p\u0159edt\u00edm p\u0159edvol\u00e1n na polsk\u00e9 ministerstvo zahrani\u010d\u00ed.<\/p>\n<p>Uv\u00e1d\u00ed se, \u017ee d\u016fvodem takov\u00e9ho rozhodnut\u00ed bylo \u201eporu\u0161en\u00ed podm\u00ednek diplomatick\u00e9ho statusu a proveden\u00ed akc\u00ed v neprosp\u011bch Polsk\u00e9 republiky uveden\u00fdmi osobami\u201c.<\/p>\n<\/div>\n<p><a href=\"https:\/\/sptnkne.ws\/FWPS\"><span style=\"font-size: 10pt;\">ZDROJ<\/span><\/a><\/p>\n<p>&nbsp;<\/p>\n","protected":false},"excerpt":{"rendered":"<p>Britsk\u00e9 ministerstvo zahrani\u010d\u00ed p\u0159edvolalo rusk\u00e9ho velvyslance v Lond\u00fdn\u011b Andreje Kelina v souvislosti s ruskou \u201enep\u0159\u00e1telskou&#8230;<\/p>\n","protected":false},"author":2,"featured_media":822,"comment_status":"closed","ping_status":"closed","sticky":false,"template":"","format":"standard","meta":[],"categories":[7],"tags":[61,31,22,26],"_links":{"self":[{"href":"https:\/\/www.infokuryr.cz\/n\/wp-json\/wp\/v2\/posts\/815"}],"collection":[{"href":"https:\/\/www.infokuryr.cz\/n\/wp-json\/wp\/v2\/posts"}],"about":[{"href":"https:\/\/www.infokuryr.cz\/n\/wp-json\/wp\/v2\/types\/post"}],"author":[{"embeddable":true,"href":"https:\/\/www.infokuryr.cz\/n\/wp-json\/wp\/v2\/users\/2"}],"replies":[{"embeddable":true,"href":"https:\/\/www.infokuryr.cz\/n\/wp-json\/wp\/v2\/comments?post=815"}],"version-history":[{"count":0,"href":"https:\/\/www.infokuryr.cz\/n\/wp-json\/wp\/v2\/posts\/815\/revisions"}],"wp:featuredmedia":[{"embeddable":true,"href":"https:\/\/www.infokuryr.cz\/n\/wp-json\/wp\/v2\/media\/822"}],"wp:attachment":[{"href":"https:\/\/www.infokuryr.cz\/n\/wp-json\/wp\/v2\/media?parent=815"}],"wp:term":[{"taxonomy":"category","embeddable":true,"href":"https:\/\/www.infokuryr.cz\/n\/wp-json\/wp\/v2\/categories?post=815"},{"taxonomy":"post_tag","embeddable":true,"href":"https:\/\/www.infokuryr.cz\/n\/wp-json\/wp\/v2\/tags?post=815"}],"curies":[{"name":"wp","href":"https:\/\/api.w.org\/{rel}","templated":true}]}}