{"id":81452,"date":"2025-06-17T00:34:29","date_gmt":"2025-06-16T22:34:29","guid":{"rendered":"https:\/\/www.infokuryr.cz\/n\/?p=81452"},"modified":"2025-06-16T17:56:17","modified_gmt":"2025-06-16T15:56:17","slug":"ondrej-prokop-co-se-stalo-s-kampelickou-stamiliony-exsenatorovi-ods-co-se-fiala-snazi-zamest","status":"publish","type":"post","link":"https:\/\/www.infokuryr.cz\/n\/2025\/06\/17\/ondrej-prokop-co-se-stalo-s-kampelickou-stamiliony-exsenatorovi-ods-co-se-fiala-snazi-zamest\/","title":{"rendered":"Ond\u0159ej Prokop: Co se stalo s kampeli\u010dkou? Stamiliony exsen\u00e1torovi ODS. Co se Fiala sna\u017e\u00ed zam\u00e9st?"},"content":{"rendered":"<div id=\"fb-root\"><\/div>\n<p>Zat\u00edmco cel\u00e9 \u010cesko po\u0159\u00e1d \u0159e\u0161\u00ed bitcoin, &#8222;Fialova&#8220; kampeli\u010dka, kde m\u011bl premi\u00e9r potaj\u00ed ulit\u00fd milion korun, se potichou\u010dku sna\u017e\u00ed vypa\u0159it a m\u00ed\u0159\u00ed do likvidace. Dodnes nikdo st\u00e1le nevysv\u011btlil pochybn\u00e9 machinace, finan\u010dn\u00ed transakce kolem \u010dlen\u016f ODS a podez\u0159en\u00ed na pran\u00ed \u0161pinav\u00fdch pen\u011bz, kter\u00e9 vyslovila i \u010cesk\u00e1 n\u00e1rodn\u00ed banka, kter\u00e1 kampeli\u010dce odebrala licenci. Cht\u011bj\u00ed, abyste na to zapomn\u011bli!<\/p>\n<p>\ud83d\udc49 &#8222;Pro\u010d u\u017e ned\u00e1te s bitcoinem pokoj? V\u017edy\u0165 Bla\u017eek rezignoval,&#8220; p\u00ed\u0161ou n\u00e1m neust\u00e1le fanou\u0161ci Spolu. Proto\u017ee to zdaleka nen\u00ed jen o Bla\u017ekovi. Zata\u017een\u00e1 do toho byla cel\u00e1 banda kolem Stanjury a Fialy, proto si te\u010f na ministerstva p\u0159i\u0161li i detektivov\u00e9 z NCOZ pro dokumenty. Tohle je prvn\u00ed vl\u00e1da, kter\u00e1 spolupracuje s mafi\u00ed.<\/p>\n<p>\ud83d\udc49 Ruka ruku myje! Starostov\u00e9 s Raku\u0161anem i KDU-\u010cSL m\u011bli sice siln\u00e1 slova, ale nen\u00ed \u017e\u00e1dn\u00e9 p\u0159ekvapen\u00ed, \u017ee nakonec Fialovu vl\u00e1du podr\u017eeli. \u017d\u00e1dn\u00fd odchod z koalice se nekon\u00e1 a \u017e\u00e1dn\u00e9 dal\u0161\u00ed vyvozen\u00ed d\u016fsledk\u016f nebude. Hnut\u00ed ANO po\u017eaduje vysloven\u00ed ned\u016fv\u011bry t\u00e9to vl\u00e1d\u011b a ji\u017e z\u00edtra se k tomu sejde parlament.<\/p>\n<p>\ud83d\udc49 Ministerstvo obrany \u0159\u00edzen\u00e9 ODS pokra\u010duje v masivn\u00edch zak\u00e1zk\u00e1ch pro firmu ex-sen\u00e1tora (shodou okolnost\u00ed tak\u00e9 z ODS). Jedn\u00e1 se o stovky milion\u016f K\u010d a z va\u0161ich dan\u00ed se nakupuje nap\u0159\u00edklad kuchy\u0148 na kole\u010dk\u00e1ch, kter\u00e1 cenov\u011b vych\u00e1z\u00ed jako stavba rodinn\u00e9ho domu.<\/p>\n<p>\ud83d\udc49 Pir\u00e1t Mazur chce do pr\u00e1ce dorazit &#8222;p\u0159im\u011b\u0159en\u011b odpo\u010dat\u00fd&#8220; a tak si z va\u0161ich pen\u011bz poru\u010dil luxusn\u00ed letenku z New Yorku v business t\u0159\u00edd\u011b. Papal\u00e1\u0161stv\u00ed to podle Pir\u00e1t\u016f pr\u00fd nen\u00ed. Ono toti\u017e v\u017edy, kdy\u017e jde o samotn\u00e9 Pir\u00e1ty, tak je v\u0161e v po\u0159\u00e1dku. B\u011bda ale, pokud to d\u011bl\u00e1 n\u011bkdo jin\u00fd!<\/p>\n<p>\ud83d\udc49 Pir\u00e1t H\u0159ib opustil funkci v m\u011bstsk\u00e9 firm\u011b PRE Holding. Potichu pot\u00e9, co nez\u00e1konn\u011b pob\u00edral 50 tis\u00edc m\u011bs\u00ed\u010dn\u011b do doby, ne\u017e jsme na to upozornili. Pr\u00e1vn\u00edci \u0159ekli jasn\u011b &#8211; poru\u0161il z\u00e1kon. H\u0159ib si pen\u011bz na \u00fa\u010dt\u011b pr\u00fd nev\u0161iml.<\/p>\n<p>\ud83d\udc49 \u00a0&#8222;U\u017e \u017e\u00e1dn\u00e1 nejlep\u0161\u00ed MHD na sv\u011bt\u011b. Pra\u017esk\u00e1 doprava se v \u017eeb\u0159\u00ed\u010dku propadla,&#8220; psala m\u00e9dia. A to hned ze druh\u00e9ho na a\u017e 24. m\u00edsto v seznamu. Div\u00edte se ale? Pod Pir\u00e1tem H\u0159ibem se m\u011bsto propad\u00e1 \u010d\u00edm d\u00e1l hloub\u011bji do dopravn\u00edho pekla. Jak na to reagoval on? Pr\u00fd se ne\u0159\u00edd\u00ed podle \u017eeb\u0159\u00ed\u010dk\u016f. Zaj\u00edmav\u00e1 zm\u011bna! Je\u0161t\u011b ned\u00e1vno to bylo naopak.<\/p>\n<p>\ud83d\udc49 Odpadky, \u0161p\u00edna, bezdomovci, smrad. Takhle te\u010f vypad\u00e1 pra\u017esk\u00e9 metro, kter\u00e9 \u0159\u00edd\u00ed n\u00e1m\u011bstek pro dopravu Zden\u011bk H\u0159ib. Kdo za to podle n\u011bj ale m\u016f\u017ee? Pr\u00fd j\u00e1, Ond\u0159ej Prokop.\ud83d\ude05 Za v\u0161echno podle Pir\u00e1t\u016f m\u016f\u017ee Prokop nebo Babi\u0161. Tenhle vtip u\u017e ale p\u0159est\u00e1v\u00e1 b\u00fdt vtipn\u00fd a ob\u010dan\u00e9 brzy dostanou \u0161anci uk\u00e1zat, co si mysl\u00ed. Volby se bl\u00ed\u017e\u00ed.<\/p>\n<p>\ud83d\udc49 \u0158\u00edk\u00e1te si, co te\u010f asi d\u011bl\u00e1 prim\u00e1tor Svoboda? T\u011b\u017eko \u0159\u00edct, na \u010dem p\u0159i sv\u00fdch 3 zam\u011bstn\u00e1n\u00edch zrovna pracuje. V\u00edme jist\u011b jen, \u017ee rozd\u00e1v\u00e1 \u0161t\u011bst\u00ed a radost jinde. Zrovna se toti\u017e vr\u00e1til ze zahrani\u010dn\u00edch cest po N\u011bmecku.<\/p>\n<p>To v\u0161e a mnohem v\u00edc se dozv\u00edte ve 137. d\u00edlu m\u00e9ho politick\u00e9ho podcastu. D\u011bkuji v\u00e1m p\u0159edem za zhl\u00e9dnut\u00ed a pros\u00edm o dal\u0161\u00ed sd\u00edlen\u00ed, a\u0165 se pravdu dozv\u00ed co nejv\u00edc lid\u00ed! T\u011b\u0161\u00edm se na dotazy i koment\u00e1\u0159e!<\/p>\n<p><iframe loading=\"lazy\" title=\"Co se stalo s kampeli\u010dkou? Stamiliony exsen\u00e1torovi ODS. Co se Fiala sna\u017e\u00ed zam\u00e9st? | \u010cau Praho #137\" width=\"640\" height=\"360\" src=\"https:\/\/www.youtube.com\/embed\/05fqCLabjjs?feature=oembed\" frameborder=\"0\" allow=\"accelerometer; autoplay; clipboard-write; encrypted-media; gyroscope; picture-in-picture; web-share\" referrerpolicy=\"strict-origin-when-cross-origin\" allowfullscreen><\/iframe><\/p>\n<p><span style=\"font-size: 14pt;\"><strong>Ing. Ond\u0159ej Prokop<\/strong><\/span><\/p>\n<p>&nbsp;<\/p>\n<p><img decoding=\"async\" loading=\"lazy\" class=\"wp-image-80899 aligncenter\" src=\"http:\/\/www.infokuryr.cz\/n\/wp-content\/uploads\/2025\/06\/Vrabel-283x300.jpg\" alt=\"\" width=\"741\" height=\"786\" srcset=\"https:\/\/www.infokuryr.cz\/n\/wp-content\/uploads\/2025\/06\/Vrabel-283x300.jpg 283w, https:\/\/www.infokuryr.cz\/n\/wp-content\/uploads\/2025\/06\/Vrabel-966x1024.jpg 966w, https:\/\/www.infokuryr.cz\/n\/wp-content\/uploads\/2025\/06\/Vrabel-768x814.jpg 768w, https:\/\/www.infokuryr.cz\/n\/wp-content\/uploads\/2025\/06\/Vrabel-1024x1086.jpg 1024w, https:\/\/www.infokuryr.cz\/n\/wp-content\/uploads\/2025\/06\/Vrabel.jpg 1080w\" sizes=\"(max-width: 741px) 100vw, 741px\" \/><\/p>\n","protected":false},"excerpt":{"rendered":"<p>Zat\u00edmco cel\u00e9 \u010cesko po\u0159\u00e1d \u0159e\u0161\u00ed bitcoin, &#8222;Fialova&#8220; kampeli\u010dka, kde m\u011bl premi\u00e9r potaj\u00ed ulit\u00fd milion korun,&#8230;<\/p>\n","protected":false},"author":2,"featured_media":67844,"comment_status":"closed","ping_status":"closed","sticky":false,"template":"","format":"standard","meta":[],"categories":[6],"tags":[45,1001,7068,1503,535,889],"_links":{"self":[{"href":"https:\/\/www.infokuryr.cz\/n\/wp-json\/wp\/v2\/posts\/81452"}],"collection":[{"href":"https:\/\/www.infokuryr.cz\/n\/wp-json\/wp\/v2\/posts"}],"about":[{"href":"https:\/\/www.infokuryr.cz\/n\/wp-json\/wp\/v2\/types\/post"}],"author":[{"embeddable":true,"href":"https:\/\/www.infokuryr.cz\/n\/wp-json\/wp\/v2\/users\/2"}],"replies":[{"embeddable":true,"href":"https:\/\/www.infokuryr.cz\/n\/wp-json\/wp\/v2\/comments?post=81452"}],"version-history":[{"count":0,"href":"https:\/\/www.infokuryr.cz\/n\/wp-json\/wp\/v2\/posts\/81452\/revisions"}],"wp:featuredmedia":[{"embeddable":true,"href":"https:\/\/www.infokuryr.cz\/n\/wp-json\/wp\/v2\/media\/67844"}],"wp:attachment":[{"href":"https:\/\/www.infokuryr.cz\/n\/wp-json\/wp\/v2\/media?parent=81452"}],"wp:term":[{"taxonomy":"category","embeddable":true,"href":"https:\/\/www.infokuryr.cz\/n\/wp-json\/wp\/v2\/categories?post=81452"},{"taxonomy":"post_tag","embeddable":true,"href":"https:\/\/www.infokuryr.cz\/n\/wp-json\/wp\/v2\/tags?post=81452"}],"curies":[{"name":"wp","href":"https:\/\/api.w.org\/{rel}","templated":true}]}}