{"id":81449,"date":"2025-06-17T00:36:21","date_gmt":"2025-06-16T22:36:21","guid":{"rendered":"https:\/\/www.infokuryr.cz\/n\/?p=81449"},"modified":"2025-06-16T15:40:58","modified_gmt":"2025-06-16T13:40:58","slug":"smrtici-jihoafricka-boure-si-vyzadala-desitky-zivotu","status":"publish","type":"post","link":"https:\/\/www.infokuryr.cz\/n\/2025\/06\/17\/smrtici-jihoafricka-boure-si-vyzadala-desitky-zivotu\/","title":{"rendered":"Smrt\u00edc\u00ed jihoafrick\u00e1 bou\u0159e si vy\u017e\u00e1dala des\u00edtky \u017eivot\u016f"},"content":{"rendered":"<div id=\"fb-root\"><\/div>\n<h3>\u00da\u0159ady pouk\u00e1zaly na zm\u011bnu klimatu jako na kl\u00ed\u010dovou hnac\u00ed s\u00edlu st\u00e1le ni\u010div\u011bj\u0161\u00edch pov\u011btrnostn\u00edch ud\u00e1lost\u00ed<\/h3>\n<p><span>Po\u010det ob\u011bt\u00ed smrt\u00edc\u00edch z\u00e1plav v Jihoafrick\u00e9 republice z minul\u00e9ho t\u00fddne vzrostl na 88, zat\u00edmco z\u00e1chrann\u00e9 slo\u017eky pokra\u010duj\u00ed v p\u00e1tr\u00e1n\u00ed po poh\u0159e\u0161ovan\u00fdch osob\u00e1ch, potvrdila v ned\u011bli vl\u00e1da provincie V\u00fdchodn\u00ed Kapsko.<\/span><\/p>\n<p><span>Z\u00e1plava n\u00e1sledovala po prudk\u00e9 zimn\u00ed bou\u0159i, kter\u00e1 se p\u0159ehnala p\u0159ev\u00e1\u017en\u011b venkovskou provinci\u00ed a zp\u016fsobila p\u0159\u00edvalov\u00e9 de\u0161t\u011b a rozs\u00e1hl\u00e9 \u0161kody. Podle News24 byla nejh\u016f\u0159e zasa\u017eenou oblast\u00ed Mthatha, kde stoupaj\u00edc\u00ed hladiny \u0159ek zaplavily silnice a domy a des\u00edtky obyvatel byly smeteny nebo uv\u011bzn\u011bny.<\/span><\/p>\n<p><span>\u00da\u0159ady ozn\u00e1mily, \u017ee ve \u010dtvrtek 19. \u010dervna bude ve vesnici Decoligny pobl\u00ed\u017e Mthathy vyhl\u00e1\u0161en provin\u010dn\u00ed den smutku na po\u010dest ob\u011bt\u00ed.<\/span><\/p>\n<p><span>Ve sv\u00e9m prohl\u00e1\u0161en\u00ed vydan\u00e9m o v\u00edkendu \u00fa\u0159edn\u00edci uvedli, \u017ee do sobotn\u00edho ve\u010dera bylo rodin\u00e1m vr\u00e1ceno 56 t\u011bl.<\/span><\/p>\n<p><span>Premi\u00e9r V\u00fdchodn\u00edho Kapska Oscar Mabuyane vyzval ve\u0159ejnost, aby nahl\u00e1sila v\u0161echny osoby, kter\u00e9 se mohly poh\u0159e\u0161ovat kolem 10. \u010dervna v oblastech posti\u017een\u00fdch povodn\u011bmi. Znovu tak\u00e9 vyzval obyvatele, aby se vyhnuli zbyte\u010dn\u00e9mu cestov\u00e1n\u00ed p\u0159es horsk\u00e9 nebo z\u00e1plavov\u00e9 oblasti a aby okam\u017eit\u011b upozornili \u00fa\u0159ady na spadl\u00e9 elektrick\u00e9 veden\u00ed, po\u0161kozenou infrastrukturu a dal\u0161\u00ed nebezpe\u010d\u00ed.<\/span><\/p>\n<div class=\"rtcode\">\n<div class=\"twitter-tweet twitter-tweet-rendered\"><iframe id=\"twitter-widget-0\" class=\"\" title=\"X P\u0159\u00edsp\u011bvek\" src=\"https:\/\/platform.twitter.com\/embed\/Tweet.html?creatorScreenName=RT_com&amp;dnt=false&amp;embedId=twitter-widget-0&amp;features=eyJ0ZndfdGltZWxpbmVfbGlzdCI6eyJidWNrZXQiOltdLCJ2ZXJzaW9uIjpudWxsfSwidGZ3X2ZvbGxvd2VyX2NvdW50X3N1bnNldCI6eyJidWNrZXQiOnRydWUsInZlcnNpb24iOm51bGx9LCJ0ZndfdHdlZXRfZWRpdF9iYWNrZW5kIjp7ImJ1Y2tldCI6Im9uIiwidmVyc2lvbiI6bnVsbH0sInRmd19yZWZzcmNfc2Vzc2lvbiI6eyJidWNrZXQiOiJvbiIsInZlcnNpb24iOm51bGx9LCJ0ZndfZm9zbnJfc29mdF9pbnRlcnZlbnRpb25zX2VuYWJsZWQiOnsiYnVja2V0Ijoib24iLCJ2ZXJzaW9uIjpudWxsfSwidGZ3X21peGVkX21lZGlhXzE1ODk3Ijp7ImJ1Y2tldCI6InRyZWF0bWVudCIsInZlcnNpb24iOm51bGx9LCJ0ZndfZXhwZXJpbWVudHNfY29va2llX2V4cGlyYXRpb24iOnsiYnVja2V0IjoxMjA5NjAwLCJ2ZXJzaW9uIjpudWxsfSwidGZ3X3Nob3dfYmlyZHdhdGNoX3Bpdm90c19lbmFibGVkIjp7ImJ1Y2tldCI6Im9uIiwidmVyc2lvbiI6bnVsbH0sInRmd19kdXBsaWNhdGVfc2NyaWJlc190b19zZXR0aW5ncyI6eyJidWNrZXQiOiJvbiIsInZlcnNpb24iOm51bGx9LCJ0ZndfdXNlX3Byb2ZpbGVfaW1hZ2Vfc2hhcGVfZW5hYmxlZCI6eyJidWNrZXQiOiJvbiIsInZlcnNpb24iOm51bGx9LCJ0ZndfdmlkZW9faGxzX2R5bmFtaWNfbWFuaWZlc3RzXzE1MDgyIjp7ImJ1Y2tldCI6InRydWVfYml0cmF0ZSIsInZlcnNpb24iOm51bGx9LCJ0ZndfbGVnYWN5X3RpbWVsaW5lX3N1bnNldCI6eyJidWNrZXQiOnRydWUsInZlcnNpb24iOm51bGx9LCJ0ZndfdHdlZXRfZWRpdF9mcm9udGVuZCI6eyJidWNrZXQiOiJvbiIsInZlcnNpb24iOm51bGx9fQ%3D%3D&amp;frame=false&amp;hideCard=false&amp;hideThread=false&amp;id=1932419927048335633&amp;lang=cs&amp;maxWidth=560px&amp;origin=https%3A%2F%2Fwww.rt.com%2Fafrica%2F619424-south-african-deadly-storm%2F&amp;sessionId=801bcd6f1b51b4c9e21a553f3e70f4910a645fac&amp;siteScreenName=RT_com&amp;theme=light&amp;widgetsVersion=2615f7e52b7e0%3A1702314776716&amp;width=550px\" frameborder=\"0\" scrolling=\"no\" allowfullscreen=\"allowfullscreen\" data-tweet-id=\"1932419927048335633\" data-mce-fragment=\"1\"><\/iframe><\/div>\n<\/div>\n<p><span>Podle jihoafrick\u00e9 policejn\u00ed slu\u017eby (SAPS) bylo do ned\u011ble zachr\u00e1n\u011bno v\u00edce ne\u017e 38 lid\u00ed. P\u00e1trac\u00ed a z\u00e1chrann\u00e9 t\u00fdmy z\u016fst\u00e1vaj\u00ed rozm\u00edst\u011bny v nejv\u00edce posti\u017een\u00fdch oblastech a \u00fasil\u00ed o nalezen\u00ed dal\u0161\u00edch ob\u011bt\u00ed pokra\u010duje.<\/span><\/p>\n<p><span>Jihoafrick\u00fd prezident Cyril Ramaphosa v p\u00e1tek nav\u0161t\u00edvil Mthathu a ozn\u00e1mil, \u017ee n\u00e1rodn\u00ed \u00fa\u0159ady pro\u0161et\u0159\u00ed, zda probl\u00e9my s m\u00edstn\u00ed p\u0159ehradou mohly katastrofu zhor\u0161it. \u00da\u0159edn\u00edci popsali masivn\u00ed p\u0159\u00edval vody dosahuj\u00edc\u00ed v\u00fd\u0161ky t\u0159\u00ed a\u017e \u010dty\u0159 metr\u016f, kter\u00fd se prohnal oblast\u00ed a smetl domy i obyvatele.<\/span><\/p>\n<p><em><span>\u201eZm\u011bna klimatu ovliv\u0148uje pov\u011btrnostn\u00ed podm\u00ednky a zp\u016fsobuje katastrofy, kter\u00e9 vedou k \u00famrt\u00edm, vys\u00eddlov\u00e1n\u00ed a po\u0161kozen\u00ed infrastruktury&#8230; Vl\u00e1da mus\u00ed b\u00fdt v\u017edy p\u0159ipravena podporovat a br\u00e1nit na\u0161e lidi b\u011bhem takov\u00fdch katastrof,\u201c<\/span><\/em><span>\u00a0napsal Ramaphosa na X.<\/span><\/p>\n<p><span>Zima v Jihoafrick\u00e9 republice obvykle trv\u00e1 od kv\u011btna do srpna, p\u0159i\u010dem\u017e sn\u011b\u017een\u00ed je b\u011b\u017en\u00e9 mezi \u010dervnem a srpnem, kdy teploty klesaj\u00ed pod bod mrazu. Zem\u011b je tak\u00e9 n\u00e1chyln\u00e1 k z\u00e1plav\u00e1m, kter\u00e9 v\u011bdci spojuj\u00ed se zintenzivn\u011bn\u00edm sr\u00e1\u017eek v d\u016fsledku klimatick\u00fdch zm\u011bn.<\/span><\/p>\n<div style=\"width: 640px;\" class=\"wp-video\"><!--[if lt IE 9]><script>document.createElement('video');<\/script><![endif]-->\n<video class=\"wp-video-shortcode\" id=\"video-81449-1\" width=\"640\" height=\"360\" preload=\"metadata\" controls=\"controls\"><source type=\"video\/mp4\" src=\"http:\/\/www.infokuryr.cz\/n\/wp-content\/uploads\/2025\/06\/boure-ja.mp4?_=1\" \/><a href=\"http:\/\/www.infokuryr.cz\/n\/wp-content\/uploads\/2025\/06\/boure-ja.mp4\">http:\/\/www.infokuryr.cz\/n\/wp-content\/uploads\/2025\/06\/boure-ja.mp4<\/a><\/video><\/div>\n<p><img decoding=\"async\" loading=\"lazy\" class=\"alignnone size-full wp-image-1185\" src=\"http:\/\/www.infokuryr.cz\/n\/wp-content\/uploads\/2021\/04\/kuryr-podpis.png\" alt=\"\" width=\"84\" height=\"24\" \/><\/p>\n","protected":false},"excerpt":{"rendered":"<p>\u00da\u0159ady pouk\u00e1zaly na zm\u011bnu klimatu jako na kl\u00ed\u010dovou hnac\u00ed s\u00edlu st\u00e1le ni\u010div\u011bj\u0161\u00edch pov\u011btrnostn\u00edch ud\u00e1lost\u00ed Po\u010det&#8230;<\/p>\n","protected":false},"author":2,"featured_media":81450,"comment_status":"closed","ping_status":"closed","sticky":false,"template":"","format":"standard","meta":[],"categories":[7],"tags":[748,900,871],"_links":{"self":[{"href":"https:\/\/www.infokuryr.cz\/n\/wp-json\/wp\/v2\/posts\/81449"}],"collection":[{"href":"https:\/\/www.infokuryr.cz\/n\/wp-json\/wp\/v2\/posts"}],"about":[{"href":"https:\/\/www.infokuryr.cz\/n\/wp-json\/wp\/v2\/types\/post"}],"author":[{"embeddable":true,"href":"https:\/\/www.infokuryr.cz\/n\/wp-json\/wp\/v2\/users\/2"}],"replies":[{"embeddable":true,"href":"https:\/\/www.infokuryr.cz\/n\/wp-json\/wp\/v2\/comments?post=81449"}],"version-history":[{"count":0,"href":"https:\/\/www.infokuryr.cz\/n\/wp-json\/wp\/v2\/posts\/81449\/revisions"}],"wp:featuredmedia":[{"embeddable":true,"href":"https:\/\/www.infokuryr.cz\/n\/wp-json\/wp\/v2\/media\/81450"}],"wp:attachment":[{"href":"https:\/\/www.infokuryr.cz\/n\/wp-json\/wp\/v2\/media?parent=81449"}],"wp:term":[{"taxonomy":"category","embeddable":true,"href":"https:\/\/www.infokuryr.cz\/n\/wp-json\/wp\/v2\/categories?post=81449"},{"taxonomy":"post_tag","embeddable":true,"href":"https:\/\/www.infokuryr.cz\/n\/wp-json\/wp\/v2\/tags?post=81449"}],"curies":[{"name":"wp","href":"https:\/\/api.w.org\/{rel}","templated":true}]}}