{"id":81429,"date":"2025-06-17T00:16:09","date_gmt":"2025-06-16T22:16:09","guid":{"rendered":"https:\/\/www.infokuryr.cz\/n\/?p=81429"},"modified":"2025-06-16T13:39:52","modified_gmt":"2025-06-16T11:39:52","slug":"petr-pokorny-netanjahu-je-v-prokleti-blizi-se-pro-izrael-soudny-den","status":"publish","type":"post","link":"https:\/\/www.infokuryr.cz\/n\/2025\/06\/17\/petr-pokorny-netanjahu-je-v-prokleti-blizi-se-pro-izrael-soudny-den\/","title":{"rendered":"Petr Pokorn\u00fd: Netanjahu je v proklet\u00ed &#8211; bl\u00ed\u017e\u00ed se pro Izrael Soudn\u00fd den?"},"content":{"rendered":"<div id=\"fb-root\"><\/div>\n<p>Souzen\u00ed \u201amrtv\u00fdch\u2018 Bible \u0159\u00edk\u00e1, \u017ee b\u011bhem Soudn\u00e9ho dne mrtv\u00ed \u201epovstanou\u201c. (<a class=\"jsBibleLink jsHasModalListener jsNoScroll\" href=\"https:\/\/www.jw.org\/cs\/knihovna\/bible\/nwt\/knihy\/Matou%C5%A1\/12\/#v40012041\" target=\"_blank\" rel=\"noopener\" data-bible=\"nwt\" data-requested-bible=\"\" data-targetverses=\"40012041\">Matou\u0161 12:41<\/a>) Je\u017e\u00ed\u0161 prohl\u00e1sil: \u201eP\u0159ich\u00e1z\u00ed hodina, kdy ti v\u0161ichni v\u00a0pam\u011btn\u00edch hrobk\u00e1ch usly\u0161\u00ed jeho hlas a\u00a0vyjdou, ti, kdo \u010dinili dobr\u00e9 v\u011bci, ke vzk\u0159\u00ed\u0161en\u00ed \u017eivota, ti, kdo prov\u00e1d\u011bli podl\u00e9 v\u011bci, ke vzk\u0159\u00ed\u0161en\u00ed soudu.\u201c<\/p>\n<p><iframe loading=\"lazy\" title=\"Serangan Ke-4! Rudal Balistik Iran Menyerang Israel Dari Berbagai Arah\" width=\"640\" height=\"360\" src=\"https:\/\/www.youtube.com\/embed\/E2MUh3XIdhQ?feature=oembed\" frameborder=\"0\" allow=\"accelerometer; autoplay; clipboard-write; encrypted-media; gyroscope; picture-in-picture; web-share\" referrerpolicy=\"strict-origin-when-cross-origin\" allowfullscreen><\/iframe><\/p>\n<p>&nbsp;<\/p>\n<p id=\"p13\" class=\"disableActiveState p13\" data-pid=\"13\">(<a class=\"jsBibleLink jsHasModalListener jsNoScroll\" href=\"https:\/\/www.jw.org\/cs\/knihovna\/bible\/nwt\/knihy\/jan\/5\/#v43005028-v43005029\" target=\"_blank\" rel=\"noopener\" data-bible=\"nwt\" data-requested-bible=\"\" data-targetverses=\"43005028-43005029\">Jan 5:28,\u00a029<\/a>) Je\u017e\u00ed\u0161 zde nemluvil o\u00a0du\u0161\u00edch t\u011bch, kdo zem\u0159eli. Mrtv\u00ed si toti\u017e nejsou ni\u010deho v\u011bdomi a\u00a0nemaj\u00ed du\u0161i, kter\u00e1 by p\u0159e\u017e\u00edvala smrt. (<a class=\"jsBibleLink jsHasModalListener jsNoScroll\" href=\"https:\/\/www.jw.org\/cs\/knihovna\/bible\/nwt\/knihy\/kazatel\/9\/#v21009005\" target=\"_blank\" rel=\"noopener\" data-bible=\"nwt\" data-requested-bible=\"\" data-targetverses=\"21009005\">Kazatel 9:5;<\/a><a class=\"jsBibleLink jsHasModalListener jsNoScroll\" href=\"https:\/\/www.jw.org\/cs\/knihovna\/bible\/nwt\/knihy\/jan\/11\/#v43011011-v43011014\" target=\"_blank\" rel=\"noopener\" data-bible=\"nwt\" data-requested-bible=\"\" data-targetverses=\"43011011-43011014\">\u00a0Jan 11:11\u201314,<\/a><a class=\"jsBibleLink jsHasModalListener jsNoScroll\" href=\"https:\/\/www.jw.org\/cs\/knihovna\/bible\/nwt\/knihy\/jan\/11\/#v43011023-v43011024\" target=\"_blank\" rel=\"noopener\" data-bible=\"nwt\" data-requested-bible=\"\" data-targetverses=\"43011023-43011024\">\u00a023,\u00a024<\/a>) Ty, kdo sp\u00ed ve smrti, Je\u017e\u00ed\u0161 p\u0159ivede zp\u011bt k\u00a0\u017eivotu na zemi.<\/p>\n<p>Prezident Trump je v \u0161\u00edlen\u00e9 pozici a chce to p\u0159ehr\u00e1t na prezidenta Putina<\/p>\n<p>Podpora Izraele po z\u00e1b\u011brech, jak Izraelci st\u0159\u00edl\u00ed do d\u011bt\u00ed a maminek, \u010dekaj\u00edc\u00edch na vodu a kousek j\u00eddla v Palestin\u011b, jak st\u0159\u00edl\u00ed do sanitek, klesla na 37% a st\u00e1le kles\u00e1. Tvrdit, \u017ee d\u011bti v ko\u010d\u00e1rc\u00edch, jak se tvrdilo, \u017ee tam maj\u00ed bomby, proti raket\u00e1m neobstoj\u00ed. A zde Netanjahu p\u0159edb\u011bhl Trumpa a zah\u00e1jil bombardov\u00e1n\u00ed civiln\u00edho Teher\u00e1nu, aby nahnal strach i v Ir\u00e1nu. A Ir\u00e1n je jin\u00fd kalibr, ne\u017e neozbrojen\u00e9 maminky a d\u011bti, \u010dekaj\u00edc\u00ed na kousek j\u00eddla a pit\u00ed.<\/p>\n<h2 id=\"p9\" class=\"disableActiveState p9\" data-pid=\"9\">Je\u017e\u00ed\u0161 soud\u00ed \u201e\u017eiv\u00e9\u201c<\/h2>\n<div class=\"pGroup\">\n<p id=\"p10\" class=\"p10 disableActiveState\" data-pid=\"10\">U\u017e zanedlouho B\u016fh zni\u010d\u00ed v\u0161echny slo\u017eky zka\u017een\u00e9 lidsk\u00e9 spole\u010dnosti a\u00a0odstran\u00ed \u0161patn\u00e9\u00a0<span id=\"page11\" class=\"pageNum refID\" data-no=\"11\" data-before-text=\"11\" aria-hidden=\"true\"><\/span>lidi. Ti, kdo p\u0159edpov\u011bd\u011bn\u00fd konec tohoto syst\u00e9mu p\u0159e\u017eij\u00ed, jsou t\u011bmi \u201a\u017eiv\u00fdmi\u2018, kte\u0159\u00ed budou souzeni!<\/p>\n<p data-pid=\"10\"><a href=\"https:\/\/www.skrytapravda.cz\/ze-zahranici\/2627-netanjahu-je-v-prokleti-blizi-se-pro-izrael-soudny-den\">Petr Pokorn\u00fd<\/a><\/p>\n<p data-pid=\"10\">\n<img decoding=\"async\" loading=\"lazy\" class=\"wp-image-80899 aligncenter\" src=\"http:\/\/www.infokuryr.cz\/n\/wp-content\/uploads\/2025\/06\/Vrabel-283x300.jpg\" alt=\"\" width=\"701\" height=\"743\" srcset=\"https:\/\/www.infokuryr.cz\/n\/wp-content\/uploads\/2025\/06\/Vrabel-283x300.jpg 283w, https:\/\/www.infokuryr.cz\/n\/wp-content\/uploads\/2025\/06\/Vrabel-966x1024.jpg 966w, https:\/\/www.infokuryr.cz\/n\/wp-content\/uploads\/2025\/06\/Vrabel-768x814.jpg 768w, https:\/\/www.infokuryr.cz\/n\/wp-content\/uploads\/2025\/06\/Vrabel-1024x1086.jpg 1024w, https:\/\/www.infokuryr.cz\/n\/wp-content\/uploads\/2025\/06\/Vrabel.jpg 1080w\" sizes=\"(max-width: 701px) 100vw, 701px\" \/><\/p>\n<p data-pid=\"10\">\n<\/div>\n","protected":false},"excerpt":{"rendered":"<p>Souzen\u00ed \u201amrtv\u00fdch\u2018 Bible \u0159\u00edk\u00e1, \u017ee b\u011bhem Soudn\u00e9ho dne mrtv\u00ed \u201epovstanou\u201c. (Matou\u0161 12:41) Je\u017e\u00ed\u0161 prohl\u00e1sil: \u201eP\u0159ich\u00e1z\u00ed&#8230;<\/p>\n","protected":false},"author":2,"featured_media":81430,"comment_status":"closed","ping_status":"closed","sticky":false,"template":"","format":"standard","meta":[],"categories":[6],"tags":[107,1503,40,889],"_links":{"self":[{"href":"https:\/\/www.infokuryr.cz\/n\/wp-json\/wp\/v2\/posts\/81429"}],"collection":[{"href":"https:\/\/www.infokuryr.cz\/n\/wp-json\/wp\/v2\/posts"}],"about":[{"href":"https:\/\/www.infokuryr.cz\/n\/wp-json\/wp\/v2\/types\/post"}],"author":[{"embeddable":true,"href":"https:\/\/www.infokuryr.cz\/n\/wp-json\/wp\/v2\/users\/2"}],"replies":[{"embeddable":true,"href":"https:\/\/www.infokuryr.cz\/n\/wp-json\/wp\/v2\/comments?post=81429"}],"version-history":[{"count":0,"href":"https:\/\/www.infokuryr.cz\/n\/wp-json\/wp\/v2\/posts\/81429\/revisions"}],"wp:featuredmedia":[{"embeddable":true,"href":"https:\/\/www.infokuryr.cz\/n\/wp-json\/wp\/v2\/media\/81430"}],"wp:attachment":[{"href":"https:\/\/www.infokuryr.cz\/n\/wp-json\/wp\/v2\/media?parent=81429"}],"wp:term":[{"taxonomy":"category","embeddable":true,"href":"https:\/\/www.infokuryr.cz\/n\/wp-json\/wp\/v2\/categories?post=81429"},{"taxonomy":"post_tag","embeddable":true,"href":"https:\/\/www.infokuryr.cz\/n\/wp-json\/wp\/v2\/tags?post=81429"}],"curies":[{"name":"wp","href":"https:\/\/api.w.org\/{rel}","templated":true}]}}