{"id":81370,"date":"2025-06-16T05:48:26","date_gmt":"2025-06-16T03:48:26","guid":{"rendered":"https:\/\/www.infokuryr.cz\/n\/?p=81370"},"modified":"2025-06-16T05:48:26","modified_gmt":"2025-06-16T03:48:26","slug":"jindrich-kulhavy-kampan-jede","status":"publish","type":"post","link":"https:\/\/www.infokuryr.cz\/n\/2025\/06\/16\/jindrich-kulhavy-kampan-jede\/","title":{"rendered":"Jind\u0159ich Kulhav\u00fd: Kampa\u0148 jede"},"content":{"rendered":"<div id=\"fb-root\"><\/div>\n<p><span class=\"anotation\">Pomalu se bl\u00ed\u017e\u00ed parlamentn\u00ed volby a uchaze\u010di o lavice ve Sn\u011bmovn\u011b \u010di o m\u00edsto ve Strakovce nelen\u00ed. Obj\u00ed\u017ed\u00ed republiku, jsou aktivn\u00ed na soci\u00e1ln\u00edch s\u00edt\u00edch, ti vybran\u00ed m\u00ed\u0159\u00ed na televizn\u00ed obrazovky. Moder\u00e1to\u0159i televizn\u00edch debat se pot\u00ed a d\u011blaj\u00ed v\u0161e proto, aby sou\u010dasn\u00e1 vl\u00e1dn\u00ed garnitura nebyla pod takov\u00fdm tlakem, jak\u00fd by odpov\u00eddal skute\u010dn\u00fdm v\u00fdsledk\u016fm vlastn\u00ed neschopnosti. Agentury vytv\u00e1\u0159ej\u00ed grafy zn\u00e1zor\u0148uj\u00edc\u00ed oblibu politick\u00fdch stran u voli\u010d\u016f, samoz\u0159ejm\u011b cinknut\u00e9 t\u00edm, jak\u00e9 respondenty jejich zam\u011bstnanci oslovuj\u00ed. A s\u00a0t\u00edm se d\u00e1 \u010darovat. A z\u00e1rove\u0148 ovliv\u0148ovat m\u00edn\u011bn\u00ed ve\u0159ejnosti.<\/span><\/p>\n<div id=\"pagetext\">\n<p>\u00a0 Premi\u00e9r Fiala si voz\u00ed vlastn\u00ed uvad\u011b\u010dku Pazderkovou. Pln\u00e9 s\u00e1ly jsou chim\u00e9rou, kterou mu organiz\u00e1to\u0159i p\u0159ipravuj\u00ed. Absolutn\u00ed v\u011bt\u0161ina n\u00e1v\u0161t\u011bvn\u00edk\u016f poch\u00e1z\u00ed z\u00a0vlastn\u00edch \u0159ad. P\u0159edsedu vl\u00e1dy doprov\u00e1z\u00ed cestou do m\u00edsta kon\u00e1n\u00ed policist\u00e9 v\u00a0pln\u00e9 zbroji. Mo\u017en\u00e1 i proto, \u017ee jde sp\u00ed\u0161e o ukrajinsk\u00e9ho ne\u017e \u010desk\u00e9ho premi\u00e9ra. Jeho r\u00e9torika je stra\u0161ideln\u00fdm odtr\u017een\u00edm od reality. V\u00a0podstat\u011b hovo\u0159\u00ed p\u0159edev\u0161\u00edm o tom, jak je jeho vl\u00e1da \u00fasp\u011b\u0161n\u00e1, povedla se j\u00ed z\u00e1chrana st\u00e1tu, \u00fasp\u011b\u0161n\u011b bojuje proti Green Dealu, podporuje \u010desk\u00e9 Automotive a vr\u00e1tila \u010cesk\u00e9 republice sv\u011btov\u00fd respekt.<\/p>\n<p>Nic nen\u00ed d\u00e1le od pravdy. Neschopn\u00e1 koalice m\u00e1 za sebou minim\u00e1ln\u011b \u010dty\u0159i z\u00e1sadn\u00ed kauzy, kter\u00e9 by za norm\u00e1ln\u00edch okolnost\u00ed zap\u0159i\u010dinily zapln\u011bn\u00ed n\u011bkolika cel v\u00a0n\u011bkter\u00e9 z\u00a0na\u0161ich v\u011bznic p\u0159edn\u00edmi politiky. Kampeli\u010dka, Dozimetr, odklon\u011bn\u00e9 pen\u00edze ur\u010den\u00e9 na n\u00e1hradu \u0161kod zp\u016fsoben\u00fdch povodn\u011bmi a nov\u011b Bitcongate. Green Deal se za unijn\u00ed p\u0159edsednictv\u00ed \u010cesk\u00e9 republiky poda\u0159il d\u00edky Fialovi p\u0159itvrdit, stejn\u011b tak potvrdit konec spalovac\u00edch motor\u016f v\u00a0roku 2035. Zelen\u00fd mozek Evropsk\u00e9 komise Timmermans ho dokonce za v\u0161e pochv\u00e1lil, i kdy\u017e je to n\u011bco, co bychom nazvali polibkem kobry. Fiala \u010dasto se odkazuj\u00edc\u00ed na nep\u0159\u00edtele Babi\u0161e je nejv\u011bt\u0161\u00edm lh\u00e1\u0159em. Kolegov\u00e9 z\u00a0koalice SPOLU jsou oproti ODS m\u00e9n\u011b v\u00fdrazn\u00ed, snad jen lidoveck\u00e1 n\u00e1v\u0161t\u011bva sjezdu sudeton\u011bmeck\u00e9ho Landsmannshaftu ukazuje, kde se sh\u00e1n\u00ed mo\u017en\u00ed voli\u010di maj\u00edc\u00ed mo\u017enost volit ze zahrani\u010d\u00ed koresponden\u010dn\u011b. Pam\u011btn\u00edci 2.sv\u011btov\u00e9 v\u00e1lky mus\u00ed b\u00fdt v\u00a0\u0161oku.<\/p>\n<p>STAN prokazateln\u011b v\u011bd\u011bli o okolnostech kolem bitcoin\u016f, nav\u00edc Dozimetr je p\u0159edev\u0161\u00edm d\u00edky Raku\u0161anovi dal\u0161\u00ed slabinou a stinnou str\u00e1nkou t\u00e9to strany. Eurohujerismus nav\u00edc zas\u00e1hnul jak celou vl\u00e1dn\u00ed koalici, tak i ANO, tak\u017ee voli\u010di adoruj\u00edc\u00ed EU maj\u00ed hodn\u011b na v\u00fdb\u011br a d\u016fvod, pro\u010d si vybrat zrovna Raku\u0161ana, Nerudovou, Farsk\u00e9ho, prost\u011b pro norm\u00e1ln\u011b uva\u017euj\u00edc\u00edho \u010dlov\u011bka neexistuje. V\u00a0minul\u00fdch volb\u00e1ch sp\u0159\u00e1telen\u00ed Pir\u00e1ti se ur\u010dit\u011b u\u017e se STAN po \u0161patn\u00fdch zku\u0161enostech dohromady d\u00e1vat nebudou, samotn\u00ed jsou na hran\u011b. A a\u017e se nyn\u00ed d\u00edky H\u0159ibovi a jeho idiotsk\u00e9mu pusto\u0161en\u00ed pra\u017esk\u00e9 dopravy ucpe magistr\u00e1la v\u00a0hlavn\u00edm m\u011bst\u011b kv\u016fli p\u0159ek\u0159\u00ed\u017een\u00ed s\u00a0tramvajovou trasou, m\u016f\u017ee Pir\u00e1t\u016fm sklapnout \u00fapln\u011b. Nav\u00edc europoslankyn\u011b Gregorov\u00e1 svou r\u00e9torikou \u00fasp\u011b\u0161n\u011b konkuruje Danu\u0161i Nerudov\u00e9 a Mark\u00e9t\u011b Pekarov\u00e9 Adamov\u00e9 v\u00a0tuposti.<\/p>\n<p>ANO m\u00e1 tentokr\u00e1t jednodu\u0161\u0161\u00ed pozici. \u010cap\u00ed hn\u00edzdo je u\u017e p\u0159edvolebn\u00ed evergreen a nikdo mimo zaryt\u00fdch fanou\u0161k\u016f SPOLU a STAN mu u\u017e nev\u011bnuje pozornost. Nav\u00edc bitcoiny pat\u0159\u00edc\u00ed ke krimin\u00e1ln\u00edmu p\u0159e\u0161lapu vl\u00e1dy d\u00e1vaj\u00ed opozici do rukou obrovskou munici, kterou se sna\u017e\u00ed zaprodan\u00e1 m\u00e9dia aspo\u0148 trochu eliminovat. ANO v\u00fdrazn\u011b vede v\u00a0preferenc\u00edch a nep\u0159ijde li n\u011bjak\u00e1 z\u00e1sadn\u00ed chyba, bude ve vl\u00e1d\u011b. Schillerov\u00e1 m\u00e1 elektrik\u00e1\u0159e Stanjuru na tal\u00ed\u0159i, i kdy\u017e oba jsou ve v\u011bdomostech daleko t\u0159eba za docentkou \u0160vihl\u00edkovou.<\/p>\n<p>SPD spole\u010dn\u011b s\u00a0partnery stoup\u00e1 u voli\u010d\u016f v\u00a0oblib\u011b a dotahuje SPOLU (on jim opravdu d\u00e1 n\u011bkdo je\u0161t\u011b hlas?) a v\u00a0podstat\u011b m\u00e1 p\u0159ed sebou mo\u017en\u00e1 nejlep\u0161\u00ed v\u00fdsledek ve sv\u00e9 historii. Konzistentn\u00ed n\u00e1zory, opr\u00e1vn\u011bn\u00e1 kritika Evropsk\u00e9 unie, na\u0161\u00ed vl\u00e1dy a realistick\u00fd n\u00e1zor na zahrani\u010dn\u00ed politiku a d\u011bn\u00ed mimo republiku pom\u00e1haj\u00ed SPD dopln\u011bn\u00e9 men\u0161\u00edmi stranami stoupat v\u00a0grafech vzh\u016fru.<\/p>\n<p>Motorist\u00e9 se moment\u00e1ln\u011b pohybuj\u00ed na hran\u011b a z\u00a0na\u0161eho pohledu Filip Turek to ob\u010das emoci\u00e1ln\u011b p\u0159eh\u00e1n\u00ed. D\u011bl\u00e1 chyby, kter\u00e9 Motorist\u016fm nepom\u00e1haj\u00ed. A kdy\u017e se ohradil v\u016f\u010di na\u0159\u010den\u00ed z\u00a0rusk\u00e9ho vlivu t\u00edm, \u017ee p\u0159ipomn\u011bl svou podporu Ukrajin\u011b, ztratili Motorist\u00e9 dal\u0161\u00ed potencion\u00e1ln\u00ed voli\u010de. P\u0159esto na n\u011b vl\u00e1dn\u00ed koalice nebo Pir\u00e1ti nasadila preventivn\u011b zelen\u00e9 provokat\u00e9ry nech\u00e1paj\u00edc\u00ed, \u017ee cel\u00fd Green Deal je jen dal\u0161\u00ed podvod, by\u0165 se v\u00a0n\u011bm koupe jen Evropa. Motorist\u00e9 bojuj\u00ed nejen za spalovac\u00ed motory, ale i za pr\u016fmysl, zru\u0161en\u00ed emisn\u00edch povolenek a logick\u00e9 omilostn\u011bn\u00ed CO2.<\/p>\n<p>Posledn\u00edm kandid\u00e1tem v\u00a0na\u0161em seznamu budouc\u00edch mo\u017en\u00fdch parlamentn\u00edch stran je STA\u010cILO. Po nich jdou v\u0161ichni. ODSjungend s\u00a0Oganesjanem v \u010dele atakuje m\u00edtinky hnut\u00ed, Kate\u0159inu Kone\u010dnou pro jej\u00ed \u010dlenskou kn\u00ed\u017eku v KS\u010cM sni\u017euj\u00ed jak m\u00e9dia, tak i liber\u00e1lov\u00e9, tup\u00fd Zdechovsk\u00fd se oz\u00fdv\u00e1 z\u00a0Bruselu. Pod tlakem je i Sterzik. Jen\u017ee je t\u0159eba zatleskat tomu, jak se mluv\u010d\u00ed STA\u010cILO vyjad\u0159uj\u00ed k\u00a0sou\u010dasn\u00e9 problematice (vynechme covidovou historii) a pomoc\u00ed argument\u016f opr\u00e1vn\u011bn\u011b kritizuj\u00ed vl\u00e1dn\u00ed ekipu a bruselsk\u00e9 \u0161\u00edlenstv\u00ed. Nav\u00edc p\u0159esko\u010dili v\u00a0popularit\u011b Motoristy a i p\u0159es obrovsk\u00fd tlak m\u00e9di\u00ed to s\u00a0nimi vypad\u00e1 dob\u0159e. V\u0161e mohou zm\u011bnit machinace s\u00a0volebn\u00edmi hlasy a koresponden\u010dn\u00ed zp\u016fsob voleb. Letos bude \u00fa\u010dast ka\u017ed\u00e9ho z\u00a0n\u00e1s d\u016fle\u017eit\u00e1. U\u017e m\u00e1te sv\u016fj tip?<\/p>\n<p><a href=\"https:\/\/www.inadhled.live\/uvaha-dne\/kampan-jede\/\">Jind\u0159ich Kulhav\u00fd<\/a><\/p>\n<p><img decoding=\"async\" loading=\"lazy\" class=\"alignnone size-full wp-image-48136\" src=\"http:\/\/www.infokuryr.cz\/n\/wp-content\/uploads\/2024\/02\/kulhavy-jindrich.jpg\" alt=\"\" width=\"219\" height=\"221\" srcset=\"https:\/\/www.infokuryr.cz\/n\/wp-content\/uploads\/2024\/02\/kulhavy-jindrich.jpg 219w, https:\/\/www.infokuryr.cz\/n\/wp-content\/uploads\/2024\/02\/kulhavy-jindrich-150x150.jpg 150w\" sizes=\"(max-width: 219px) 100vw, 219px\" \/><\/p>\n<\/div>\n<p><img decoding=\"async\" loading=\"lazy\" class=\"wp-image-80899 aligncenter\" src=\"http:\/\/www.infokuryr.cz\/n\/wp-content\/uploads\/2025\/06\/Vrabel-283x300.jpg\" alt=\"\" width=\"703\" height=\"745\" srcset=\"https:\/\/www.infokuryr.cz\/n\/wp-content\/uploads\/2025\/06\/Vrabel-283x300.jpg 283w, https:\/\/www.infokuryr.cz\/n\/wp-content\/uploads\/2025\/06\/Vrabel-966x1024.jpg 966w, https:\/\/www.infokuryr.cz\/n\/wp-content\/uploads\/2025\/06\/Vrabel-768x814.jpg 768w, https:\/\/www.infokuryr.cz\/n\/wp-content\/uploads\/2025\/06\/Vrabel-1024x1086.jpg 1024w, https:\/\/www.infokuryr.cz\/n\/wp-content\/uploads\/2025\/06\/Vrabel.jpg 1080w\" sizes=\"(max-width: 703px) 100vw, 703px\" \/><\/p>\n<p>&nbsp;<\/p>\n","protected":false},"excerpt":{"rendered":"<p>Pomalu se bl\u00ed\u017e\u00ed parlamentn\u00ed volby a uchaze\u010di o lavice ve Sn\u011bmovn\u011b \u010di o m\u00edsto ve&#8230;<\/p>\n","protected":false},"author":2,"featured_media":81371,"comment_status":"closed","ping_status":"closed","sticky":false,"template":"","format":"standard","meta":[],"categories":[6],"tags":[1503,27,4226],"_links":{"self":[{"href":"https:\/\/www.infokuryr.cz\/n\/wp-json\/wp\/v2\/posts\/81370"}],"collection":[{"href":"https:\/\/www.infokuryr.cz\/n\/wp-json\/wp\/v2\/posts"}],"about":[{"href":"https:\/\/www.infokuryr.cz\/n\/wp-json\/wp\/v2\/types\/post"}],"author":[{"embeddable":true,"href":"https:\/\/www.infokuryr.cz\/n\/wp-json\/wp\/v2\/users\/2"}],"replies":[{"embeddable":true,"href":"https:\/\/www.infokuryr.cz\/n\/wp-json\/wp\/v2\/comments?post=81370"}],"version-history":[{"count":0,"href":"https:\/\/www.infokuryr.cz\/n\/wp-json\/wp\/v2\/posts\/81370\/revisions"}],"wp:featuredmedia":[{"embeddable":true,"href":"https:\/\/www.infokuryr.cz\/n\/wp-json\/wp\/v2\/media\/81371"}],"wp:attachment":[{"href":"https:\/\/www.infokuryr.cz\/n\/wp-json\/wp\/v2\/media?parent=81370"}],"wp:term":[{"taxonomy":"category","embeddable":true,"href":"https:\/\/www.infokuryr.cz\/n\/wp-json\/wp\/v2\/categories?post=81370"},{"taxonomy":"post_tag","embeddable":true,"href":"https:\/\/www.infokuryr.cz\/n\/wp-json\/wp\/v2\/tags?post=81370"}],"curies":[{"name":"wp","href":"https:\/\/api.w.org\/{rel}","templated":true}]}}