{"id":81357,"date":"2025-06-16T00:30:03","date_gmt":"2025-06-15T22:30:03","guid":{"rendered":"https:\/\/www.infokuryr.cz\/n\/?p=81357"},"modified":"2025-06-15T19:16:09","modified_gmt":"2025-06-15T17:16:09","slug":"prohlaseni-dsz-za-prava-zvirat-k-mezinarodnimu-dni-stop-preprave-zvirat-2","status":"publish","type":"post","link":"https:\/\/www.infokuryr.cz\/n\/2025\/06\/16\/prohlaseni-dsz-za-prava-zvirat-k-mezinarodnimu-dni-stop-preprave-zvirat-2\/","title":{"rendered":"Prohl\u00e1\u0161en\u00ed DSZ &#8211; ZA PR\u00c1VA ZV\u00cd\u0158AT k Mezin\u00e1rodn\u00edmu dni Stop p\u0159eprav\u011b zv\u00ed\u0159at"},"content":{"rendered":"<div id=\"fb-root\"><\/div>\n<p>Demokratick\u00e1 strana zelen\u00fdch &#8211; ZA PR\u00c1VA ZV\u00cd\u0158AT se v\u010dera, tak jako ka\u017edoro\u010dn\u011b, p\u0159ipojila k podpo\u0159e Mezin\u00e1rodn\u00edho dne Stop p\u0159eprav\u011b zv\u00ed\u0159at zam\u011b\u0159en\u00e9ho na ukon\u010den\u00ed utrpen\u00ed zv\u00ed\u0159at v souvislosti s obchodem s hospod\u00e1\u0159sk\u00fdmi zv\u00ed\u0159aty, kter\u00fd se p\u0159ipom\u00edn\u00e1 ka\u017edoro\u010dn\u011b 14. \u010dervna. Tento den v roce 2015 se toti\u017e stala velk\u00e1 trag\u00e9die, p\u0159i kter\u00e9 p\u0159i\u0161lo o \u017eivot 13 000 ovc\u00ed, kter\u00e9 byly p\u0159epravov\u00e1ny n\u00e1kladn\u00ed lod\u00ed. Nejprve byly odvezeny do Jord\u00e1nska, zde se zjistilo, \u017ee v pr\u016fb\u011bhu dlouh\u00e9 cesty uhynulo na dehydrataci, vyhladov\u011bn\u00ed a vy\u010derp\u00e1n\u00ed p\u0159es 5 000 ovc\u00ed. M\u00edstn\u00ed \u00fa\u0159ady na\u0159\u00eddily pos\u00e1dce odplout na mo\u0159e, tam vyhodit mrtv\u00e1 t\u011bla, nakrmit zb\u00fdvaj\u00edc\u00ed zv\u00ed\u0159ata, a pak se vr\u00e1tit do p\u0159\u00edstavu. Kapit\u00e1n s lod\u00ed odplul a dva t\u00fddny se ne\u00fasp\u011b\u0161n\u011b pokou\u0161el zakotvit v n\u011bkolika p\u0159\u00edstavech. 14. \u010dervna kone\u010dn\u011b lo\u010f zakotvila v Som\u00e1lsku, ale to bylo u\u017e v\u0161ech 13 000 ovc\u00ed mrtv\u00fdch.<\/p>\n<p>\u00da\u010delem akce je budovat pov\u011bdom\u00ed a demonstrovat celosv\u011btov\u00fd odpor proti krut\u00e9mu obchodu se zv\u00ed\u0159aty a jejich p\u0159eprav\u011b na dlouh\u00e9 vzd\u00e1lenosti.<\/p>\n<p>DSZ &#8211; ZA PR\u00c1VA ZV\u00cd\u0158AT prosazuje z\u00e1kaz v\u00fdvozu \u017eiv\u00fdch hospod\u00e1\u0159sk\u00fdch zv\u00ed\u0159at z \u010cR do Turecka i dal\u0161\u00edch zem\u00ed mimo EU a sou\u010dasn\u011b zlep\u0161en\u00ed podm\u00ednek pro p\u0159ev\u00e1\u017een\u00e1 zv\u00ed\u0159ata po \u010cR a do zem\u00ed EU.<\/p>\n<p>DSZ &#8211; ZA PR\u00c1VA ZV\u00cd\u0158AT se zasazuje o ukon\u010den\u00ed utrpen\u00ed zv\u00ed\u0159at v souvislosti s obchodem s hospod\u00e1\u0159sk\u00fdmi zv\u00ed\u0159aty a jejich transporty. \u00da\u010delem je budovat pov\u011bdom\u00ed a demonstrovat odpor proti krut\u00e9mu obchodu se zv\u00ed\u0159aty a jejich p\u0159eprav\u011b na dlouh\u00e9 vzd\u00e1lenosti.<\/p>\n<p>DSZ &#8211; ZA PR\u00c1VA ZV\u00cd\u0158AT se ka\u017edoro\u010dn\u011b p\u0159ipojuje k Mezin\u00e1rodn\u00edmu dni Stop p\u0159eprav\u011b zv\u00ed\u0159at, kter\u00fd byl vyhl\u00e1\u0161en po Sv\u011btov\u00e9m dni s n\u00e1zvem Zv\u00ed\u0159ata nejsou zbo\u017e\u00ed k p\u0159eprav\u011b, kter\u00fd se konal u p\u0159\u00edle\u017eitosti dvacetilet\u00e9ho v\u00fdro\u010d\u00ed nejv\u011bt\u0161\u00edho ne\u0161t\u011bst\u00ed p\u0159i p\u0159eprav\u011b zv\u00ed\u0159at, kdy zahynulo 67 488 ovc\u00ed p\u0159i po\u017e\u00e1ru lodi v Indick\u00e9m oce\u00e1nu.<\/p>\n<p>DSZ &#8211; ZA PR\u00c1VA ZV\u00cd\u0158AT v souladu se sv\u00fdm programem podporuje v\u0161echny akce ochr\u00e1nc\u016f zv\u00ed\u0159at na tento den p\u0159ipraven\u00e9. T\u011bmi jsou nap\u0159. podpisov\u00e9 akce nov\u00e9 petice po\u017eaduj\u00edc\u00ed z\u00e1kaz v\u00fdvozu hospod\u00e1\u0159sk\u00fdch zv\u00ed\u0159at z \u010cR do Turecka a dal\u0161\u00edch zem\u00ed mimo EU. Podpisy se sb\u00edraj\u00ed na obraze namalovan\u00e9m na pam\u00e1tku \u010desk\u00e9ho b\u00fd\u010dka, kter\u00fd zem\u0159el vy\u010derp\u00e1n\u00edm v kamionu na hranic\u00edch s Tureckem p\u0159ed zraky ochr\u00e1nc\u016f zv\u00ed\u0159at dokumentuj\u00edc\u00edch jeho p\u0159epravu.<\/p>\n<p>DSZ &#8211; ZA PR\u00c1VA ZV\u00cd\u0158AT p\u0159ipom\u00edn\u00e1 utrpen\u00ed milion\u016f zv\u00ed\u0159at na cel\u00e9m sv\u011bt\u011b p\u0159ev\u00e1\u017een\u00fdch \u010dasto v nevyhovuj\u00edc\u00edch a krut\u00fdch podm\u00ednk\u00e1ch. Obchod se \u017eiv\u00fdmi zv\u00ed\u0159aty je drastick\u00fd zejm\u00e9na z d\u016fvodu p\u0159epravy na dlouh\u00e9 vzd\u00e1lenosti bez zaji\u0161t\u011bn\u00ed dostate\u010dn\u00e9ho mno\u017estv\u00ed krmiva, vody a odpo\u010dinku. Nen\u00ed v\u00fdjimkou, \u017ee se p\u0159epravuj\u00ed i zv\u00ed\u0159ata nemocn\u00e1, zran\u011bn\u00e1, p\u0159\u00edli\u0161 mlad\u00e1 \u010di vysokob\u0159ez\u00ed. Transportn\u00ed vozidla b\u00fdvaj\u00ed p\u0159epln\u011bn\u00e1 a \u0161patn\u011b vybaven\u00e1. Zv\u00ed\u0159ata natla\u010den\u00e1 v p\u0159epln\u011bn\u00fdch vozech trp\u00ed dlouh\u00e9 hodiny i dny \u017e\u00edzn\u00ed, hladem, p\u0159eh\u0159\u00e1t\u00edm, vy\u010derp\u00e1n\u00edm, zran\u011bn\u00edmi a \u0161\u00ed\u0159\u00edc\u00edmi se nemocemi. U\u0161et\u0159ena nejsou ani ml\u00e1\u010fata.<\/p>\n<p>DSZ &#8211; ZA PR\u00c1VA ZV\u00cd\u0158AT upozor\u0148uje, \u017ee mnoho zv\u00ed\u0159at se t\u00e9\u017e vyv\u00e1\u017e\u00ed ze zem\u00ed s pr\u00e1vn\u00ed ochranou, nap\u0159\u00edklad z \u010cR, do zem\u00ed bez pr\u00e1vn\u00ed ochrany, nap\u0159\u00edklad do Turecka, kde se s nimi zach\u00e1z\u00ed velmi hrub\u011b a trp\u00ed p\u0159i brut\u00e1ln\u00ed por\u00e1\u017ece. P\u0159itom je veterin\u00e1rn\u011b zji\u0161t\u011bno, \u017ee ka\u017ed\u00e1 p\u0159eprava zv\u00ed\u0159at nad osm hodin je vy\u010derp\u00e1vaj\u00edc\u00ed a \u010d\u00edm se \u010das prodlu\u017euje, t\u00edm v\u011bt\u0161\u00ed je utrpen\u00ed zv\u00ed\u0159at zvl\u00e1\u0161\u0165 v hork\u00e9m po\u010das\u00ed. Chovatel\u00e9 zv\u00ed\u0159at, p\u0159epravci i \u00fa\u0159edn\u00edci to v\u011bd\u00ed. P\u0159esto tento krut\u00fd obchod b\u011b\u017e\u00ed d\u00e1l. Nejhor\u0161\u00ed jsou transporty smrti mimo zem\u011b EU, ve kter\u00fdch zv\u00ed\u0159ata po strastipln\u00e9 cest\u011b, pokud ji v\u016fbec p\u0159e\u017eij\u00ed, \u010dek\u00e1 brut\u00e1ln\u00ed por\u00e1\u017eka bez omr\u00e1\u010den\u00ed.<\/p>\n<p>DSZ &#8211; ZA PR\u00c1VA ZV\u00cd\u0158AT se zasazuje o zastaven\u00ed tohoto velk\u00e9ho a zbyte\u010dn\u00e9ho utrpen\u00ed zv\u00ed\u0159at p\u0159i p\u0159eprav\u011b.<\/p>\n<p>DSZ &#8211; ZA PR\u00c1VA ZV\u00cd\u0158AT sepsalo petici za ukon\u010den\u00ed dlouh\u00fdch transport\u016f \u017eiv\u00fdch zv\u00ed\u0159at, kterou chce mj. upozornit, \u017ee na\u0159\u00edzen\u00ed EU p\u0159\u00edmo aplikovateln\u00e9 v \u010cR transporty \u017eiv\u00fdch zv\u00ed\u0159at na dlouh\u00e9 vzd\u00e1lenosti nezakazuje. Stanov\u00ed z\u00e1vazn\u00e9, av\u0161ak pouze form\u00e1ln\u00ed podm\u00ednky, kter\u00e9 je nutno dodr\u017eet. Praxe je v\u0161ak bohu\u017eel naprosto jin\u00e1. \u00da\u010delem t\u00e9to petice je rovn\u011b\u017e pouk\u00e1zat na utrpen\u00ed zv\u00ed\u0159at p\u0159i dlouh\u00fdch p\u0159eprav\u00e1ch a dos\u00e1hnout ukon\u010den\u00ed t\u011bchto transport\u016f, proto peti\u010dn\u00ed akce pokra\u010duje nad\u00e1le. Petici zat\u00edm podpo\u0159ilo sv\u00fdm podpisem skoro \u0161est tis\u00edc ob\u010dan\u016f.<\/p>\n<p>DSZ &#8211; ZA PR\u00c1VA ZV\u00cd\u0158AT si klade za c\u00edl prosadit d\u016fsledn\u011bj\u0161\u00ed ochranu zv\u00ed\u0159at, lid\u00ed, p\u0159\u00edrody, vody, ovzdu\u0161\u00ed, podneb\u00ed, \u017eivotn\u00edho prost\u0159ed\u00ed, ale t\u00e9\u017e v\u011bt\u0161\u00ed pr\u00e1va pro zv\u00ed\u0159ata, resp. jejich v\u011bt\u0161\u00ed pr\u00e1vn\u00ed ochranu.<\/p>\n<p>DSZ &#8211; ZA PR\u00c1VA ZV\u00cd\u0158AT vystupuje proti v\u0161em druh\u016fm t\u00fdr\u00e1n\u00ed zv\u00ed\u0159at \u010di krut\u00e9mu zach\u00e1zen\u00ed s nimi. Odsuzuje ka\u017edou \u010dinnost, kter\u00e1 zp\u016fsobuje utrpen\u00ed zv\u00ed\u0159at.<\/p>\n<p>DSZ &#8211; ZA PR\u00c1VA ZV\u00cd\u0158AT se zasazuje o d\u016fsledn\u011bj\u0161\u00ed ochranu zv\u00ed\u0159at, p\u0159\u00edsn\u011bj\u0161\u00ed tresty za t\u00fdr\u00e1n\u00ed a zlep\u0161en\u00ed podm\u00ednek chovu.<\/p>\n<p>DSZ &#8211; ZA PR\u00c1VA ZV\u00cd\u0158AT je dvac\u00e1tou registrovanou politickou stranou za pr\u00e1va zv\u00ed\u0159at ve sv\u011bt\u011b, resp. \u010cesk\u00e1 republika je dvac\u00e1tou zem\u00ed, ve kter\u00e9 existuje strana zam\u011b\u0159en\u00e1 prim\u00e1rn\u011b na obranu pr\u00e1v zv\u00ed\u0159at.<\/p>\n<p>NEP\u0158IHL\u00cd\u017dEJME UTRPEN\u00cd, ZV\u00cd\u0158E NEN\u00cd V\u011aC!<br \/>\nMLUV\u00cdME ZA TY, KTE\u0158\u00cd SAMI NEMOHOU.<br \/>\nBR\u00c1N\u00cdME TY, KTE\u0158\u00cd SE BR\u00c1NIT SAMI NEDOK\u00c1\u017d\u00cd.<br \/>\nCHR\u00c1N\u00cdME ZV\u00cd\u0158ATA A JEJICH PR\u00c1VA.<\/p>\n<p>\u0158V DSZ &#8211; ZA PR\u00c1VA ZV\u00cd\u0158AT<\/p>\n<p>V Doma\u017elic\u00edch 15. 6. 2025<\/p>\n<p><img decoding=\"async\" loading=\"lazy\" class=\"alignnone size-medium wp-image-14353\" src=\"http:\/\/www.infokuryr.cz\/n\/wp-content\/uploads\/2022\/08\/demokraticka-strana-zelenych-300x172.jpg\" alt=\"\" width=\"300\" height=\"172\" srcset=\"https:\/\/www.infokuryr.cz\/n\/wp-content\/uploads\/2022\/08\/demokraticka-strana-zelenych-300x172.jpg 300w, https:\/\/www.infokuryr.cz\/n\/wp-content\/uploads\/2022\/08\/demokraticka-strana-zelenych-768x441.jpg 768w, https:\/\/www.infokuryr.cz\/n\/wp-content\/uploads\/2022\/08\/demokraticka-strana-zelenych.jpg 838w\" sizes=\"(max-width: 300px) 100vw, 300px\" \/><\/p>\n<p><img decoding=\"async\" loading=\"lazy\" class=\"wp-image-80899 aligncenter\" src=\"http:\/\/www.infokuryr.cz\/n\/wp-content\/uploads\/2025\/06\/Vrabel-283x300.jpg\" alt=\"\" width=\"791\" height=\"839\" srcset=\"https:\/\/www.infokuryr.cz\/n\/wp-content\/uploads\/2025\/06\/Vrabel-283x300.jpg 283w, https:\/\/www.infokuryr.cz\/n\/wp-content\/uploads\/2025\/06\/Vrabel-966x1024.jpg 966w, https:\/\/www.infokuryr.cz\/n\/wp-content\/uploads\/2025\/06\/Vrabel-768x814.jpg 768w, https:\/\/www.infokuryr.cz\/n\/wp-content\/uploads\/2025\/06\/Vrabel-1024x1086.jpg 1024w, https:\/\/www.infokuryr.cz\/n\/wp-content\/uploads\/2025\/06\/Vrabel.jpg 1080w\" sizes=\"(max-width: 791px) 100vw, 791px\" \/><\/p>\n<p>&nbsp;<\/p>\n","protected":false},"excerpt":{"rendered":"<p>Demokratick\u00e1 strana zelen\u00fdch &#8211; ZA PR\u00c1VA ZV\u00cd\u0158AT se v\u010dera, tak jako ka\u017edoro\u010dn\u011b, p\u0159ipojila k podpo\u0159e&#8230;<\/p>\n","protected":false},"author":2,"featured_media":81358,"comment_status":"closed","ping_status":"closed","sticky":false,"template":"","format":"standard","meta":[],"categories":[6],"tags":[1140,331,262],"_links":{"self":[{"href":"https:\/\/www.infokuryr.cz\/n\/wp-json\/wp\/v2\/posts\/81357"}],"collection":[{"href":"https:\/\/www.infokuryr.cz\/n\/wp-json\/wp\/v2\/posts"}],"about":[{"href":"https:\/\/www.infokuryr.cz\/n\/wp-json\/wp\/v2\/types\/post"}],"author":[{"embeddable":true,"href":"https:\/\/www.infokuryr.cz\/n\/wp-json\/wp\/v2\/users\/2"}],"replies":[{"embeddable":true,"href":"https:\/\/www.infokuryr.cz\/n\/wp-json\/wp\/v2\/comments?post=81357"}],"version-history":[{"count":0,"href":"https:\/\/www.infokuryr.cz\/n\/wp-json\/wp\/v2\/posts\/81357\/revisions"}],"wp:featuredmedia":[{"embeddable":true,"href":"https:\/\/www.infokuryr.cz\/n\/wp-json\/wp\/v2\/media\/81358"}],"wp:attachment":[{"href":"https:\/\/www.infokuryr.cz\/n\/wp-json\/wp\/v2\/media?parent=81357"}],"wp:term":[{"taxonomy":"category","embeddable":true,"href":"https:\/\/www.infokuryr.cz\/n\/wp-json\/wp\/v2\/categories?post=81357"},{"taxonomy":"post_tag","embeddable":true,"href":"https:\/\/www.infokuryr.cz\/n\/wp-json\/wp\/v2\/tags?post=81357"}],"curies":[{"name":"wp","href":"https:\/\/api.w.org\/{rel}","templated":true}]}}