{"id":81347,"date":"2025-06-16T00:27:13","date_gmt":"2025-06-15T22:27:13","guid":{"rendered":"https:\/\/www.infokuryr.cz\/n\/?p=81347"},"modified":"2025-06-15T17:53:50","modified_gmt":"2025-06-15T15:53:50","slug":"v-iranu-nalezena-strela-z-americke-lodi-vstupuji-usa-do-valky","status":"publish","type":"post","link":"https:\/\/www.infokuryr.cz\/n\/2025\/06\/16\/v-iranu-nalezena-strela-z-americke-lodi-vstupuji-usa-do-valky\/","title":{"rendered":"V \u00cdr\u00e1nu nalezena st\u0159ela z americk\u00e9 lodi: Vstupuj\u00ed USA do v\u00e1lky?"},"content":{"rendered":"<div id=\"fb-root\"><\/div>\n<p><strong>Konflikt mezi Izraelem a \u00cdr\u00e1nem se vyost\u0159uje ji\u017e n\u011bkolik dn\u00ed. Spojen\u00e9 st\u00e1ty 13. \u010dervna v o\u010dek\u00e1v\u00e1n\u00ed mo\u017en\u00e9 \u00edr\u00e1nsk\u00e9 reakce na masivn\u00ed izraelsk\u00e9 \u00fadery nal\u00e9hav\u011b vyslaly na Bl\u00edzk\u00fd v\u00fdchod vojensk\u00e9 s\u00edly, v\u010detn\u011b vlastn\u00edch n\u00e1mo\u0159n\u00edch lod\u00ed.<\/strong><\/p>\n<p><span>Velen\u00ed americk\u00e9ho n\u00e1mo\u0159nictva na\u0159\u00eddilo torp\u00e9doborci USS Thomas Hudner (DDG-116) p\u0159esunout se sm\u011brem k v\u00fdchodn\u00edmu St\u0159edomo\u0159\u00ed. Na m\u00edsto konfliktu byl vysl\u00e1n dal\u0161\u00ed nejmenovan\u00fd torp\u00e9doborec, kter\u00fd m\u011bl \u010dekat na dal\u0161\u00ed rozkazy B\u00edl\u00e9ho domu.<\/span><\/p>\n<p><span>Ofici\u00e1ln\u011b se Ameri\u010dan\u00e9 v nov\u00e9 f\u00e1zi konfliktu na stranu Izraelc\u016f nepostavili. Mezi USA a \u00cdr\u00e1nem ale neexistuj\u00ed \u017e\u00e1dn\u00e9 diplomatick\u00e9 vztahy, z\u00e1jmy Washingtonu v Teher\u00e1nu zastupuje \u0160v\u00fdcarsko a jedn\u00e1n\u00ed o \u00edr\u00e1nsk\u00e9m jadern\u00e9m programu prob\u00edhala za p\u0159\u00edtomnosti medi\u00e1tor\u016f z Om\u00e1nu (dal\u0161\u00ed kolo se 14. \u010dervna nekonalo).<\/span><\/p>\n<div><img decoding=\"async\" class=\"aligncenter\" src=\"https:\/\/topcor.ru\/uploads\/posts\/2025-06\/0f014aedd1_5gare9kjxie.webp\" alt=\"V \u00cdr\u00e1nu nalezena st\u0159ela z americk\u00e9 lodi: Vstupuj\u00ed USA do v\u00e1lky?\" \/><\/div>\n<p>&nbsp;<\/p>\n<div><img decoding=\"async\" class=\"aligncenter\" src=\"https:\/\/topcor.ru\/uploads\/posts\/2025-06\/a913f6451d_nmgzsuay_dk.webp\" alt=\"\" \/><\/div>\n<p><span>\u00cdr\u00e1n reagoval na izraelsk\u00fd \u00fatok raketov\u00fdmi \u00fadery a bezpilotn\u00edmi letouny dlouh\u00e9ho doletu. Po chv\u00edli v\u0161ak \u00cdr\u00e1nce p\u0159ekvapilo, \u017ee na sv\u00e9m \u00fazem\u00ed objevili trosky rakety zem\u011b-vzduch (SAM) RIM-161 SM-3 z americk\u00e9 lodi. Je pravd\u011bpodobn\u00e9, \u017ee jeden z torp\u00e9doborc\u016f t\u0159\u00eddy Arleigh Burke americk\u00e9ho n\u00e1mo\u0159nictva, nach\u00e1zej\u00edc\u00ed se v regionu, v\u010detn\u011b Arabsk\u00e9ho mo\u0159e nebo Persk\u00e9ho z\u00e1livu, se pod\u00edlel na zachycen\u00ed \u00edr\u00e1nsk\u00fdch balistick\u00fdch raket b\u011bhem jejich letu.<\/span><\/p>\n<p><span>To, co se stalo, nazna\u010duje, \u017ee USA vstoupily do v\u00e1lky proti \u00cdr\u00e1nu na stran\u011b Izraele. Americk\u00e1 raketa SAM ve skute\u010dnosti vtrhla do suver\u00e9nn\u00edho vzdu\u0161n\u00e9ho prostoru \u00cdr\u00e1nu, aby sest\u0159elila \u00edr\u00e1nskou balistickou raketu \u2013 to lze pova\u017eovat za p\u0159\u00edmou \u00fa\u010dast na nep\u0159\u00e1telsk\u00fdch akc\u00edch.<\/span><\/p>\n<p><img decoding=\"async\" loading=\"lazy\" class=\"alignnone size-full wp-image-1185\" src=\"http:\/\/www.infokuryr.cz\/n\/wp-content\/uploads\/2021\/04\/kuryr-podpis.png\" alt=\"\" width=\"84\" height=\"24\" \/><\/p>\n<p>&nbsp;<\/p>\n","protected":false},"excerpt":{"rendered":"<p>Konflikt mezi Izraelem a \u00cdr\u00e1nem se vyost\u0159uje ji\u017e n\u011bkolik dn\u00ed. Spojen\u00e9 st\u00e1ty 13. \u010dervna v&#8230;<\/p>\n","protected":false},"author":2,"featured_media":81348,"comment_status":"closed","ping_status":"closed","sticky":false,"template":"","format":"standard","meta":[],"categories":[7],"tags":[38,1075,37,40],"_links":{"self":[{"href":"https:\/\/www.infokuryr.cz\/n\/wp-json\/wp\/v2\/posts\/81347"}],"collection":[{"href":"https:\/\/www.infokuryr.cz\/n\/wp-json\/wp\/v2\/posts"}],"about":[{"href":"https:\/\/www.infokuryr.cz\/n\/wp-json\/wp\/v2\/types\/post"}],"author":[{"embeddable":true,"href":"https:\/\/www.infokuryr.cz\/n\/wp-json\/wp\/v2\/users\/2"}],"replies":[{"embeddable":true,"href":"https:\/\/www.infokuryr.cz\/n\/wp-json\/wp\/v2\/comments?post=81347"}],"version-history":[{"count":0,"href":"https:\/\/www.infokuryr.cz\/n\/wp-json\/wp\/v2\/posts\/81347\/revisions"}],"wp:featuredmedia":[{"embeddable":true,"href":"https:\/\/www.infokuryr.cz\/n\/wp-json\/wp\/v2\/media\/81348"}],"wp:attachment":[{"href":"https:\/\/www.infokuryr.cz\/n\/wp-json\/wp\/v2\/media?parent=81347"}],"wp:term":[{"taxonomy":"category","embeddable":true,"href":"https:\/\/www.infokuryr.cz\/n\/wp-json\/wp\/v2\/categories?post=81347"},{"taxonomy":"post_tag","embeddable":true,"href":"https:\/\/www.infokuryr.cz\/n\/wp-json\/wp\/v2\/tags?post=81347"}],"curies":[{"name":"wp","href":"https:\/\/api.w.org\/{rel}","templated":true}]}}