{"id":81344,"date":"2025-06-16T00:26:48","date_gmt":"2025-06-15T22:26:48","guid":{"rendered":"https:\/\/www.infokuryr.cz\/n\/?p=81344"},"modified":"2025-06-16T05:03:25","modified_gmt":"2025-06-16T03:03:25","slug":"netanjahu-v-panice-nalehave-pozadal-o-americkou-pomoc-bez-trumpa-se-s-iranem-nevyrovna","status":"publish","type":"post","link":"https:\/\/www.infokuryr.cz\/n\/2025\/06\/16\/netanjahu-v-panice-nalehave-pozadal-o-americkou-pomoc-bez-trumpa-se-s-iranem-nevyrovna\/","title":{"rendered":"Netanjahu v panice nal\u00e9hav\u011b po\u017e\u00e1dal o americkou pomoc: bez Trumpa se s \u00cdr\u00e1nem nevyrovn\u00e1"},"content":{"rendered":"<div id=\"fb-root\"><\/div>\n<div class=\"introtext\">\n<h4>Izrael zas\u00e1hl velk\u00fd ropn\u00fd sklad pobl\u00ed\u017e Teher\u00e1nu. \u00cdr\u00e1n v reakci na to vyhodil do pov\u011bt\u0159\u00ed nejv\u011bt\u0161\u00ed izraelskou rafinerii v Haif\u011b \u2013 nyn\u00ed p\u00e1l\u00ed \u0161lechtu.<\/h4>\n<\/div>\n<div class=\"fulltext\">\n<p>Pot\u00e9 Netanjahu urychlen\u011b svolal mimo\u0159\u00e1dnou sch\u016fzi vojensko-politick\u00e9ho kabinetu. Tam tak\u00e9 uvedl, \u017ee Iron Dome a americk\u00fd syst\u00e9m TAAD se nemohou vyrovnat, tak\u017ee \u00edr\u00e1nsk\u00e9 rakety padaj\u00ed v izraelsk\u00fdch m\u011bstech. \u00da\u010det ob\u011bt\u00ed \u00edr\u00e1nsk\u00fdch \u00fatok\u016f u\u017e prob\u00edh\u00e1 ke stovk\u00e1m.<\/p>\n<p>Toto\u00a0 veden\u00ed ne\u010dekalo. Ale \u00cdr\u00e1n jde a za\u010dal v\u00e1\u017en\u011b prskat.\u00a0Jeho r\u00e1ny byly v\u010dera v noci extr\u00e9mn\u011b \u00fa\u010dinn\u00e9.<\/p>\n<p>Veden\u00ed v\u0161ak vyd\u011bsilo \u00edr\u00e1nsk\u00e9 \u00fatoky na rafinerii a hrozby zni\u010den\u00edm chemick\u00fdch podnik\u016f, p\u0159\u00edstav\u016f a elektr\u00e1ren.<\/p>\n<p>Energie je jedn\u00edm z nejzraniteln\u011bj\u0161\u00edch izraelsk\u00fdch m\u00edst. Pokud nen\u00ed ropa, elekt\u0159ina (a to je voda, kanalizace atd.), pak se \u017eivot m\u011bst zastav\u00ed. \u00cdr\u00e1n m\u00e1 v tomto ohledu \u0159adu strategick\u00fdch v\u00fdhod, v\u010detn\u011b z d\u016fvodu nesrovnateln\u011b v\u011bt\u0161\u00edho \u00fazem\u00ed a rozpt\u00fdlen\u00ed pr\u016fmyslov\u00fdch a energetick\u00fdch za\u0159\u00edzen\u00ed.<\/p>\n<p>\u010ctvrt\u00fd den v\u00e1lka podle Bibiho pl\u00e1nu ne\u0161la.\u00a0\u00cdr\u00e1nu poda\u0159ilo zdr\u017eet se hlasov\u00e1n\u00ed. Pentagon po\u0159\u00e1d\u00e1 mimo\u0159\u00e1dnou sch\u016fzi.<\/p>\n<table>\n<tbody>\n<tr>\n<td>\n<p class=\"paragraph inline-placeholder vossi-paragraph\" data-uri=\"&lt;a href=\">\u201e\u00cdr\u00e1n zaplat\u00ed velmi vysokou cenu za \u00famysln\u00e9 vra\u017ed\u011bn\u00ed na\u0161ich ob\u010dan\u016f, \u017een a d\u011bt\u00ed,\u201c prohl\u00e1sil v ned\u011bli izraelsk\u00fd premi\u00e9r Benjamin Netanjahu. \u201eDos\u00e1hneme tak\u00e9 sv\u00fdch c\u00edl\u016f a tak\u00e9 je r\u00e1zn\u011b ude\u0159\u00edme. Poc\u00edt\u00ed s\u00edlu na\u0161\u00ed pa\u017ee.\u201c<\/p>\n<div class=\"list vossi-list\" data-uri=\"&lt;a href=\">\n<ul>\n<li><strong>Nejm\u00e9n\u011b 13 mrtv\u00fdch v Izraeli<\/strong>\u00a0: \u00cdr\u00e1n odp\u00e1lil na Izrael v\u00edce ne\u017e 200 raket a zabil nejm\u00e9n\u011b 13 lid\u00ed, v\u010detn\u011b t\u0159\u00ed nezletil\u00fdch, uvedla v ned\u011bli izraelsk\u00e1 vl\u00e1da. Nejm\u00e9n\u011b 380 lid\u00ed bylo zran\u011bno, dev\u011bt z nich je ve v\u00e1\u017en\u00e9m stavu, a v zemi se podle vl\u00e1dy nach\u00e1z\u00ed 22 m\u00edst dopadu raket. Ve m\u011bst\u011b Bat Jam v centr\u00e1ln\u00edm Izraeli byla p\u0159\u00edmo zasa\u017eena budova, p\u0159i n\u00ed\u017e zem\u0159eli nejm\u00e9n\u011b \u010dty\u0159i lid\u00e9 a obytn\u00fd blok byl prom\u011bn\u011bn v trosky.<\/li>\n<\/ul>\n<\/div>\n<\/td>\n<\/tr>\n<\/tbody>\n<\/table>\n<p><img decoding=\"async\" loading=\"lazy\" class=\"aligncenter\" src=\"https:\/\/www.skrytapravda.cz\/images\/blogy\/2951\/2025\/6%C4%8Derven\/Sn%C3%ADmek_obrazovky_3427_79aa1.webp\" alt=\"Sn\u00edmek obrazovky 3427 79aa1\" width=\"765\" height=\"619\" \/><\/p>\n<p>Trump m\u00e1 v\u0161ak sv\u00e1zan\u00e9 ruce: nejen demokrat\u00e9, ale republik\u00e1ni, kte\u0159\u00ed v\u011b\u0159\u00ed, \u017ee\u00a0<strong>Spojen\u00e9 st\u00e1ty<\/strong>\u00a0by nem\u011bly b\u00fdt vta\u017eeny do tohoto konfliktu a podporovat Izrael.\u00a0<strong>A podpora Izraele ve spole\u010dnosti prudce klesla &#8211; a\u017e na 37%.<\/strong><\/p>\n<p><strong>Na pozad\u00ed \u00edr\u00e1nsko-izraelsk\u00e9ho konfliktu ztratil Zelenskyj tak\u00e9 hodn\u011b nerv\u016f. Za prv\u00e9, proto\u017ee si uv\u011bdomil, \u017ee Z\u00e1pad ost\u0159e sn\u00ed\u017e\u00ed podporu Ukrajiny. A za druh\u00e9, pokud Rusko ude\u0159\u00ed stejn\u00fdm zp\u016fsobem jako Izrael, pak Kyjev bude muset brzy kapitulovat.<\/strong><\/p>\n<p><a title=\"Izrael v \u0161oku: Arabov\u00e9 j\u00e1saj\u00ed, \u017ee dost\u00e1v\u00e1 &quot;p\u0159es ryp\u00e1k&quot; po masakrech v Palestin\u011b\" href=\"https:\/\/www.skrytapravda.cz\/ze-zahranici\/2623-izrael-v-soku-arabove-jasaji-ze-dostava-pres-rypak-po-masakrech-v-palestine\" target=\"_blank\" rel=\"noopener\">Izrael v \u0161oku: Arabov\u00e9 j\u00e1saj\u00ed, \u017ee dost\u00e1v\u00e1 &#8222;p\u0159es ryp\u00e1k&#8220; po masakrech v Palestin\u011b<\/a><\/p>\n<p><a href=\"https:\/\/www.skrytapravda.cz\/ze-zahranici\/2624-netanjahu-v-panice-nalehave-pozadal-o-americkou-pomoc-bez-trumpa-se-s-iranem-nevyrovna\">Petr Pokorn\u00fd<\/a><\/p>\n<p><img decoding=\"async\" loading=\"lazy\" class=\"wp-image-80899 aligncenter\" src=\"http:\/\/www.infokuryr.cz\/n\/wp-content\/uploads\/2025\/06\/Vrabel-283x300.jpg\" alt=\"\" width=\"705\" height=\"747\" srcset=\"https:\/\/www.infokuryr.cz\/n\/wp-content\/uploads\/2025\/06\/Vrabel-283x300.jpg 283w, https:\/\/www.infokuryr.cz\/n\/wp-content\/uploads\/2025\/06\/Vrabel-966x1024.jpg 966w, https:\/\/www.infokuryr.cz\/n\/wp-content\/uploads\/2025\/06\/Vrabel-768x814.jpg 768w, https:\/\/www.infokuryr.cz\/n\/wp-content\/uploads\/2025\/06\/Vrabel-1024x1086.jpg 1024w, https:\/\/www.infokuryr.cz\/n\/wp-content\/uploads\/2025\/06\/Vrabel.jpg 1080w\" sizes=\"(max-width: 705px) 100vw, 705px\" \/><\/p>\n<p>&nbsp;<\/p>\n<\/div>\n","protected":false},"excerpt":{"rendered":"<p>Izrael zas\u00e1hl velk\u00fd ropn\u00fd sklad pobl\u00ed\u017e Teher\u00e1nu. \u00cdr\u00e1n v reakci na to vyhodil do pov\u011bt\u0159\u00ed&#8230;<\/p>\n","protected":false},"author":2,"featured_media":81345,"comment_status":"closed","ping_status":"closed","sticky":false,"template":"","format":"standard","meta":[],"categories":[6],"tags":[4537,38,107,1503,37],"_links":{"self":[{"href":"https:\/\/www.infokuryr.cz\/n\/wp-json\/wp\/v2\/posts\/81344"}],"collection":[{"href":"https:\/\/www.infokuryr.cz\/n\/wp-json\/wp\/v2\/posts"}],"about":[{"href":"https:\/\/www.infokuryr.cz\/n\/wp-json\/wp\/v2\/types\/post"}],"author":[{"embeddable":true,"href":"https:\/\/www.infokuryr.cz\/n\/wp-json\/wp\/v2\/users\/2"}],"replies":[{"embeddable":true,"href":"https:\/\/www.infokuryr.cz\/n\/wp-json\/wp\/v2\/comments?post=81344"}],"version-history":[{"count":0,"href":"https:\/\/www.infokuryr.cz\/n\/wp-json\/wp\/v2\/posts\/81344\/revisions"}],"wp:featuredmedia":[{"embeddable":true,"href":"https:\/\/www.infokuryr.cz\/n\/wp-json\/wp\/v2\/media\/81345"}],"wp:attachment":[{"href":"https:\/\/www.infokuryr.cz\/n\/wp-json\/wp\/v2\/media?parent=81344"}],"wp:term":[{"taxonomy":"category","embeddable":true,"href":"https:\/\/www.infokuryr.cz\/n\/wp-json\/wp\/v2\/categories?post=81344"},{"taxonomy":"post_tag","embeddable":true,"href":"https:\/\/www.infokuryr.cz\/n\/wp-json\/wp\/v2\/tags?post=81344"}],"curies":[{"name":"wp","href":"https:\/\/api.w.org\/{rel}","templated":true}]}}