{"id":81336,"date":"2025-06-16T00:13:28","date_gmt":"2025-06-15T22:13:28","guid":{"rendered":"https:\/\/www.infokuryr.cz\/n\/?p=81336"},"modified":"2025-06-15T14:30:11","modified_gmt":"2025-06-15T12:30:11","slug":"petr-pokorny-izrael-v-soku-arabove-jasaji-ze-dostava-pres-rypak-po-masakrech-v-palestine","status":"publish","type":"post","link":"https:\/\/www.infokuryr.cz\/n\/2025\/06\/16\/petr-pokorny-izrael-v-soku-arabove-jasaji-ze-dostava-pres-rypak-po-masakrech-v-palestine\/","title":{"rendered":"Petr Pokorn\u00fd: Izrael v \u0161oku &#8211; Arabov\u00e9 j\u00e1saj\u00ed, \u017ee dost\u00e1v\u00e1 &#8222;p\u0159es ryp\u00e1k&#8220; po masakrech v Palestin\u011b"},"content":{"rendered":"<div id=\"fb-root\"><\/div>\n<div class=\"introtext\">\n<h4>Netanjahu si myslel, \u017ee bude vra\u017edit beztrestn\u011b po cel\u00e9m okol\u00ed: od Palestiny, p\u0159es S\u00fdrii a\u017e po Ir\u00e1n a d\u011blal si n\u00e1roky vra\u017edit i d\u00e1l. A ir\u00e1nsk\u00e1 odveta uk\u00e1zala, \u017ee u\u017e p\u0159estaly b\u00fdt ber\u00e1nky a Izrael se ot\u0159\u00e1s\u00e1 v\u00fdbuchy.<\/h4>\n<\/div>\n<div class=\"fulltext\">\n<p>NEW YORK, 15. \u010dervna. \/TASS\/. V\u00fdzkumn\u00e9 centrum Weizmannova v\u011bdeck\u00e9ho institutu, kter\u00fd se nach\u00e1z\u00ed ve m\u011bst\u011b Rehovit, bylo v\u00e1\u017en\u011b po\u0161kozeno a za\u010dalo ho\u0159et v d\u016fsledku \u00edr\u00e1nsk\u00e9ho ost\u0159elov\u00e1n\u00ed Izraele.<\/p>\n<p class=\"Paragraph_paragraph__9WAFK\">Na fotografii, kterou zve\u0159ejnil den\u00edk The New York Times, je tak\u00e9 vid\u011bt, \u017ee ve v\u00fdzkumn\u00e9m centru vypukl po\u017e\u00e1r.<\/p>\n<p class=\"Paragraph_paragraph__9WAFK\">V noci na 13. \u010dervna zah\u00e1jil Izrael operaci Rebel Lion proti \u00edr\u00e1nsk\u00e9mu jadern\u00e9mu programu. (<em>P\u0159itom Izrael utajen\u011b jadern\u00e9 zbran\u011b m\u00e1, pouze se st\u00e1le ofici\u00e1ln\u011b nep\u0159izn\u00e1v\u00e1<\/em>) V reakci na to nazbrojen\u00ed 13. \u010dervna ve\u010der a v noci 14. \u010dervna za\u00fato\u010dila na des\u00edtky c\u00edl\u016f v Izraeli, v\u010detn\u011b vojensk\u00fdch za\u0159\u00edzen\u00ed a leteck\u00fdch z\u00e1kladen raketami. \u00da\u0159ady \u017eidovsk\u00e9ho st\u00e1tu p\u0159iznaly por\u00e1\u017eku n\u011bkter\u00fdch objekt\u016f, ale ujistily, \u017ee v\u011bt\u0161ina raket byla zachycena. 14. \u010dervna a v noci 15. \u010dervna si Izrael a \u00cdr\u00e1n op\u011bt vym\u011bnily \u00fadery.<\/p>\n<p>Pov\u00fd\u0161en\u00e9 sebev\u011bdom\u00ed \u017eidovsk\u00e9ho st\u00e1tu dostalo tvrdou r\u00e1nu, proto\u017ee bylo slibov\u00e1no, \u017ee izraelsk\u00e9 ob\u010dany a budovy chr\u00e1n\u00ed d\u016fmysln\u00e9 syst\u00e9my protivzdu\u0161n\u00e9 obrany \u017delezn\u00e1 kopule a David\u016fv prak (anglicky Iron Dome a David&#8217;s Sling) spojen\u00e9 s propracovanou strategi\u00ed varov\u00e1n\u00ed obyvatelstva. Naposledy tato kombinace ochr\u00e1nila Izraelce p\u0159ed posledn\u00edm \u00fatokem \u00edr\u00e1nsk\u00fdch balistick\u00fdch raket. Je rok 2025 a Izrael se ot\u0159\u00e1s\u00e1 v z\u00e1kladech p\u0159es velkou pomoc USA.<\/p>\n<p><img decoding=\"async\" loading=\"lazy\" class=\"aligncenter\" src=\"https:\/\/www.skrytapravda.cz\/images\/blogy\/2951\/2025\/6%C4%8Derven\/Sn%C3%ADmek_obrazovky_3417_0e5ff.webp\" alt=\"Sn\u00edmek obrazovky 3417 0e5ff\" width=\"833\" height=\"421\" \/><\/p>\n<p>Najednou se nov\u00e9 raketov\u00e9 syst\u00e9my Ir\u00e1nu\u00a0 dostaly a\u017e na nejv\u00edce \u00fadajn\u011b chr\u00e1n\u011bn\u00e1 m\u00edsta a neb\u00fdt pomoci USA, mnoh\u00e1 m\u011bsta v Izraeli by u\u017e nefungovala. P\u0159esto je stra\u0161n\u00fd pohled pro d\u0159\u00edve neochv\u011bjn\u011b v\u011b\u0159\u00edc\u00ed \u017eidovsk\u00e9 obyvatele, \u017ee jsou nepotrestateln\u00ed vl\u00e1dci cel\u00e9ho sv\u011bta. A radost arabsk\u00e9ho sv\u011bta na cel\u00e9 planet\u011b je nel\u00ed\u010den\u00e1.<\/p>\n<p><img decoding=\"async\" class=\"aligncenter\" src=\"https:\/\/www.skrytapravda.cz\/images\/blogy\/2951\/2025\/6%C4%8Derven\/Sn%C3%ADmek_obrazovky_3418_f1426.webp\" alt=\"Sn\u00edmek obrazovky 3418 f1426\" \/><\/p>\n<h2>Kdo s \u010d\u00edm zach\u00e1z\u00ed, t\u00edm tak\u00e9 sch\u00e1z\u00ed!<\/h2>\n<p><img decoding=\"async\" loading=\"lazy\" class=\"aligncenter\" src=\"https:\/\/www.skrytapravda.cz\/images\/blogy\/2951\/2025\/6%C4%8Derven\/Sn%C3%ADmek_obrazovky_3416_c8707.webp\" alt=\"Sn\u00edmek obrazovky 3416 c8707\" width=\"711\" height=\"418\" \/><\/p>\n<p>\u00cdr\u00e1nsk\u00e1 arm\u00e1da podle \u0442\u00edr\u00e1nsk\u00e9 tiskov\u00e9 agentury Nour News\u00a0zajala izraelsk\u00e9ho pilota. \u201ePiloti izraelsk\u00e9ho st\u00edha\u010de zajali p\u0159ed n\u011bkolika minutami arm\u00e1da pozemn\u00edch sil \u00cdr\u00e1nu,\u201c uv\u00e1d\u00ed se ve zpr\u00e1v\u011b. D\u0159\u00edve \u010dlen komise pro n\u00e1rodn\u00ed bezpe\u010dnost a zahrani\u010dn\u00ed politiku \u00edr\u00e1nsk\u00e9ho parlamentu Ismail Kousari \u0159ekl, \u017ee na pozad\u00ed izraelsk\u00fdch \u00fatok\u016f na \u00cdr\u00e1n se zva\u017euje ot\u00e1zka uzav\u0159en\u00ed Hormuzsk\u00e9ho pr\u016flivu, podle kter\u00e9 lod\u011b dod\u00e1vaj\u00ed ropu na sv\u011btov\u00e9 trhy.<\/p>\n<p>Rusko je najednou vyv\u00e1zan\u00e9 z cen ropy, kter\u00e1 m\u016f\u017ee\u00a0ze 60 dolar\u016f za barel vysko\u010dit a\u017e k 140 &#8211; 300 dolar\u016f\u00a0za barel a Evropa sk\u0159\u00edpe zubama. Nen\u00ed elekt\u0159ina, nen\u00ed plyn a mo\u017en\u00e1 ani ropa.<\/p>\n<p><strong>A p\u0159\u00edslov\u00ed, \u017ee tak dlouho se chod\u00ed se d\u017eb\u00e1nem pro vodu, a\u017e se ucho utrhne, jakoby zde op\u011bt uk\u00e1zalo sv\u00e1 opodstatn\u011bn\u00ed!<\/strong><\/p>\n<p><a href=\"https:\/\/www.skrytapravda.cz\/ze-zahranici\/2623-izrael-v-soku-arabove-jasaji-ze-dostava-pres-rypak-po-masakrech-v-palestine\">Petr Pokorn\u00fd<\/a><\/p>\n<p>&nbsp;<\/p>\n<p><img decoding=\"async\" loading=\"lazy\" class=\"wp-image-80899 aligncenter\" src=\"http:\/\/www.infokuryr.cz\/n\/wp-content\/uploads\/2025\/06\/Vrabel-283x300.jpg\" alt=\"\" width=\"762\" height=\"808\" srcset=\"https:\/\/www.infokuryr.cz\/n\/wp-content\/uploads\/2025\/06\/Vrabel-283x300.jpg 283w, https:\/\/www.infokuryr.cz\/n\/wp-content\/uploads\/2025\/06\/Vrabel-966x1024.jpg 966w, https:\/\/www.infokuryr.cz\/n\/wp-content\/uploads\/2025\/06\/Vrabel-768x814.jpg 768w, https:\/\/www.infokuryr.cz\/n\/wp-content\/uploads\/2025\/06\/Vrabel-1024x1086.jpg 1024w, https:\/\/www.infokuryr.cz\/n\/wp-content\/uploads\/2025\/06\/Vrabel.jpg 1080w\" sizes=\"(max-width: 762px) 100vw, 762px\" \/><\/p>\n<p>&nbsp;<\/p>\n<\/div>\n","protected":false},"excerpt":{"rendered":"<p>Netanjahu si myslel, \u017ee bude vra\u017edit beztrestn\u011b po cel\u00e9m okol\u00ed: od Palestiny, p\u0159es S\u00fdrii a\u017e&#8230;<\/p>\n","protected":false},"author":2,"featured_media":81337,"comment_status":"closed","ping_status":"closed","sticky":false,"template":"","format":"standard","meta":[],"categories":[6],"tags":[38,107,1503,40],"_links":{"self":[{"href":"https:\/\/www.infokuryr.cz\/n\/wp-json\/wp\/v2\/posts\/81336"}],"collection":[{"href":"https:\/\/www.infokuryr.cz\/n\/wp-json\/wp\/v2\/posts"}],"about":[{"href":"https:\/\/www.infokuryr.cz\/n\/wp-json\/wp\/v2\/types\/post"}],"author":[{"embeddable":true,"href":"https:\/\/www.infokuryr.cz\/n\/wp-json\/wp\/v2\/users\/2"}],"replies":[{"embeddable":true,"href":"https:\/\/www.infokuryr.cz\/n\/wp-json\/wp\/v2\/comments?post=81336"}],"version-history":[{"count":1,"href":"https:\/\/www.infokuryr.cz\/n\/wp-json\/wp\/v2\/posts\/81336\/revisions"}],"predecessor-version":[{"id":81338,"href":"https:\/\/www.infokuryr.cz\/n\/wp-json\/wp\/v2\/posts\/81336\/revisions\/81338"}],"wp:featuredmedia":[{"embeddable":true,"href":"https:\/\/www.infokuryr.cz\/n\/wp-json\/wp\/v2\/media\/81337"}],"wp:attachment":[{"href":"https:\/\/www.infokuryr.cz\/n\/wp-json\/wp\/v2\/media?parent=81336"}],"wp:term":[{"taxonomy":"category","embeddable":true,"href":"https:\/\/www.infokuryr.cz\/n\/wp-json\/wp\/v2\/categories?post=81336"},{"taxonomy":"post_tag","embeddable":true,"href":"https:\/\/www.infokuryr.cz\/n\/wp-json\/wp\/v2\/tags?post=81336"}],"curies":[{"name":"wp","href":"https:\/\/api.w.org\/{rel}","templated":true}]}}