{"id":81325,"date":"2025-06-16T00:18:35","date_gmt":"2025-06-15T22:18:35","guid":{"rendered":"https:\/\/www.infokuryr.cz\/n\/?p=81325"},"modified":"2025-06-15T14:41:49","modified_gmt":"2025-06-15T12:41:49","slug":"desitky-iranskych-raket-dopadly-na-sever-izraele-a-zpusobily-si-obeti","status":"publish","type":"post","link":"https:\/\/www.infokuryr.cz\/n\/2025\/06\/16\/desitky-iranskych-raket-dopadly-na-sever-izraele-a-zpusobily-si-obeti\/","title":{"rendered":"Des\u00edtky \u00edr\u00e1nsk\u00fdch raket dopadly na sever Izraele a zp\u016fsobily si ob\u011bti"},"content":{"rendered":"<div id=\"fb-root\"><\/div>\n<p><strong>Pozd\u011b v noci 14. \u010dervna zah\u00e1jil \u00cdr\u00e1n dal\u0161\u00ed odvetn\u00fd \u00fader proti Izraeli, tentokr\u00e1t zam\u011b\u0159en\u00fd na severn\u00ed oblast zem\u011b.<\/strong><\/p>\n<p>Isl\u00e1msk\u00e9 revolu\u010dn\u00ed gardy (IRGC) ve stru\u010dn\u00e9m prohl\u00e1\u0161en\u00ed uvedly, \u017ee jejich leteck\u00e9 s\u00edly odp\u00e1lily na Izrael velkou salvu balistick\u00fdch raket a sebevra\u017eedn\u00fdch dron\u016f v r\u00e1mci operace True Promise 3, jako odvetu za izraelsk\u00e9 \u00fatoky na Isl\u00e1mskou republiku, kter\u00e9 za\u010daly o den d\u0159\u00edve.<\/p>\n<p>Hebrejsk\u00e1 m\u00e9dia informovala, \u017ee z \u00cdr\u00e1nu bylo odp\u00e1leno a\u017e 40 raket, p\u0159i\u010dem\u017e izraelsk\u00e9 letectvo (IAF) ozn\u00e1milo, \u017ee jeho protivzdu\u0161n\u00e1 obrana pracuje na jejich zachycen\u00ed.<\/p>\n<p>Videa zve\u0159ejn\u011bn\u00e1 na soci\u00e1ln\u00edch s\u00edt\u00edch v\u0161ak ukazovala n\u011bkolik z\u00e1sah\u016f v p\u0159\u00edstavn\u00edm m\u011bst\u011b Haifa a jeho okol\u00ed v severn\u00edm Izraeli.<\/p>\n<p>Neov\u011b\u0159en\u00e9 zpr\u00e1vy arabsk\u00fdch m\u00e9di\u00ed uv\u00e1d\u011bj\u00ed, \u017ee byla zasa\u017eena haifsk\u00e1 rafinerie a dal\u0161\u00ed civiln\u00ed energetick\u00e1 infrastruktura. Izraelsk\u00e1 z\u00e1chrann\u00e1 slu\u017eba Magen David Adom mezit\u00edm uvedla, \u017ee raketa zas\u00e1hla dvoupatrov\u00fd d\u016fm ve m\u011bst\u011b Tamra v\u00fdchodn\u011b od Haify, p\u0159i\u010dem\u017e zabila t\u0159i lidi a nejm\u00e9n\u011b sedm dal\u0161\u00edch zranila.<\/p>\n<p>Podle \u00edr\u00e1nsk\u00fdch m\u00e9di\u00ed byly p\u0159i \u00fatoku pou\u017eity balistick\u00e9 rakety st\u0159edn\u00edho doletu Emad, Qader a Khaybar Shekan, krom\u011b neidentifikovan\u00e9 \u201ehypersonick\u00e9\u201c balistick\u00e9 st\u0159ely.<\/p>\n<p>Zat\u00edm nen\u00ed jasn\u00e9, zda se n\u011bkter\u00fdm z dron\u016f vypu\u0161t\u011bn\u00fdch IRGC poda\u0159ilo dos\u00e1hnout Izraele. Izraelsk\u00e9 obrann\u00e9 s\u00edly (IDF) dosud \u017e\u00e1dn\u00e9 zachycen\u00ed neozn\u00e1mily.<\/p>\n<p><iframe loading=\"lazy\" src=\"https:\/\/s5.cdnstatic.space\/wp-content\/uploads\/2025\/06\/IMG_1818.mp4\" width=\"600\" height=\"338\" data-mce-fragment=\"1\"><\/iframe><\/p>\n<p><iframe loading=\"lazy\" src=\"https:\/\/s5.cdnstatic.space\/wp-content\/uploads\/2025\/06\/IMG_5065.mp4\" width=\"600\" height=\"338\" data-mce-fragment=\"1\"><\/iframe><\/p>\n<p><iframe loading=\"lazy\" src=\"https:\/\/s5.cdnstatic.space\/wp-content\/uploads\/2025\/06\/IMG_5072.mp4\" width=\"600\" height=\"338\" data-mce-fragment=\"1\"><\/iframe><\/p>\n<p><iframe loading=\"lazy\" src=\"https:\/\/s5.cdnstatic.space\/wp-content\/uploads\/2025\/06\/IMG_3837.mp4\" width=\"600\" height=\"338\" data-mce-fragment=\"1\"><\/iframe><\/p>\n<p><iframe loading=\"lazy\" src=\"https:\/\/s5.cdnstatic.space\/wp-content\/uploads\/2025\/06\/video_2025-06-15_01-00-44.mp4\" width=\"600\" height=\"338\" data-mce-fragment=\"1\"><\/iframe><\/p>\n<p><iframe loading=\"lazy\" src=\"https:\/\/s5.cdnstatic.space\/wp-content\/uploads\/2025\/06\/IMG_5069.mp4\" width=\"600\" height=\"338\" data-mce-fragment=\"1\"><\/iframe><\/p>\n<p><iframe loading=\"lazy\" src=\"https:\/\/s5.cdnstatic.space\/wp-content\/uploads\/2025\/06\/video5940249046668024825_output.mp4\" width=\"600\" height=\"338\" data-mce-fragment=\"1\"><\/iframe><\/p>\n<p>B\u011bhem \u00edr\u00e1nsk\u00e9ho \u00fatoku za\u00fato\u010dily \u00edr\u00e1nsk\u00e9 ozbrojen\u00e9 s\u00edly (IAF) na c\u00edle pobl\u00ed\u017e \u00edr\u00e1nsk\u00e9ho hlavn\u00edho m\u011bsta Teher\u00e1nu. \u00cdr\u00e1nsk\u00e9 ministerstvo ropn\u00e9ho pr\u016fmyslu uvedlo, \u017ee byly zasa\u017eeny dva ropn\u00e9 sklady v \u0160ahranu severoz\u00e1padn\u011b od hlavn\u00edho m\u011bsta a dal\u0161\u00ed n\u00e1dr\u017e ji\u017en\u011b od m\u011bsta. Videa, kter\u00e1 se objevila na internetu, ukazuj\u00ed rozs\u00e1hl\u00e9 po\u017e\u00e1ry. St\u00e1le nen\u00ed jasn\u00e9, zda do\u0161lo k n\u011bjak\u00fdm ob\u011btem.<\/p>\n<p>Hebrejsk\u00e1 m\u00e9dia d\u00e1le informovala, \u017ee \u00edr\u00e1nsk\u00e9 letectvo za\u00fato\u010dilo na \u00edr\u00e1nsk\u00e9 ministerstvo obrany, takzvan\u00e9 jadern\u00e9 velitelstv\u00ed a jadern\u00e9 laborato\u0159e.<\/p>\n<p>Ministr obrany Israel Katz v koment\u00e1\u0159i k \u00fader\u016fm zam\u011b\u0159en\u00fdm na \u00edr\u00e1nsk\u00e9 hlavn\u00ed m\u011bsto napsal na soci\u00e1ln\u00ed s\u00edti X: \u201eTeher\u00e1n ho\u0159\u00ed.\u201c<\/p>\n<p><iframe loading=\"lazy\" src=\"https:\/\/s5.cdnstatic.space\/wp-content\/uploads\/2025\/06\/ira2.mp4\" width=\"600\" height=\"338\" data-mce-fragment=\"1\"><\/iframe><\/p>\n<p><iframe loading=\"lazy\" src=\"https:\/\/s5.cdnstatic.space\/wp-content\/uploads\/2025\/06\/ira1.mp4\" width=\"600\" height=\"338\" data-mce-fragment=\"1\"><\/iframe><\/p>\n<p><iframe loading=\"lazy\" src=\"https:\/\/s5.cdnstatic.space\/wp-content\/uploads\/2025\/06\/ira.mp4\" width=\"600\" height=\"338\" data-mce-fragment=\"1\"><\/iframe><\/p>\n<p>Jednalo se o p\u00e1t\u00fd \u00fatok \u00cdr\u00e1nu na Izrael od doby, kdy Izrael spustil operaci Vzestupuj\u00edc\u00ed lev ve snaze ochromit jeho jadern\u00fd program.<\/p>\n<p>Izraelsk\u00e1 v\u00edcevrstv\u00e1 s\u00ed\u0165 protivzdu\u0161n\u00e9 obrany se dosud uk\u00e1zala jako z velk\u00e9 \u010d\u00e1sti \u00fa\u010dinn\u00e1. Pokusy IDF o oslaben\u00ed \u00fato\u010dn\u00fdch schopnost\u00ed \u00cdr\u00e1nu, zejm\u00e9na rozs\u00e1hl\u00e9ho raketov\u00e9ho arzen\u00e1lu zem\u011b, v\u0161ak dosud selhaly.<\/p>\n<p>I kdy\u017e ne v\u0161echny \u00edr\u00e1nsk\u00e9 rakety projdou izraelskou protivzdu\u0161nou obranou, ty, kter\u00e9 dos\u00e1hnou sv\u00fdch c\u00edl\u016f, zp\u016fsobuj\u00ed v\u00e1\u017en\u00e9 ztr\u00e1ty, zejm\u00e9na pro malou zemi, jako je Izrael. \u00da\u010dinnost t\u011bchto \u00fader\u016f se pravd\u011bpodobn\u011b zv\u00fd\u0161\u00ed, jeliko\u017e \u00cdr\u00e1nci p\u0159ech\u00e1zej\u00ed od pou\u017e\u00edv\u00e1n\u00ed star\u0161\u00edch typ\u016f k vy\u010derp\u00e1n\u00ed Izraele k modern\u011bj\u0161\u00edm typ\u016fm.<\/p>\n<p>Nen\u00ed jasn\u00e9, jak dlouho bude Izrael schopen t\u011bmto \u00fader\u016fm \u010delit a kolik ztr\u00e1t je ochoten tolerovat. Dal\u0161\u00ed eskalace je v\u0161ak zaru\u010dena.<\/p>\n<p><img decoding=\"async\" loading=\"lazy\" class=\"alignnone size-full wp-image-1185\" src=\"http:\/\/www.infokuryr.cz\/n\/wp-content\/uploads\/2021\/04\/kuryr-podpis.png\" alt=\"\" width=\"84\" height=\"24\" \/><\/p>\n<p>&nbsp;<\/p>\n","protected":false},"excerpt":{"rendered":"<p>Pozd\u011b v noci 14. \u010dervna zah\u00e1jil \u00cdr\u00e1n dal\u0161\u00ed odvetn\u00fd \u00fader proti Izraeli, tentokr\u00e1t zam\u011b\u0159en\u00fd na&#8230;<\/p>\n","protected":false},"author":2,"featured_media":81326,"comment_status":"closed","ping_status":"closed","sticky":false,"template":"","format":"standard","meta":[],"categories":[7],"tags":[38,107,2674,5135],"_links":{"self":[{"href":"https:\/\/www.infokuryr.cz\/n\/wp-json\/wp\/v2\/posts\/81325"}],"collection":[{"href":"https:\/\/www.infokuryr.cz\/n\/wp-json\/wp\/v2\/posts"}],"about":[{"href":"https:\/\/www.infokuryr.cz\/n\/wp-json\/wp\/v2\/types\/post"}],"author":[{"embeddable":true,"href":"https:\/\/www.infokuryr.cz\/n\/wp-json\/wp\/v2\/users\/2"}],"replies":[{"embeddable":true,"href":"https:\/\/www.infokuryr.cz\/n\/wp-json\/wp\/v2\/comments?post=81325"}],"version-history":[{"count":0,"href":"https:\/\/www.infokuryr.cz\/n\/wp-json\/wp\/v2\/posts\/81325\/revisions"}],"wp:featuredmedia":[{"embeddable":true,"href":"https:\/\/www.infokuryr.cz\/n\/wp-json\/wp\/v2\/media\/81326"}],"wp:attachment":[{"href":"https:\/\/www.infokuryr.cz\/n\/wp-json\/wp\/v2\/media?parent=81325"}],"wp:term":[{"taxonomy":"category","embeddable":true,"href":"https:\/\/www.infokuryr.cz\/n\/wp-json\/wp\/v2\/categories?post=81325"},{"taxonomy":"post_tag","embeddable":true,"href":"https:\/\/www.infokuryr.cz\/n\/wp-json\/wp\/v2\/tags?post=81325"}],"curies":[{"name":"wp","href":"https:\/\/api.w.org\/{rel}","templated":true}]}}