{"id":81321,"date":"2025-06-16T00:18:04","date_gmt":"2025-06-15T22:18:04","guid":{"rendered":"https:\/\/www.infokuryr.cz\/n\/?p=81321"},"modified":"2025-06-15T13:57:27","modified_gmt":"2025-06-15T11:57:27","slug":"zde-jsou-zbrane-ktere-mossad-pravdepodobne-pouziva-k-niceni-iranskych-raket","status":"publish","type":"post","link":"https:\/\/www.infokuryr.cz\/n\/2025\/06\/16\/zde-jsou-zbrane-ktere-mossad-pravdepodobne-pouziva-k-niceni-iranskych-raket\/","title":{"rendered":"Zde jsou zbran\u011b, kter\u00e9 Mossad pravd\u011bpodobn\u011b pou\u017e\u00edv\u00e1 k ni\u010den\u00ed \u00edr\u00e1nsk\u00fdch raket"},"content":{"rendered":"<div id=\"fb-root\"><\/div>\n<p><strong><span>Videoz\u00e1znam zve\u0159ejn\u011bn\u00fd na soci\u00e1ln\u00edch s\u00edt\u00edch 14. \u010dervna ukazuje jeden ze skryt\u00fdch odpalovac\u00edch za\u0159\u00edzen\u00ed dron\u016f, kter\u00e9 o den d\u0159\u00edve pou\u017eila tajn\u00e1 slu\u017eba Mossad p\u0159i \u00favodn\u00edch \u00faderech operace Vzestupuj\u00edc\u00ed lev, jej\u00edm\u017e c\u00edlem je ochromit \u00edr\u00e1nsk\u00fd jadern\u00fd program.<\/span><\/strong><\/p>\n<p><span>Mosad sehr\u00e1l kl\u00ed\u010dovou roli v \u00favodn\u00edch \u00faderech. Podle den\u00edku The Times of Israel z\u0159\u00eddila tato \u0161pion\u00e1\u017en\u00ed agentura tajnou z\u00e1kladnu dron\u016f pobl\u00ed\u017e \u00edr\u00e1nsk\u00e9ho hlavn\u00edho m\u011bsta Teher\u00e1nu a v r\u00e1mci p\u0159\u00edprav na rozs\u00e1hlou operaci pa\u0161ovala do Isl\u00e1msk\u00e9 republiky syst\u00e9my p\u0159esn\u00fdch zbran\u00ed.<\/span><\/p>\n<p><span>V prvn\u00edch hodin\u00e1ch \u00fatoku nasadila komanda Mossadu drony k ni\u010den\u00ed odpalovac\u00edch za\u0159\u00edzen\u00ed balistick\u00fdch raket a \u0159\u00edzen\u00fdmi st\u0159elami zas\u00e1hla protivzdu\u0161nou obranu ve st\u0159edn\u00edm \u00cdr\u00e1nu, \u010d\u00edm\u017e sn\u00ed\u017eila \u00fato\u010dn\u00e9 schopnosti zem\u011b a omezila izraelskou vzdu\u0161nou nadvl\u00e1du nad regionem.<\/span><\/p>\n<p><span>Odpalovac\u00ed za\u0159\u00edzen\u00ed dron\u016f nalezen\u00e9 n\u011bkde v \u00cdr\u00e1nu po \u00fatoku bylo ukryto v korb\u011b mal\u00e9ho n\u00e1kladn\u00edho vozu. Obsahovalo 20 \u010dl\u00e1nk\u016f bez speci\u00e1ln\u00edho zapojen\u00ed nebo odpalovac\u00edch mechanism\u016f.<\/span><\/p>\n<p><span>Typ dron\u016f pou\u017eit\u00fdch p\u0159i \u00fatoku z\u016fst\u00e1v\u00e1 nezn\u00e1m\u00fd, ale tvar odpalovac\u00edch bun\u011bk nazna\u010duje, \u017ee pou\u017eit\u00fd dron m\u011bl v\u00e1lcovit\u00fd r\u00e1m.<\/span><\/p>\n<p><span>Je velmi pravd\u011bpodobn\u00e9, \u017ee byla pou\u017eita hl\u00eddkov\u00e1 munice Spike Firefly, proto\u017ee se do takov\u00fdch bun\u011bk perfektn\u011b ve\u0161la a p\u0159i vzletu nevy\u017eadovala \u017e\u00e1dnou asistenci. Munice, vyvinut\u00e1 spole\u010dnost\u00ed Rafael, m\u00e1 dolet a\u017e p\u011bt kilometr\u016f s optick\u00fdm nav\u00e1d\u011bc\u00edm syst\u00e9mem a obousm\u011brn\u00fdm datov\u00fdm spojen\u00edm.<\/span><\/p>\n<p><iframe loading=\"lazy\" src=\"https:\/\/s5.cdnstatic.space\/wp-content\/uploads\/2025\/06\/s3LCXlUw5_Ec3shP.mp4\" width=\"600\" height=\"338\" data-mce-fragment=\"1\"><\/iframe><\/p>\n<p><span>Firefly nese v\u0161esm\u011brovou fragmenta\u010dn\u00ed hlavici o hmotnosti 350 g. I kdy\u017e se hlavice m\u016f\u017ee zd\u00e1t lehk\u00e1, je st\u00e1le velmi smrt\u00edc\u00ed proti c\u00edl\u016fm, jako jsou odpalovac\u00ed za\u0159\u00edzen\u00ed balistick\u00fdch raket, proto\u017ee jedin\u00fd v\u00fdst\u0159el z broku by ji mohl vyhodit do pov\u011bt\u0159\u00ed. Je tak\u00e9 mo\u017en\u00e9, \u017ee Izrael pou\u017eil upravenou verzi munice s t\u011b\u017e\u0161\u00ed hlavic\u00ed.<\/span><\/p>\n<div id=\"attachment_223517\" class=\"wp-caption aligncenter\"><a href=\"https:\/\/s5.cdnstatic.space\/wp-content\/uploads\/2025\/06\/IMG_0736s-1024x683-1.jpg\" target=\"_blank\" rel=\"noopener\"><img decoding=\"async\" loading=\"lazy\" class=\"wp-image-223517\" title=\"Zde jsou zbran\u011b, kter\u00e9 Mossad pravd\u011bpodobn\u011b pou\u017e\u00edv\u00e1 k ni\u010den\u00ed \u00edr\u00e1nsk\u00fdch raket (videa, fotografie)\" src=\"https:\/\/s5.cdnstatic.space\/wp-content\/uploads\/2025\/06\/IMG_0736s-1024x683-1-490x276.jpg\" sizes=\"(max-width: 600px) 100vw, 600px\" srcset=\"https:\/\/s5.cdnstatic.space\/wp-content\/uploads\/2025\/06\/IMG_0736s-1024x683-1-490x276.jpg 490w, https:\/\/s5.cdnstatic.space\/wp-content\/uploads\/2025\/06\/IMG_0736s-1024x683-1-768x432.jpg 768w, https:\/\/s5.cdnstatic.space\/wp-content\/uploads\/2025\/06\/IMG_0736s-1024x683-1.jpg 1024w\" alt=\"Zde jsou zbran\u011b, kter\u00e9 Mossad pravd\u011bpodobn\u011b pou\u017e\u00edv\u00e1 k ni\u010den\u00ed \u00edr\u00e1nsk\u00fdch raket (videa, fotografie)\" width=\"600\" height=\"338\" aria-describedby=\"caption-attachment-223517\" \/><\/a><\/p>\n<p id=\"caption-attachment-223517\" class=\"wp-caption-text\"><span>Kliknut\u00edm zobraz\u00edte obr\u00e1zek v pln\u00e9 velikosti. (Rafael)<\/span><\/p>\n<\/div>\n<p><span>Jedno z vide\u00ed zve\u0159ejn\u011bn\u00fdch Mossadem ukazuje \u00fatok s pou\u017eit\u00edm zd\u00e1nliv\u011b plav\u00edc\u00ed se munice na odpalovac\u00edm za\u0159\u00edzen\u00ed balistick\u00fdch raket. Zam\u011b\u0159ovac\u00ed zna\u010dky se v\u0161ak nepodobaj\u00ed syst\u00e9mu pou\u017eit\u00e9mu ve Firefly, tak\u017ee pou\u017eit\u00ed t\u00e9to zbran\u011b je prozat\u00edm st\u00e1le p\u0159edm\u011btem spekulac\u00ed.<\/span><\/p>\n<p><iframe loading=\"lazy\" src=\"https:\/\/s5.cdnstatic.space\/wp-content\/uploads\/2025\/06\/mos3.mp4\" width=\"600\" height=\"338\" data-mce-fragment=\"1\"><\/iframe><\/p>\n<p><span>Dal\u0161\u00ed videa ukazovala \u00fatoky na syst\u00e9my protivzdu\u0161n\u00e9 obrany pomoc\u00ed syst\u00e9m\u016f Spike NLOS a z\u0159ejm\u011b protitankov\u00fdch \u0159\u00edzen\u00fdch st\u0159el Spike LR2. Ob\u011b st\u0159ely poch\u00e1zej\u00ed ze stejn\u00e9 rodiny p\u0159esn\u00fdch zbran\u00ed jako Firefly.<\/span><\/p>\n<p><span>Opticky nav\u00e1d\u011bn\u00e1 raketa Spike NLOS dok\u00e1\u017ee zas\u00e1hnout c\u00edle a\u017e do vzd\u00e1lenosti 32 kilometr\u016f, co\u017e z n\u00ed \u010din\u00ed velmi vhodnou zbra\u0148 pro potla\u010den\u00ed nep\u0159\u00e1telsk\u00e9 protivzdu\u0161n\u00e9 obrany (SEAD). St\u0159ela m\u016f\u017ee b\u00fdt vyzbrojena fragmenta\u010dn\u00ed, vysoce explozivn\u00ed protitankovou nebo pronikavou t\u0159\u00ed\u0161tivou hlavic\u00ed.<\/span><\/p>\n<p><span>Raketa v\u00e1\u017e\u00ed n\u011bco m\u00e1lo p\u0159es 70 kg a k ovl\u00e1d\u00e1n\u00ed vy\u017eaduje je\u0161t\u011b t\u011b\u017e\u0161\u00ed nav\u00e1d\u011bc\u00ed za\u0159\u00edzen\u00ed. Rafael v\u0161ak v minulosti p\u0159edv\u00e1d\u011bl odpalovac\u00ed za\u0159\u00edzen\u00ed Spike NLOS instalovan\u00e1 v korb\u011b pick-upu, lehk\u00e9 buginy nebo dokonce na ta\u017een\u00e9m p\u0159\u00edv\u011bsu.<\/span><\/p>\n<div id=\"attachment_223519\" class=\"wp-caption aligncenter\" style=\"width: 604px;\"><a href=\"https:\/\/s5.cdnstatic.space\/wp-content\/uploads\/2025\/06\/Rafael-Spike-Light-Launcher_03.jpg\" target=\"_blank\" rel=\"noopener\"><img decoding=\"async\" loading=\"lazy\" class=\"wp-image-223519\" title=\"Zde jsou zbran\u011b, kter\u00e9 Mossad pravd\u011bpodobn\u011b pou\u017e\u00edv\u00e1 k ni\u010den\u00ed \u00edr\u00e1nsk\u00fdch raket (videa, fotografie)\" src=\"https:\/\/s5.cdnstatic.space\/wp-content\/uploads\/2025\/06\/Rafael-Spike-Light-Launcher_03-490x276.jpg\" sizes=\"(max-width: 600px) 100vw, 600px\" srcset=\"https:\/\/s5.cdnstatic.space\/wp-content\/uploads\/2025\/06\/Rafael-Spike-Light-Launcher_03-490x276.jpg 490w, https:\/\/s5.cdnstatic.space\/wp-content\/uploads\/2025\/06\/Rafael-Spike-Light-Launcher_03-768x432.jpg 768w, https:\/\/s5.cdnstatic.space\/wp-content\/uploads\/2025\/06\/Rafael-Spike-Light-Launcher_03.jpg 1024w\" alt=\"Zde jsou zbran\u011b, kter\u00e9 Mossad pravd\u011bpodobn\u011b pou\u017e\u00edv\u00e1 k ni\u010den\u00ed \u00edr\u00e1nsk\u00fdch raket (videa, fotografie)\" width=\"604\" height=\"340\" aria-describedby=\"caption-attachment-223519\" \/><\/a><\/p>\n<p id=\"caption-attachment-223519\" class=\"wp-caption-text\"><span>Kliknut\u00edm zobraz\u00edte obr\u00e1zek v pln\u00e9 velikosti. (Rafael)<\/span><\/p>\n<\/div>\n<p><span>St\u00e1le nen\u00ed jasn\u00e9, jak byly tyto odpalovac\u00ed za\u0159\u00edzen\u00ed pa\u0161ov\u00e1ny do \u00cdr\u00e1nu, a\u010dkoli je mo\u017en\u00e9, \u017ee byly p\u0159epraveny vrtuln\u00edky. V prvn\u00edch hodin\u00e1ch \u00fatoku byly spat\u0159eny dva izraelsk\u00e9 transportn\u00ed a tankovac\u00ed letouny KC-130H, kter\u00e9 se obvykle pou\u017e\u00edvaj\u00ed k dopl\u0148ov\u00e1n\u00ed paliva do t\u011b\u017ek\u00fdch transportn\u00edch vrtuln\u00edk\u016f S-65C-3, let\u00edc\u00ed ve velmi n\u00edzk\u00e9 v\u00fd\u0161ce nad S\u00fdri\u00ed.<\/span><\/p>\n<p><span>Izrael m\u00e1 samoz\u0159ejm\u011b s takov\u00fdmi slo\u017eit\u00fdmi operacemi historii. V roce 1992 pl\u00e1novaly izraelsk\u00e9 obrann\u00e9 s\u00edly pou\u017e\u00edt vrtuln\u00edky k leteck\u00e9 p\u0159eprav\u011b odpalovac\u00edch za\u0159\u00edzen\u00ed Spike NLOS ukryt\u00fdch v d\u017e\u00edpech podobn\u00fdch t\u011bm, kter\u00e9 ir\u00e1ck\u00e1 arm\u00e1da pou\u017e\u00edv\u00e1 hluboko do Ir\u00e1ku k zabit\u00ed prezidenta Sadd\u00e1ma Husajna. Pl\u00e1n atent\u00e1tu s kryc\u00edm n\u00e1zvem Operace Bramble Bush v\u0161ak byl zru\u0161en.<\/span><\/p>\n<p><iframe loading=\"lazy\" src=\"https:\/\/s5.cdnstatic.space\/wp-content\/uploads\/2025\/06\/mos4.mp4\" width=\"600\" height=\"338\" data-mce-fragment=\"1\"><\/iframe><\/p>\n<p><span>Druh\u00e1 opticky nav\u00e1d\u011bn\u00e1 st\u0159ela, kterou Mossad mohl pou\u017e\u00edt p\u0159i \u00fatoku na \u00cdr\u00e1n, Spike LR2, se sn\u00e1ze p\u0159epravuje, proto\u017ee je ur\u010dena pro pou\u017eit\u00ed p\u011bchotou.<\/span><\/p>\n<div id=\"attachment_223520\" class=\"wp-caption aligncenter\" style=\"width: 605px;\"><a href=\"https:\/\/s5.cdnstatic.space\/wp-content\/uploads\/2025\/06\/SPIKE-LR2-FOLD-2-1024x682-1.jpg\" target=\"_blank\" rel=\"noopener\"><img decoding=\"async\" loading=\"lazy\" class=\"wp-image-223520\" title=\"Zde jsou zbran\u011b, kter\u00e9 Mossad pravd\u011bpodobn\u011b pou\u017e\u00edv\u00e1 k ni\u010den\u00ed \u00edr\u00e1nsk\u00fdch raket (videa, fotografie)\" src=\"https:\/\/s5.cdnstatic.space\/wp-content\/uploads\/2025\/06\/SPIKE-LR2-FOLD-2-1024x682-1-490x276.jpg\" sizes=\"(max-width: 600px) 100vw, 600px\" srcset=\"https:\/\/s5.cdnstatic.space\/wp-content\/uploads\/2025\/06\/SPIKE-LR2-FOLD-2-1024x682-1-490x276.jpg 490w, https:\/\/s5.cdnstatic.space\/wp-content\/uploads\/2025\/06\/SPIKE-LR2-FOLD-2-1024x682-1-768x432.jpg 768w, https:\/\/s5.cdnstatic.space\/wp-content\/uploads\/2025\/06\/SPIKE-LR2-FOLD-2-1024x682-1.jpg 1024w\" alt=\"Zde jsou zbran\u011b, kter\u00e9 Mossad pravd\u011bpodobn\u011b pou\u017e\u00edv\u00e1 k ni\u010den\u00ed \u00edr\u00e1nsk\u00fdch raket (videa, fotografie)\" width=\"605\" height=\"341\" aria-describedby=\"caption-attachment-223520\" \/><\/a><\/p>\n<p id=\"caption-attachment-223520\" class=\"wp-caption-text\"><span>Kliknut\u00edm zobraz\u00edte obr\u00e1zek v pln\u00e9 velikosti. (Rafael)<\/span><\/p>\n<\/div>\n<p><span>Odpalovac\u00ed za\u0159\u00edzen\u00ed i raketa v\u00e1\u017e\u00ed pouh\u00fdch 25 kg. P\u0159esto m\u00e1 siln\u00fd \u00fader s vysoce explozivn\u00ed protitankovou hlavic\u00ed a doletem a\u017e 5,5 kilometru.<\/span><\/p>\n<p><iframe loading=\"lazy\" src=\"https:\/\/s5.cdnstatic.space\/wp-content\/uploads\/2025\/06\/mos2.mp4\" width=\"600\" height=\"338\" data-mce-fragment=\"1\"><\/iframe><\/p>\n<p><span>\u00cdr\u00e1nsk\u00e9 \u00fa\u0159ady zat\u00edm nezve\u0159ejnily \u017e\u00e1dn\u00e9 podrobnosti o \u00fatoku proveden\u00e9m komandy Mossadu. M\u00e9dia v\u0161ak uvedla, \u017ee komanda, nebo alespo\u0148 n\u011bkte\u0159\u00ed z nich, byli \u00edr\u00e1n\u0161t\u00ed ob\u010dan\u00e9 vycvi\u010den\u00ed touto tajnou slu\u017ebou ve t\u0159et\u00ed zemi.<\/span><\/p>\n<p><span>Krom\u011b skryt\u00e9ho odpalovac\u00edho za\u0159\u00edzen\u00ed pro drony byly nalezeny i dal\u0161\u00ed dva n\u00e1kladn\u00ed vozy \u00fadajn\u011b pou\u017eit\u00e9 p\u0159i \u00fatoku. Fotografie n\u00e1kladn\u00edch voz\u016f byly zve\u0159ejn\u011bny na soci\u00e1ln\u00edch s\u00edt\u00edch. Na fotografi\u00edch v\u0161ak nen\u00ed nic zvl\u00e1\u0161tn\u00edho.<\/span><\/p>\n<div id=\"attachment_223515\" class=\"wp-caption aligncenter\" style=\"width: 602px;\"><a href=\"https:\/\/s5.cdnstatic.space\/wp-content\/uploads\/2025\/06\/MixCollage-14-Jun-2025-08-13-PM-1455.jpg\" target=\"_blank\" rel=\"noopener\"><img decoding=\"async\" loading=\"lazy\" class=\"wp-image-223515\" title=\"Zde jsou zbran\u011b, kter\u00e9 Mossad pravd\u011bpodobn\u011b pou\u017e\u00edv\u00e1 k ni\u010den\u00ed \u00edr\u00e1nsk\u00fdch raket (videa, fotografie)\" src=\"https:\/\/s5.cdnstatic.space\/wp-content\/uploads\/2025\/06\/MixCollage-14-Jun-2025-08-13-PM-1455-490x276.jpg\" sizes=\"(max-width: 600px) 100vw, 600px\" srcset=\"https:\/\/s5.cdnstatic.space\/wp-content\/uploads\/2025\/06\/MixCollage-14-Jun-2025-08-13-PM-1455-490x276.jpg 490w, https:\/\/s5.cdnstatic.space\/wp-content\/uploads\/2025\/06\/MixCollage-14-Jun-2025-08-13-PM-1455-1024x577.jpg 1024w, https:\/\/s5.cdnstatic.space\/wp-content\/uploads\/2025\/06\/MixCollage-14-Jun-2025-08-13-PM-1455-768x433.jpg 768w, https:\/\/s5.cdnstatic.space\/wp-content\/uploads\/2025\/06\/MixCollage-14-Jun-2025-08-13-PM-1455.jpg 1200w\" alt=\"Zde jsou zbran\u011b, kter\u00e9 Mossad pravd\u011bpodobn\u011b pou\u017e\u00edv\u00e1 k ni\u010den\u00ed \u00edr\u00e1nsk\u00fdch raket (videa, fotografie)\" width=\"602\" height=\"339\" aria-describedby=\"caption-attachment-223515\" \/><\/a><\/p>\n<p id=\"caption-attachment-223515\" class=\"wp-caption-text\"><span>Kliknut\u00edm zobraz\u00edte obr\u00e1zek v pln\u00e9 velikosti. P\u0159es Telegram.<\/span><\/p>\n<\/div>\n<p><span>Aby \u00edr\u00e1nsk\u00e9 \u00fa\u0159ady zabr\u00e1nily Mossadu v prov\u00e1d\u011bn\u00ed dal\u0161\u00edch operac\u00ed, zak\u00e1zaly pohyb v\u0161ech typ\u016f n\u00e1kladn\u00edch vozidel bez bezpe\u010dnostn\u00edho povolen\u00ed. Tento krok p\u0159i\u0161el p\u0159\u00edli\u0161 pozd\u011b a pro boj s hrozbou, kterou p\u0159edstavuje izraelsk\u00e1 tajn\u00e1 slu\u017eba, lze ud\u011blat v\u00edce.<\/span><\/p>\n<p><span>Stoj\u00ed za zm\u00ednku, \u017ee Mossad v minulosti v \u00cdr\u00e1nu provedl podobn\u00e9 operace. \u00cdr\u00e1n v\u0161ak zjevn\u011b neud\u011blal dost pro zlep\u0161en\u00ed bezpe\u010dnosti kolem sv\u00fdch kl\u00ed\u010dov\u00fdch vojensk\u00fdch za\u0159\u00edzen\u00ed.<\/span><\/p>\n<p><img decoding=\"async\" loading=\"lazy\" class=\"alignnone size-full wp-image-1185\" src=\"http:\/\/www.infokuryr.cz\/n\/wp-content\/uploads\/2021\/04\/kuryr-podpis.png\" alt=\"\" width=\"84\" height=\"24\" \/><\/p>\n<p>&nbsp;<\/p>\n","protected":false},"excerpt":{"rendered":"<p>Videoz\u00e1znam zve\u0159ejn\u011bn\u00fd na soci\u00e1ln\u00edch s\u00edt\u00edch 14. \u010dervna ukazuje jeden ze skryt\u00fdch odpalovac\u00edch za\u0159\u00edzen\u00ed dron\u016f, kter\u00e9&#8230;<\/p>\n","protected":false},"author":2,"featured_media":81322,"comment_status":"closed","ping_status":"closed","sticky":false,"template":"","format":"standard","meta":[],"categories":[7],"tags":[9237,38,107,2065,5135],"_links":{"self":[{"href":"https:\/\/www.infokuryr.cz\/n\/wp-json\/wp\/v2\/posts\/81321"}],"collection":[{"href":"https:\/\/www.infokuryr.cz\/n\/wp-json\/wp\/v2\/posts"}],"about":[{"href":"https:\/\/www.infokuryr.cz\/n\/wp-json\/wp\/v2\/types\/post"}],"author":[{"embeddable":true,"href":"https:\/\/www.infokuryr.cz\/n\/wp-json\/wp\/v2\/users\/2"}],"replies":[{"embeddable":true,"href":"https:\/\/www.infokuryr.cz\/n\/wp-json\/wp\/v2\/comments?post=81321"}],"version-history":[{"count":0,"href":"https:\/\/www.infokuryr.cz\/n\/wp-json\/wp\/v2\/posts\/81321\/revisions"}],"wp:featuredmedia":[{"embeddable":true,"href":"https:\/\/www.infokuryr.cz\/n\/wp-json\/wp\/v2\/media\/81322"}],"wp:attachment":[{"href":"https:\/\/www.infokuryr.cz\/n\/wp-json\/wp\/v2\/media?parent=81321"}],"wp:term":[{"taxonomy":"category","embeddable":true,"href":"https:\/\/www.infokuryr.cz\/n\/wp-json\/wp\/v2\/categories?post=81321"},{"taxonomy":"post_tag","embeddable":true,"href":"https:\/\/www.infokuryr.cz\/n\/wp-json\/wp\/v2\/tags?post=81321"}],"curies":[{"name":"wp","href":"https:\/\/api.w.org\/{rel}","templated":true}]}}