{"id":8128,"date":"2022-02-08T05:43:26","date_gmt":"2022-02-08T04:43:26","guid":{"rendered":"http:\/\/www.infokuryr.cz\/n\/?p=8128"},"modified":"2022-02-08T10:21:39","modified_gmt":"2022-02-08T09:21:39","slug":"nejasnosti-kolem-oficialni-verze-anny-frank","status":"publish","type":"post","link":"https:\/\/www.infokuryr.cz\/n\/2022\/02\/08\/nejasnosti-kolem-oficialni-verze-anny-frank\/","title":{"rendered":"Nejasnosti kolem ofici\u00e1ln\u00ed verze Anny Frank"},"content":{"rendered":"<div id=\"fb-root\"><\/div>\n<h2 class=\"entry-title\"><span style=\"font-size: 14pt;\">Ikony \u017eidovsk\u00e9ho holocaustu p\u0159ib\u00fdvaj\u00ed. T\u00fdm expert\u016f obvinil z ud\u00e1n\u00ed rodiny Anne Frank \u017eidovsk\u00e9ho not\u00e1\u0159e. \u017didovsk\u00e9 kruhy jsou zd\u011b\u0161en\u00e9. Kuli\u010dkov\u00e9 pero, not\u00e1\u0159 udava\u010d\u2026.<\/span><\/h2>\n<p>Ofici\u00e1ln\u00ed p\u0159\u00edb\u011bh \u017eidovsk\u00e9 d\u00edvky Anne Frank, kter\u00e1 si psala den\u00edk b\u011bhem ukr\u00fdv\u00e1n\u00ed se p\u0159ed nacisty, je dob\u0159e zn\u00e1m. Kniha je v\u00edce m\u00e9n\u011b povinnou \u010detbou pro \u017e\u00e1ky po cel\u00e9 Evrop\u011b. D\u00edvku a jej\u00ed rodinu podle ofici\u00e1ln\u00ed verze udal nacist\u016fm pravd\u011bpodobn\u011b \u201enezn\u00e1m\u00fd \u010dlov\u011bk\u201c (podle indici\u00ed n\u011bkdo ze zam\u011bstnanc\u016f d\u00edlny), za kterou m\u011bli vybudovan\u00fd \u00fakryt.<strong> Nicm\u00e9n\u011b ofici\u00e1ln\u011b na nikoho nebylo uk\u00e1z\u00e1no prstem, ale m\u011blo se se za to, \u017ee to byl n\u011bjak\u00fd holandsk\u00fd goj.<\/strong><\/p>\n<p><strong>Jen\u017ee p\u0159ed \u010dasem se zformovala skupina historik\u016f a b\u00fdval\u00fdch vy\u0161et\u0159ovatel\u016f (jeden dokonce z FBI), kte\u0159\u00ed se pokusili udava\u010de naj\u00edt<\/strong>.\u00a0<a href=\"https:\/\/www.bbc.com\/news\/world-europe-60204868\">To v\u0161e za pou\u017eit\u00ed nejmodern\u011bj\u0161\u00edch vy\u0161et\u0159ovac\u00edch metod<\/a>. V\u00fdsledkem 6. let\u00e9 pr\u00e1ce byla kniha s n\u00e1zvem<strong>\u00a0The Betrayal of Anne Frank\u00a0(zrada Anne Frank) autorky R. Sullivan (k z<a href=\"https:\/\/www.amazon.com\/Betrayal-Anne-Frank-Cold-Investigation\/dp\/0062892355\">akoupen\u00ed t\u0159eba zde<\/a>) a jako velmi pravd\u011bpodobn\u00fd udava\u010d z v\u00fdzkumu vy\u0161el jist\u00fd \u017eidovsk\u00fd not\u00e1\u0159 Arnold van den Bergh, kter\u00fd byl \u010dlenem \u017eidovsk\u00e9 spr\u00e1vy pracuj\u00edc\u00ed pro nacisty<\/strong>. Jeho motivac\u00ed m\u011bla b\u00fdt snaha zavd\u011b\u010dit se nacist\u016fm a zachr\u00e1nit vlastn\u00ed rodinu (doty\u010dn\u00fd skute\u010dn\u011b v\u00e1lku p\u0159e\u017eil a zem\u0159el v roce 1950). Doty\u010dn\u00fd dokonce udal hned n\u011bkolik \u017eidovsk\u00fdch rodin, kter\u00e9 se ukr\u00fdvaly po r\u016fzn\u00fdch domech. \u010clenov\u00e9 historick\u00e9ho badatelsk\u00e9ho t\u00fdmu dokonce vyj\u00e1d\u0159ili hypot\u00e9zu, \u017ee o tom otec Anne Frank v\u011bd\u011bl (kdo rodinu udal) a po v\u00e1lce o tom z nezn\u00e1m\u00fdch d\u016fvod\u016f ml\u010del (pr\u00fd se snad b\u00e1l rozvoje antisemitismu).<\/p>\n<p><strong>To okam\u017eit\u011b vyvolalo povyk mezi \u017eidovsk\u00fdmi aktivisty a \u201ejejich\u201c historiky. Pr\u00fd je to pamflet a bl\u00e1bol<\/strong>. Vydavatel\u00a0<a href=\"https:\/\/lunch.publishersmarketplace.com\/2022\/01\/ambo-anthos-suspends-printing-of-the-betrayal-of-anne-frank\/\">Ambo Anthos se rad\u011bji preventivn\u011b omluvil a st\u00e1hl knihu z tisku<\/a>, jak se v t\u011bchto p\u0159\u00edpadech o\u010dek\u00e1v\u00e1.\u00a0<strong>M. Kantor, prezident evropsk\u00fdch \u017eidovsk\u00fdch organizac\u00ed, dokonce po\u017eaduje sta\u017een\u00ed knihy z prodeje<\/strong>, tedy de facto jej\u00ed z\u00e1kaz prodeje.\u00a0<strong>V\u017edy\u0165 zpochyb\u0148ovat ofici\u00e1ln\u00ed verze holocaustu a podp\u016frn\u00fdch historek se p\u0159ece nesm\u00ed.\u00a0<\/strong>\u0158ada zem\u00ed to dokonce dala do trestn\u00edho z\u00e1kona (nap\u0159\u00edklad v \u010cR to byl prvn\u00ed z\u00e1kon omezuj\u00edc\u00ed svobodu slova tehdy iniciovan\u00fd dv\u011bma politiky \u017eidovsk\u00e9ho p\u016fvodu z ODS M. Bendou (Afterduft) a J. Payne).<strong>\u00a0Pr\u00fd se jedn\u00e1 o sl\u00e1taninu atd. Probl\u00e9m je, \u017ee \u017e\u00e1dn\u00e9 proti d\u016fkazy kritici t\u00e9to hypot\u00e9zy jako obvykle nep\u0159inesli.<\/strong><\/p>\n<p>O<strong>no se toti\u017e k dojemn\u00e9 historce o utrpen\u00ed \u017eidovsk\u00e9 d\u00edvky za holocaustu n\u011bjak nehod\u00ed, \u017ee jej\u00ed rodinu udal \u017eidovsk\u00fd not\u00e1\u0159 nav\u00edc z n\u00edzk\u00fdch osobn\u00edch\u00a0 pohnutek.<\/strong><\/p>\n<p><strong>Auto\u0159i knihy jsou agresivn\u00ed kritikou\u00a0<a href=\"https:\/\/www.dutchnews.nl\/news\/2022\/02\/anne-frank-book-team-stand-by-conclusions-shocked-at-level-of-criticism\/\">ze strany \u017eidovsk\u00fdch organizac\u00ed\u00a0<\/a>p\u0159ekvapeni. \u201eV\u017edy\u0165 jde jen o snahu o pravdiv\u00e9 pops\u00e1n\u00ed minulosti, proto jsme se sna\u017eili o poctivou \u201epolicejn\u00ed\u201c pr\u00e1ci<\/strong>\u201e, div\u00ed se.<\/p>\n<p>Nen\u00ed to prvn\u00ed historick\u00e1 kontroverze\u00a0<strong>kolem den\u00edku A. Frank. Ten byl toti\u017e naps\u00e1n kuli\u010dkov\u00fdm perem, kter\u00e9 ale bylo vynalezeno a\u017e po druh\u00e9 sv\u011btov\u00e9 v\u00e1lce. Proto se \u0159ada nez\u00e1visl\u00fdch historik\u016f ptala, jak je to mo\u017en\u00e9.\u00a0<\/strong>Tehdy se cel\u00e1 z\u00e1le\u017eitost odvedla zku\u0161en\u011b do ztracena\u2026 s argumentem \u201e<strong>p\u0159ece nebudeme p\u0159i takov\u00e9 trag\u00e9dii 6. mil ob\u011bt\u00ed \u017eidovsk\u00e9ho ob\u011bt\u00ed baz\u00edrovat na takov\u00fdch detailech\u201c.<\/strong><\/p>\n<p><strong>Mnoz\u00ed tvrd\u00ed, \u017ee pr\u00e1v\u011b proto byly p\u0159ijaty ony z\u00e1kony zakazuj\u00edc\u00ed zpochyb\u0148ov\u00e1n\u00ed ofici\u00e1ln\u00ed verze holocaustu a kritiku \u017did\u016f obecn\u011b.<\/strong>\u00a0P\u0159itom, pokud jsou tyhle ud\u00e1losti p\u0159ece historicky prokazateln\u011b zdokumentov\u00e1ny, tak pro\u010d zrovna zde je svobodn\u00e1 debata zak\u00e1z\u00e1na?\u00a0<strong>Zakazuje snad n\u011bkdo debatu o po\u010dtu rusk\u00fdch ob\u011bt\u00ed b\u011bhem 20. stolet\u00ed? Nebo o genocid\u011b Arm\u00e9n\u016f, nebo \u010d\u00ednsk\u00fdch vesni\u010dan\u016f za \u201evelk\u00e9ho skoku\u201c?! Nezakazuje! V\u017edy\u0165 podobn\u00e9 z\u00e1kazy jsou ur\u00e1\u017ekou v\u0161ech \u017eidovsk\u00fdch ob\u011bt\u00ed 2. sv\u011btov\u00e9 v\u00e1lky!<\/strong><\/p>\n<p><a href=\"https:\/\/ceskavec.com\/2022\/02\/tym-expertu-obvinil-z-udani-rodiny-anne-frank-zidovskeho-notare-zidovske-kruhy-jsou-zdesene-nejasnosti-kolem-oficialni-verze-teto-ikony-zidovskeho-holocaustu-pribyvaji-kulickove-pero-notar-udava\">\u010cesk\u00e1 v\u011bc<\/a><\/p>\n<p>&nbsp;<\/p>\n","protected":false},"excerpt":{"rendered":"<p>Ikony \u017eidovsk\u00e9ho holocaustu p\u0159ib\u00fdvaj\u00ed. T\u00fdm expert\u016f obvinil z ud\u00e1n\u00ed rodiny Anne Frank \u017eidovsk\u00e9ho not\u00e1\u0159e. \u017didovsk\u00e9&#8230;<\/p>\n","protected":false},"author":2,"featured_media":8129,"comment_status":"closed","ping_status":"closed","sticky":false,"template":"","format":"standard","meta":[],"categories":[6],"tags":[810,871,849],"_links":{"self":[{"href":"https:\/\/www.infokuryr.cz\/n\/wp-json\/wp\/v2\/posts\/8128"}],"collection":[{"href":"https:\/\/www.infokuryr.cz\/n\/wp-json\/wp\/v2\/posts"}],"about":[{"href":"https:\/\/www.infokuryr.cz\/n\/wp-json\/wp\/v2\/types\/post"}],"author":[{"embeddable":true,"href":"https:\/\/www.infokuryr.cz\/n\/wp-json\/wp\/v2\/users\/2"}],"replies":[{"embeddable":true,"href":"https:\/\/www.infokuryr.cz\/n\/wp-json\/wp\/v2\/comments?post=8128"}],"version-history":[{"count":0,"href":"https:\/\/www.infokuryr.cz\/n\/wp-json\/wp\/v2\/posts\/8128\/revisions"}],"wp:featuredmedia":[{"embeddable":true,"href":"https:\/\/www.infokuryr.cz\/n\/wp-json\/wp\/v2\/media\/8129"}],"wp:attachment":[{"href":"https:\/\/www.infokuryr.cz\/n\/wp-json\/wp\/v2\/media?parent=8128"}],"wp:term":[{"taxonomy":"category","embeddable":true,"href":"https:\/\/www.infokuryr.cz\/n\/wp-json\/wp\/v2\/categories?post=8128"},{"taxonomy":"post_tag","embeddable":true,"href":"https:\/\/www.infokuryr.cz\/n\/wp-json\/wp\/v2\/tags?post=8128"}],"curies":[{"name":"wp","href":"https:\/\/api.w.org\/{rel}","templated":true}]}}