{"id":8126,"date":"2022-02-08T05:33:17","date_gmt":"2022-02-08T04:33:17","guid":{"rendered":"http:\/\/www.infokuryr.cz\/n\/?p=8126"},"modified":"2022-02-08T05:33:17","modified_gmt":"2022-02-08T04:33:17","slug":"belorusko-zmeni-koncem-unora-svoji-ustavu-aby-mohlo-na-svem-uzemi-rozmistit-ruske-balisticke-rakety-s-jadernymi-hlavicemi","status":"publish","type":"post","link":"https:\/\/www.infokuryr.cz\/n\/2022\/02\/08\/belorusko-zmeni-koncem-unora-svoji-ustavu-aby-mohlo-na-svem-uzemi-rozmistit-ruske-balisticke-rakety-s-jadernymi-hlavicemi\/","title":{"rendered":"B\u011blorusko zm\u011bn\u00ed koncem \u00fanora svoji \u00dastavu, aby mohlo na sv\u00e9m \u00fazem\u00ed rozm\u00edstit rusk\u00e9 balistick\u00e9 rakety s jadern\u00fdmi hlavicemi!"},"content":{"rendered":"<div id=\"fb-root\"><\/div>\n<h4>B\u011blorusko zm\u011bn\u00ed koncem \u00fanora svoji \u00dastavu, aby mohlo na sv\u00e9m \u00fazem\u00ed rozm\u00edstit rusk\u00e9 balistick\u00e9 rakety s jadern\u00fdmi hlavicemi! NATO ji\u017e reagovalo, \u017ee zv\u00e1\u017e\u00ed v krajn\u00edm p\u0159\u00edpad\u011b rozm\u00edst\u011bn\u00ed jadern\u00fdch zbran\u00ed v Polsku a v dal\u0161\u00edch zem\u00edch v\u00fdchodn\u00ed Evropy! N\u011bmecko toti\u017e zva\u017euje vyho\u0161t\u011bn\u00ed americk\u00fdch jadern\u00fdch zbran\u00ed ze zem\u011b, mohly by skon\u010dit na v\u00fdchod\u011b Evropy, nejen v Polsku, ale i na Slovensku! Slovensk\u00fd parlament bude urychlen\u011b ratifikovat DCA smlouvu s Ameri\u010dany a prezidentka bude m\u00edt co vysv\u011btlovat voli\u010d\u016fm, a\u017e vlakov\u00fd transport p\u0159iveze na Slia\u010d americk\u00e9 Tomahawky schopn\u00e9 n\u00e9st jadern\u00e9 hlavice!<\/h4>\n<p>Moskva ji\u017e za\u010dala reagovat na odm\u00edtav\u00e9 stanovisko USA a NATO ohledn\u011b rusk\u00e9ho n\u00e1vrhu a po\u017eadavku na neroz\u0161i\u0159ov\u00e1n\u00ed NATO sm\u011brem na v\u00fdchod k rusk\u00fdm hranic\u00edm. Rusk\u00e1 a b\u011blorusk\u00e1 m\u00e9dia dnes p\u0159inesla informaci, \u017ee b\u011blorusk\u00fd z\u00e1konod\u00e1rn\u00fd sbor se chyst\u00e1 27. \u00fanora uv\u00e9st v platnost novelu b\u011blorusk\u00e9 \u00dastavy, kter\u00e1 m\u00e1 umo\u017enit rozm\u00edst\u011bn\u00ed balistick\u00fdch raket s jadern\u00fdmi hlavicemi na \u00fazem\u00ed B\u011bloruska. Zbran\u011b maj\u00ed b\u00fdt rozm\u00edst\u011bny v oblasti z\u00e1padn\u00edho B\u011bloruska, tedy nedaleko hranic s pobaltsk\u00fdmi st\u00e1ty.<\/p>\n<p>Kdy\u017e NATO a USA nep\u0159istoupily na po\u017eadavky Ruska, nezb\u00fdv\u00e1 nic jin\u00e9ho, ne\u017e zah\u00e1jit rozmis\u0165ov\u00e1n\u00ed jadern\u00fdch zbran\u00ed v Evrop\u011b. Toto je jeden z d\u016fsledk\u016f bezpe\u010dnostn\u00ed eskalace v Evrop\u011b, na kter\u00e9 se pod\u00edl\u00ed i \u010desk\u00e1 zfa\u0161izovan\u00e1 diplomacii v \u010dele s Pir\u00e1tem, kter\u00fd jezd\u00ed do Kyjeva vyjad\u0159ovat podporu tamn\u00ed junt\u011b a\u00a0<strong>\u0161\u00e9fka \u010desk\u00e9ho parlamentu s d\u011bsiv\u00fdm arabsk\u00fdm\u00a0 tetov\u00e1n\u00edm na ruce [<a href=\"https:\/\/href.li\/?https:\/\/www.novinky.cz\/domaci\/clanek\/inzenyrka-s-tetovanim-v-arabstine-kdo-je-nova-predsedkyne-top-09-pekarova-adamova-40304698\" target=\"_blank\" rel=\"nofollow noopener\">1<\/a>]<\/strong>, kter\u00e1 spolu s proti-\u010d\u00ednsk\u00fdm provokat\u00e9rem ze Sen\u00e1tu ned\u00e1vno nav\u0161t\u00edvila gener\u00e1ln\u00edho tajemn\u00edka NATO.<\/p>\n<figure id=\"attachment_50287\" class=\"wp-caption aligncenter\" style=\"width: 604px;\"><a href=\"https:\/\/aeronet.cz\/news\/wp-content\/uploads\/PekarovaTetovani.jpg\"><img decoding=\"async\" loading=\"lazy\" class=\"wp-image-50287 \" src=\"https:\/\/aeronet.cz\/news\/wp-content\/uploads\/PekarovaTetovani-1024x576.jpg\" sizes=\"(max-width: 700px) 100vw, 700px\" srcset=\"https:\/\/aeronet.cz\/news\/wp-content\/uploads\/PekarovaTetovani-1024x576.jpg 1024w, https:\/\/aeronet.cz\/news\/wp-content\/uploads\/PekarovaTetovani-300x169.jpg 300w, https:\/\/aeronet.cz\/news\/wp-content\/uploads\/PekarovaTetovani-768x432.jpg 768w, https:\/\/aeronet.cz\/news\/wp-content\/uploads\/PekarovaTetovani-700x394.jpg 700w, https:\/\/aeronet.cz\/news\/wp-content\/uploads\/PekarovaTetovani-635x357.jpg 635w, https:\/\/aeronet.cz\/news\/wp-content\/uploads\/PekarovaTetovani-859x483.jpg 859w, https:\/\/aeronet.cz\/news\/wp-content\/uploads\/PekarovaTetovani.jpg 1280w\" alt=\"\" width=\"604\" height=\"340\" \/><\/a><figcaption class=\"wp-caption-text\">Arabsk\u00e9 tetov\u00e1n\u00ed na pa\u017ei p\u0159edsedkyn\u011b poslaneck\u00e9 sn\u011bmovny Mark\u00e9ty Adamov\u00e9 Pekarov\u00e9<\/figcaption><\/figure>\n<p>Gener\u00e1ln\u00ed tajemn\u00edk NATO Jens Stoltenberg u\u017e v listopadu lo\u0148sk\u00e9ho roku zd\u016fraznil\u00a0<strong>[<a href=\"https:\/\/href.li\/?https:\/\/tass.com\/defense\/1363759\" target=\"_blank\" rel=\"nofollow noopener\">2<\/a>]<\/strong>, \u017ee c\u00edlem aliance sice je sv\u011bt bez jadern\u00fdch zbran\u00ed, ale dokud je maj\u00ed jin\u00e9 zem\u011b, mus\u00ed je m\u00edt i NATO.\u00a0<strong>Americk\u00e9 jadern\u00e9 zbran\u011b proto mohou skon\u010dit ve v\u00fdchodn\u00ed Evrop\u011b, pokud je N\u011bmecko odstran\u00ed ze sv\u00e9ho \u00fazem\u00ed, uvedl v p\u00e1tek 19. listopadu 2021 na konferenci gener\u00e1ln\u00ed tajemn\u00edk NATO Jens Stoltenberg.<\/strong>\u00a0\u201d<em>O\u010dek\u00e1v\u00e1m, \u017ee N\u011bmecko bude i nad\u00e1le sou\u010d\u00e1st\u00ed sd\u00edlen\u00ed jadern\u00fdch zbran\u00ed, proto\u017ee je to pro Evropu velmi d\u016fle\u017eit\u00e9 a jedn\u00e1 se o mnohostrann\u00fd r\u00e1mec,<\/em>\u201d \u0159ekl na konferenci po\u0159\u00e1dan\u00e9 N\u011bmeckou atlantickou asociac\u00ed a Spolkovou akademi\u00ed pro bezpe\u010dnostn\u00ed politiku. \u201c<em>Alternativou pro sd\u00edlen\u00ed jadern\u00fdch zbran\u00ed v r\u00e1mci NATO jsou r\u016fzn\u00e9 druhy bilater\u00e1ln\u00edch dohod<\/em>.\u201d<\/p>\n<h6><span style=\"font-size: 14pt;\">\u0160\u00e9f NATO nazna\u010dil, \u017ee kdy\u017e N\u011bmecko vyhost\u00ed jadern\u00e9 zbran\u011b, tak skon\u010d\u00ed podle v\u0161eho na v\u00fdchod\u011b Evropy<\/span><\/h6>\n<p>\u2018<em>\u2018Je na N\u011bmecku, aby rozhodlo, zda ve va\u0161\u00ed zemi budou jadern\u00e9 zbran\u011b, ale alternativou je, \u017ee skon\u010d\u00edme s jadern\u00fdmi zbran\u011bmi v jin\u00fdch zem\u00edch Evropy, tak\u00e9 na v\u00fdchod od N\u011bmecka<\/em>,\u201d \u0159ekl d\u00e1le. Stoltenberg rovn\u011b\u017e \u0159ekl: \u201d<em>Na\u0161\u00edm c\u00edlem je sv\u011bt bez jadern\u00fdch zbran\u00ed. Dokud je v\u0161ak maj\u00ed ostatn\u00ed, mus\u00ed je m\u00edt i NATO.<\/em>\u201d Uv\u00edtal jedn\u00e1n\u00ed mezi Ruskem a USA o strategick\u00e9 stabilit\u011b, v\u010detn\u011b Smlouvy o opat\u0159en\u00edch k dal\u0161\u00edmu sn\u00ed\u017een\u00ed a omezen\u00ed strategick\u00fdch \u00fato\u010dn\u00fdch zbran\u00ed, ale v t\u00e9 dob\u011b je\u0161t\u011b nebyl na stole rusk\u00fd po\u017eadavek na neroz\u0161i\u0159ov\u00e1n\u00ed NATO. Te\u010f je v\u0161echno u\u017e jinak.<\/p>\n<figure id=\"attachment_49638\" class=\"wp-caption aligncenter\" style=\"width: 585px;\"><a href=\"https:\/\/aeronet.cz\/news\/wp-content\/uploads\/JensStoltenbergNATOspeech.jpg\"><img decoding=\"async\" loading=\"lazy\" class=\"wp-image-49638 \" src=\"https:\/\/aeronet.cz\/news\/wp-content\/uploads\/JensStoltenbergNATOspeech-1024x536.jpg\" sizes=\"(max-width: 700px) 100vw, 700px\" srcset=\"https:\/\/aeronet.cz\/news\/wp-content\/uploads\/JensStoltenbergNATOspeech-1024x536.jpg 1024w, https:\/\/aeronet.cz\/news\/wp-content\/uploads\/JensStoltenbergNATOspeech-300x157.jpg 300w, https:\/\/aeronet.cz\/news\/wp-content\/uploads\/JensStoltenbergNATOspeech-768x402.jpg 768w, https:\/\/aeronet.cz\/news\/wp-content\/uploads\/JensStoltenbergNATOspeech-700x366.jpg 700w, https:\/\/aeronet.cz\/news\/wp-content\/uploads\/JensStoltenbergNATOspeech-682x357.jpg 682w, https:\/\/aeronet.cz\/news\/wp-content\/uploads\/JensStoltenbergNATOspeech-923x483.jpg 923w, https:\/\/aeronet.cz\/news\/wp-content\/uploads\/JensStoltenbergNATOspeech.jpg 1280w\" alt=\"\" width=\"585\" height=\"306\" \/><\/a><figcaption class=\"wp-caption-text\">Jens Stoltenberg, gener\u00e1ln\u00ed tajemn\u00edk NATO<\/figcaption><\/figure>\n<p>Dohoda NATO o sd\u00edlen\u00ed jadern\u00fdch zbran\u00ed podle Stoltenberga poskytuje pr\u00e1vn\u00ed z\u00e1klad pro rozm\u00edst\u011bn\u00ed americk\u00fdch jadern\u00fdch zbran\u00ed v nejadern\u00fdch \u010dlensk\u00fdch zem\u00edch Evropy v r\u00e1mci alian\u010dn\u00ed koncepce jadern\u00e9ho odstra\u0161ov\u00e1n\u00ed. Podle podm\u00ednek Smlouvy o kone\u010dn\u00e9m vypo\u0159\u00e1d\u00e1n\u00ed ve vztahu k N\u011bmecku, kter\u00e1 vstoupila v platnost 15. b\u0159ezna 1991, se N\u011bmecko vzdalo v\u00fdroby, dr\u017een\u00ed a kontroly jadern\u00fdch, biologick\u00fdch a chemick\u00fdch zbran\u00ed. Do konce \u010dervna 1991 SSSR st\u00e1hl v\u0161echny sv\u00e9 jadern\u00e9 s\u00edly z v\u00fdchodn\u00edho N\u011bmecka.<strong>\u00a0N\u011bmecko v\u0161ak st\u00e1le host\u00ed jadern\u00e9 zbran\u011b USA jako sou\u010d\u00e1st odstra\u0161uj\u00edc\u00ed strategie NATO.<\/strong>\u00a0Na leteck\u00e9 z\u00e1kladn\u011b Buchel je podle nepotvrzen\u00fdch zpr\u00e1v um\u00edst\u011bno a\u017e 20 americk\u00fdch taktick\u00fdch jadern\u00fdch bomb B61.<\/p>\n<h6><span style=\"font-size: 14pt;\">B\u011blorusko zm\u011bn\u00ed \u00dastavu, aby mohlo rozm\u00edstit na sv\u00e9m \u00fazem\u00ed rusk\u00e9 jadern\u00e9 rakety. Americk\u00e9 z\u00e1kladny na Slovensku, rusk\u00e9 v B\u011blorusku<\/span><\/h6>\n<p>V prosinci b\u011blorusk\u00fd prezident Alexandr Luka\u0161enko vystoupil v rusk\u00e9 st\u00e1tn\u00ed televizi a nab\u00eddl, \u017ee na \u00fazem\u00ed B\u011bloruska um\u00edst\u00ed rusk\u00e9 jadern\u00e9 zbran\u011b\u00a0<strong>[<a href=\"https:\/\/href.li\/?https:\/\/www.kp.ru\/daily\/27360\/4542127\/\" target=\"_blank\" rel=\"nofollow noopener\">3<\/a>]<\/strong>. To bude umo\u017en\u011bno m\u00e1lo pov\u0161imnutou zm\u011bnou b\u011blorusk\u00e9 \u00fastavy, kter\u00e1 m\u00e1 vstoupit v platnost 27. \u00fanora. B\u011blorusko 27. prosince 2021 zve\u0159ejnilo n\u00e1vrhy zm\u011bn sv\u00e9 \u00fastavy a p\u0159edlo\u017eilo je k ve\u0159ejn\u00e9mu p\u0159ipom\u00ednkov\u00e1n\u00ed. Jejich n\u00e1sledn\u00e9 schv\u00e1len\u00ed otev\u0159elo cestu k referendu o p\u0159ijet\u00ed nov\u00e9 \u00fastavy, kter\u00e9 se uskute\u010dn\u00ed 27. \u00fanora 2022.<\/p>\n<p>Jin\u00ed analytici obratn\u011b popsali politick\u00e9 zm\u011bny, jako nap\u0159\u00edklad zaru\u010den\u00ed moci prezidenta Alexandra Luka\u0161enka na neur\u010dito a omezen\u00ed pravomoc\u00ed parlamentu. Mnoh\u00fdm v\u0161ak unikl hlavn\u00ed titulek:\u00a0<strong>nov\u00e1 \u00fastava umo\u017en\u00ed B\u011blorusku poprv\u00e9 od roku 1996 um\u00edstit na sv\u00e9m \u00fazem\u00ed rakety a zejm\u00e9na jadern\u00e9 zbran\u011b.<\/strong>\u00a0Tato zm\u011bna pom\u016f\u017ee Luka\u0161enkovi splnit jeho nab\u00eddku um\u00edstit na b\u011blorusk\u00e9m \u00fazem\u00ed rusk\u00e9 jadern\u00e9 zbran\u011b, kterou p\u0159ed m\u011bs\u00edcem u\u010dinil prezidentu Vladimiru Putinovi v rusk\u00e9 televizi.<\/p>\n<figure id=\"attachment_42502\" class=\"wp-caption aligncenter\" style=\"width: 609px;\"><a href=\"https:\/\/aeronet.cz\/news\/wp-content\/uploads\/LukashenkoKalashnikov.jpg\"><img decoding=\"async\" loading=\"lazy\" class=\"wp-image-42502 \" src=\"https:\/\/aeronet.cz\/news\/wp-content\/uploads\/LukashenkoKalashnikov-1024x576.jpg\" sizes=\"(max-width: 700px) 100vw, 700px\" srcset=\"https:\/\/aeronet.cz\/news\/wp-content\/uploads\/LukashenkoKalashnikov-1024x576.jpg 1024w, https:\/\/aeronet.cz\/news\/wp-content\/uploads\/LukashenkoKalashnikov-300x169.jpg 300w, https:\/\/aeronet.cz\/news\/wp-content\/uploads\/LukashenkoKalashnikov-768x432.jpg 768w, https:\/\/aeronet.cz\/news\/wp-content\/uploads\/LukashenkoKalashnikov-700x394.jpg 700w, https:\/\/aeronet.cz\/news\/wp-content\/uploads\/LukashenkoKalashnikov-635x357.jpg 635w, https:\/\/aeronet.cz\/news\/wp-content\/uploads\/LukashenkoKalashnikov-859x483.jpg 859w, https:\/\/aeronet.cz\/news\/wp-content\/uploads\/LukashenkoKalashnikov.jpg 1440w\" alt=\"\" width=\"609\" height=\"343\" \/><\/a><figcaption class=\"wp-caption-text\">Alexander Luka\u0161enko na proch\u00e1zce s Kala\u0161nikovem<\/figcaption><\/figure>\n<p>B\u011blorusko zm\u011bnu sv\u00e9ho jadern\u00e9ho statusu ofici\u00e1ln\u011b neozn\u00e1milo, kdy\u017e zm\u011bny \u00fastavy zve\u0159ejnilo na prezidentsk\u00fdch internetov\u00fdch str\u00e1nk\u00e1ch \u2013 ostatn\u011b jako vy\u0161krtnut\u00ed z textu bylo t\u011b\u017ek\u00e9 si toho v\u0161imnout, proto\u017ee byly zv\u00fdrazn\u011bny pouze dodatky.\u00a0<strong>P\u0159esto se jedn\u00e1 o z\u00e1va\u017enou ud\u00e1lost, kter\u00e1 zpochyb\u0148uje dodr\u017eov\u00e1n\u00ed z\u00e1vazk\u016f B\u011bloruska vypl\u00fdvaj\u00edc\u00edch z Budape\u0161\u0165sk\u00e9ho memoranda z roku 1994, kter\u00e9 kodifikovalo jeho status zem\u011b bez jadern\u00fdch zbran\u00ed podle Smlouvy o ne\u0161\u00ed\u0159en\u00ed jadern\u00fdch zbran\u00ed (NPT).<\/strong>\u00a0Zm\u011bny rovn\u011b\u017e ru\u0161\u00ed neutralitu zem\u011b, kter\u00e1 byla sou\u010d\u00e1st\u00ed jej\u00edho strategick\u00e9ho postoje od konce studen\u00e9 v\u00e1lky. Spole\u010dn\u011b maj\u00ed obrovsk\u00e9 d\u016fsledky pro evropskou bezpe\u010dnost v kontextu sou\u010dasn\u00e9 krize kolem Ukrajiny.<\/p>\n<h6><span style=\"font-size: 14pt;\">Sov\u011btsk\u00e1 federace za\u010d\u00edn\u00e1 nab\u00edrat prvn\u00ed obrysy<\/span><\/h6>\n<p>Je pravd\u011bpodobn\u00e9, \u017ee zm\u011bny b\u011blorusk\u00e9 \u00fastavy t\u00fdkaj\u00edc\u00ed se neutrality a jej\u00edho bezjadern\u00e9ho statusu byly provedeny v\u00fdm\u011bnou za Putinovu podporu Luka\u0161enka v \u0159ad\u011b ned\u00e1vn\u00fdch kriz\u00ed, v\u010detn\u011b protest\u016f proti jeho vl\u00e1d\u011b. Luka\u0161enko se 9. z\u00e1\u0159\u00ed 2021 setkal v Moskv\u011b s Putinem, aby s n\u00edm jednal o \u201c<em><strong>integra\u010dn\u00edch procesech v r\u00e1mci svazov\u00e9ho st\u00e1tu<\/strong><\/em>\u201c, co\u017e pravd\u011bpodobn\u011b zahrnovalo po\u017eadavek, aby B\u011blorusko p\u0159ijalo \u0159adu krok\u016f, kter\u00fdm se Luka\u0161enko d\u0159\u00edve br\u00e1nil (nap\u0159\u00edklad trval\u00e9 um\u00edst\u011bn\u00ed rusk\u00fdch vojensk\u00fdch sil v B\u011blorusku) v\u00fdm\u011bnou za masivn\u00ed hospod\u00e1\u0159skou pomoc a \u00fav\u011brov\u00e9 z\u00e1ruky.<\/p>\n<p>Oba vedouc\u00ed p\u0159edstavitel\u00e9 byli v \u00fazk\u00e9m kontaktu, v obdob\u00ed od z\u00e1\u0159\u00ed do listopadu spolu p\u011btkr\u00e1t telefonicky hovo\u0159ili, co\u017e vyvrcholilo 4. listopadu zased\u00e1n\u00edm Nejvy\u0161\u0161\u00ed st\u00e1tn\u00ed rady svazov\u00e9ho st\u00e1tu, na n\u011bm\u017e Rusko a B\u011blorusko schv\u00e1lily spole\u010dnou vojenskou doktr\u00ednu. Svazov\u00e9 spojen\u00ed Minsku a Moskvy je st\u00e1le \u010dast\u011bji ozna\u010dov\u00e1no jako \u201cSov\u011btsk\u00e1 federace\u201d.<\/p>\n<figure id=\"attachment_42389\" class=\"wp-caption aligncenter\" style=\"width: 629px;\"><a href=\"https:\/\/aeronet.cz\/news\/wp-content\/uploads\/PutinLukasenkoFlags.jpg\"><img decoding=\"async\" loading=\"lazy\" class=\"wp-image-42389 \" src=\"https:\/\/aeronet.cz\/news\/wp-content\/uploads\/PutinLukasenkoFlags-1024x681.jpg\" sizes=\"(max-width: 700px) 100vw, 700px\" srcset=\"https:\/\/aeronet.cz\/news\/wp-content\/uploads\/PutinLukasenkoFlags-1024x681.jpg 1024w, https:\/\/aeronet.cz\/news\/wp-content\/uploads\/PutinLukasenkoFlags-300x200.jpg 300w, https:\/\/aeronet.cz\/news\/wp-content\/uploads\/PutinLukasenkoFlags-768x511.jpg 768w, https:\/\/aeronet.cz\/news\/wp-content\/uploads\/PutinLukasenkoFlags-700x466.jpg 700w, https:\/\/aeronet.cz\/news\/wp-content\/uploads\/PutinLukasenkoFlags-536x357.jpg 536w, https:\/\/aeronet.cz\/news\/wp-content\/uploads\/PutinLukasenkoFlags-726x483.jpg 726w, https:\/\/aeronet.cz\/news\/wp-content\/uploads\/PutinLukasenkoFlags.jpg 1100w\" alt=\"\" width=\"629\" height=\"419\" \/><\/a><figcaption class=\"wp-caption-text\">Polo\u017een\u00ed z\u00e1kladn\u00edho kamene Sov\u011btsk\u00e9 federace<\/figcaption><\/figure>\n<p>Tato nov\u00e1 vojensk\u00e1 doktr\u00edna, kter\u00e1 nebyla zve\u0159ejn\u011bna, \u00fadajn\u011b zahrnuje v\u011bt\u0161\u00ed integraci mezi ob\u011bma arm\u00e1dami, co\u017e si pravd\u011bpodobn\u011b vy\u017e\u00e1d\u00e1 zm\u011bnu neutrality B\u011bloruska a jeho bezjadern\u00e9ho statusu, aby bylo mo\u017en\u00e9 p\u0159\u00edpadn\u00e9 rozm\u00edst\u011bn\u00ed rusk\u00fdch jadern\u00fdch zbran\u00ed na b\u011blorusk\u00e9m \u00fazem\u00ed. B\u011blorusk\u00e1 \u00fastavn\u00ed komise se se\u0161la 15. listopadu, aby projednala rozsah p\u0159ipravovan\u00fdch zm\u011bn. N\u00e1sledn\u011b 30. listopadu Luka\u0161enko v rozhovoru s gener\u00e1ln\u00edm \u0159editelem Russia Today Dmitrijem Kiselevem ve\u0159ejn\u011b uznal \u201c<em>leg\u00e1lnost<\/em>\u201d rusk\u00e9 anexe Krymu (co\u017e do t\u00e9 doby d\u016frazn\u011b odm\u00edtal) a nab\u00eddl hostov\u00e1n\u00ed rusk\u00fdch jadern\u00fdch zbran\u00ed na b\u011blorusk\u00e9m \u00fazem\u00ed.<\/p>\n<h6><span style=\"font-size: 14pt;\">Ameri\u010dan\u00e9 po p\u00e1du SSSR cht\u011bli v\u0161echny post-sov\u011btsk\u00e9 st\u00e1ty odzbrojit a\u017e na kost<\/span><\/h6>\n<p>Luka\u0161enko d\u00e1le uvedl, \u017ee v\u011bt\u0161ina b\u00fdval\u00fdch b\u011blorusk\u00fdch za\u0159\u00edzen\u00ed pro v\u00fdrobu jadern\u00fdch zbran\u00ed, v nich\u017e byly um\u00edst\u011bny a odpalov\u00e1ny sov\u011btsk\u00e9 rakety SS-25, z\u016fst\u00e1v\u00e1 na sv\u00e9m m\u00edst\u011b a je p\u0159ipravena hostit rusk\u00e9 jadern\u00e9 zbran\u011b. Rakety SS-25, jejich hlavice a souvisej\u00edc\u00ed infrastruktura m\u011bly b\u00fdt odstran\u011bny v r\u00e1mci pln\u011bn\u00ed z\u00e1vazk\u016f B\u011bloruska vypl\u00fdvaj\u00edc\u00edch z Budape\u0161\u0165sk\u00e9ho memoranda z roku 1994 \u2013 dohody, kterou vyjednal Luka\u0161enk\u016fv p\u0159edch\u016fdce ve funkci prezidenta Stanislav \u0160u\u0161kevi\u010d a kterou Luka\u0161enko podepsal v z\u00e1\u0159\u00ed 1994, kr\u00e1tce po sv\u00e9m n\u00e1stupu do funkce, pod zna\u010dn\u00fdm tlakem Spojen\u00fdch st\u00e1t\u016f a Ruska.<\/p>\n<figure id=\"attachment_50289\" class=\"wp-caption aligncenter\" style=\"width: 604px;\"><a href=\"https:\/\/aeronet.cz\/news\/wp-content\/uploads\/MAZ_Topol_Carrier.jpg\"><img decoding=\"async\" loading=\"lazy\" class=\"wp-image-50289 \" src=\"https:\/\/aeronet.cz\/news\/wp-content\/uploads\/MAZ_Topol_Carrier-1024x650.jpg\" sizes=\"(max-width: 700px) 100vw, 700px\" srcset=\"https:\/\/aeronet.cz\/news\/wp-content\/uploads\/MAZ_Topol_Carrier-1024x650.jpg 1024w, https:\/\/aeronet.cz\/news\/wp-content\/uploads\/MAZ_Topol_Carrier-300x191.jpg 300w, https:\/\/aeronet.cz\/news\/wp-content\/uploads\/MAZ_Topol_Carrier-768x488.jpg 768w, https:\/\/aeronet.cz\/news\/wp-content\/uploads\/MAZ_Topol_Carrier-700x445.jpg 700w, https:\/\/aeronet.cz\/news\/wp-content\/uploads\/MAZ_Topol_Carrier-562x357.jpg 562w, https:\/\/aeronet.cz\/news\/wp-content\/uploads\/MAZ_Topol_Carrier-760x483.jpg 760w, https:\/\/aeronet.cz\/news\/wp-content\/uploads\/MAZ_Topol_Carrier.jpg 1280w\" alt=\"\" width=\"604\" height=\"384\" \/><\/a><figcaption class=\"wp-caption-text\">MAZ-7912 s opera\u010dn\u00edm pouzdrem balistick\u00e9 rakety Topol<\/figcaption><\/figure>\n<p><strong>Pr\u00e1ce na denuklearizaci B\u011bloruska prov\u00e1d\u011bly Spojen\u00e9 st\u00e1ty v r\u00e1mci programu Cooperative Threat Reduction Program, zn\u00e1m\u00e9ho tak\u00e9 jako\u00a0<em>Nunn-Lugar\u016fv program<\/em><\/strong>, jeho\u017e c\u00edlem bylo zabezpe\u010dit a zlikvidovat b\u00fdval\u00e9 sov\u011btsk\u00e9 jadern\u00e9 zbran\u011b a souvisej\u00edc\u00ed infrastrukturu. Ameri\u010dan\u00e9 se tehdy sna\u017eili sv\u00e9ho b\u00fdval\u00e9ho nep\u0159\u00edtele tot\u00e1ln\u011b odzbrojit, co\u017e prob\u011bhlo ve v\u0161ech st\u00e1tech b\u00fdval\u00e9 Vara\u0161avsk\u00e9 smlouvy, kde byly zlikvidov\u00e1ny kas\u00e1rny, zru\u0161eny prezen\u010dn\u00ed slu\u017eby, privatizov\u00e1n a rozprod\u00e1n majetek arm\u00e1d a v\u00fdsledkem jsou bezzub\u00e9 toaletn\u00ed sbory \u017eold\u00e1k\u016f hraj\u00edc\u00edch si na hrdiny v zahrani\u010dn\u00edch mis\u00edch za americk\u00e9 dolary.<\/p>\n<h6><span style=\"font-size: 14pt;\">Slovensk\u00e1 prezidentka v roce 2019 byla proti americk\u00fdm z\u00e1kladn\u00e1m, dokazuje p\u0159edvolebn\u00ed video<\/span><\/h6>\n<p>Na Slovensku mezit\u00edm tamn\u00ed pro-americk\u00e1 loutkov\u00e1 vl\u00e1da m\u00e1 napilno, u\u017e v \u00fater\u00fd 8. \u00fanora se bude na mimo\u0159\u00e1dn\u00e9m zased\u00e1n\u00ed N\u00e1rodn\u00ed rady ratifikovat teprve minul\u00fd t\u00fdden ve Washingtonu podepsan\u00e1 smlouva DCA o rozm\u00edst\u011bn\u00ed americk\u00fdch vojsk na \u00fazem\u00ed Slovenska na dobu 10 let.\u00a0<strong>SMER svolal demonstraci p\u0159ed N\u00e1rodn\u00ed radu, ale slovensk\u00fd vl\u00e1dn\u00ed re\u017eim, po vzoru Justina Trudauea v Kanad\u011b, v pond\u011bl\u00ed ve\u010der tuto demonstraci zak\u00e1zal [<a href=\"https:\/\/href.li\/?https:\/\/www.hlavnespravy.sk\/smer-sd-dostal-oznamenie-o-zakaze-zajtrajsieho-zhromazdenia-pred-narodnou-radou-robert-fico-aj-tak-pozyva-na-dolezitu-demonstraciu\/2854078\" target=\"_blank\" rel=\"nofollow noopener\">4<\/a>], aby poslanci m\u011bli klid na ratifikaci smlouvy s Ameri\u010dany<\/strong>. Takto rychl\u00e1 ratifikace nem\u00e1 obdoby, obvykle ratifika\u010dn\u00ed proces prob\u00edh\u00e1 v demokratick\u00fdch zem\u00edch 6 m\u011bs\u00edc\u016f a\u017e 2 roky v r\u00e1mci ve\u0159ejn\u00fdch diskus\u00ed, semin\u00e1\u0159\u016f a stanovisek odborn\u00edk\u016f, kte\u0159\u00ed se vyslovuj\u00ed pro nebo proti ratifikaci. Na Slovensku na to ob\u010dan\u00e9 nemaj\u00ed n\u00e1rok, vl\u00e1da b\u011b\u017e\u00ed s ratifikaci do N\u00e1rodn\u00ed rady hned n\u011bkolik dn\u00ed po podpisu ve Washingtonu.<\/p>\n<p>&nbsp;<\/p>\n<div id=\"rumble_vrp5ea\">\n<div id=\"vid_vrp5ea\" class=\"rumble_vrp5ea-Rumble-cls\">\n<div class=\"bigPlayUI ctp\">\n<div class=\"bigPlayUIInner ctp\"><div class='videoWrapper'>\r\n\t            <iframe src='https:\/\/rumble.com\/embed\/pj.vrp5ea\/' frameborder='0' allowfullscreen><\/iframe>\r\n\t        <\/div><\/div>\n<\/div>\n<\/div>\n<\/div>\n<p>&nbsp;<\/p>\n<p>Prezidentka Zuzana \u010caputov\u00e1 p\u0159itom v roce 2019 ve slovensk\u00e9 televizi prohl\u00e1sila, \u017ee by nikdy nepodepsala smlouvu, kter\u00e1 by se t\u00fdkala rozm\u00edst\u011bn\u00ed americk\u00fdch vojsk na \u00fazem\u00ed Slovenska. Poslanec SMERu Lubo\u0161 Blaha uve\u0159ejnil video z roku 2019, kde se prezidentka takto vyj\u00e1d\u0159ila, co\u017e je v kontrastu s jej\u00edm dne\u0161n\u00edm postojem.\u00a0<strong>N\u011bmecko tento rok kon\u010d\u00ed [<a href=\"https:\/\/href.li\/?https:\/\/www.reuters.com\/markets\/commodities\/germany-shuts-three-its-last-six-nuclear-plants-2022-01-01\/\" target=\"_blank\" rel=\"nofollow noopener\">5<\/a>] s jadernou energi\u00ed a je re\u00e1ln\u00e9, \u017ee skon\u010d\u00ed i s hostov\u00e1n\u00edm americk\u00fdch jadern\u00fdch zbran\u00ed.<\/strong>\u00a0Ty se potom p\u0159esunou z N\u011bmecka na v\u00fdchod Evropy, ur\u010dit\u011b do Polska, ale kdo m\u016f\u017ee vylou\u010dit, \u017ee to nebude t\u0159eba na Slovensko, kdy\u017e schvalov\u00e1n\u00ed DCA smlouvy prob\u00edh\u00e1 tak frenetick\u00fdm a zbrkl\u00fdm zp\u016fsobem, takovou rychlost\u00ed, jako kdyby n\u011bkde ho\u0159elo?<\/p>\n<h6><span style=\"font-size: 14pt;\">Na Slovensku mohou skon\u010dit nejen rakety Tomahawk, ale i jadern\u00e9 taktick\u00e9 hlavice<\/span><\/h6>\n<p>Ob\u011b dv\u011b leteck\u00e9 z\u00e1kladny na Slovensku, tedy Slia\u010d a Kuchy\u0148a, maj\u00ed jeden spole\u010dn\u00fd fenom\u00e9n a faktor, v obou p\u0159\u00edpadech se hned vedle leti\u0161\u0165 nach\u00e1z\u00ed \u017eelezni\u010dn\u00ed dr\u00e1ha, kter\u00e1 je nezbytn\u00e1 pro logistiku t\u011b\u017ek\u00e9 techniky a rovn\u011b\u017e raket Tomahawk a jadern\u00fdch hlavic.\u00a0<strong>Slovensko si ve smlouv\u011b nevyjednalo \u017e\u00e1dnou anti-nukle\u00e1rn\u00ed, ani anti-raketovou v\u00fdluku, tak\u017ee Ameri\u010dan\u00e9 na Slovensko mohou p\u0159it\u00e1hnout jak Tomahawky, tak i jadern\u00e9 hlavice.<\/strong>\u00a0Vypov\u011bzen\u00ed smlouvy s Ameri\u010dany bude slo\u017eit\u00e9, a to i po n\u00e1stupu nov\u00e9 vl\u00e1dy po p\u0159\u00ed\u0161t\u00edch volb\u00e1ch, proto\u017ee smlouva je uzav\u0159ena na 10 let a i v p\u0159\u00edpad\u011b dohody je tam v\u00fdpov\u011bdn\u00ed lh\u016fta 1 rok.<\/p>\n<figure id=\"attachment_50288\" class=\"wp-caption aligncenter\" style=\"width: 627px;\"><a href=\"https:\/\/aeronet.cz\/news\/wp-content\/uploads\/Tomahawk-LongRange.jpg\"><img decoding=\"async\" loading=\"lazy\" class=\"wp-image-50288 \" src=\"https:\/\/aeronet.cz\/news\/wp-content\/uploads\/Tomahawk-LongRange-1024x768.jpg\" sizes=\"(max-width: 700px) 100vw, 700px\" srcset=\"https:\/\/aeronet.cz\/news\/wp-content\/uploads\/Tomahawk-LongRange-1024x768.jpg 1024w, https:\/\/aeronet.cz\/news\/wp-content\/uploads\/Tomahawk-LongRange-300x225.jpg 300w, https:\/\/aeronet.cz\/news\/wp-content\/uploads\/Tomahawk-LongRange-768x576.jpg 768w, https:\/\/aeronet.cz\/news\/wp-content\/uploads\/Tomahawk-LongRange-700x525.jpg 700w, https:\/\/aeronet.cz\/news\/wp-content\/uploads\/Tomahawk-LongRange-476x357.jpg 476w, https:\/\/aeronet.cz\/news\/wp-content\/uploads\/Tomahawk-LongRange-644x483.jpg 644w, https:\/\/aeronet.cz\/news\/wp-content\/uploads\/Tomahawk-LongRange.jpg 1280w\" alt=\"\" width=\"627\" height=\"470\" \/><\/a><figcaption class=\"wp-caption-text\">Raketa dlouh\u00e9ho doletu s plochou dr\u00e1hou letu Tomahawk<\/figcaption><\/figure>\n<p>Sov\u011btsk\u00fd svaz se postupn\u011b vr\u00e1t\u00ed zp\u00e1tky do sv\u00fdch hranic. Vladimir Putin zat\u00edm maskuje tyto procesy, ale SSSR se postupn\u011b za\u010dne vracet, i kdy\u017e u\u017e nep\u016fjde o svaz postaven\u00fd na my\u0161lence marxismu, ale bude to model Sov\u011btsk\u00e9 federace. A pr\u00e1v\u011b tyto procesy mezi Moskvou a Minskem vytv\u00e1\u0159ej\u00ed prvn\u00ed federativn\u00ed z\u00e1klady.\u00a0<strong>A pom\u016f\u017eou tomu Ameri\u010dan\u00e9. Bez nich by toti\u017e Luka\u0161enko ani dal\u0161\u00ed l\u00edd\u0159i post-sov\u011btsk\u00fdch republik na tuto my\u0161lenku Kremlu nep\u0159istoupili.<\/strong>\u00a0Nep\u0159\u00edtel ze z\u00e1padu tak pom\u00e1h\u00e1 vracet sov\u011btsk\u00fd projekt zp\u00e1tky k \u017eivotu. A spolu s t\u00edm se vr\u00e1t\u00ed i Studen\u00e1 v\u00e1lka, kter\u00e1 bude jako kdysi hrozit p\u0159er\u016fst ve v\u00e1lkou pln\u011b otev\u0159enou.<\/p>\n<p>-VK- \u0160\u00e9fredaktor AE News<\/p>\n<p><a href=\"https:\/\/aeronet.cz\/news\/belorusko-zmeni-koncem-unora-svoji-ustavu-aby-mohlo-na-svem-uzemi-rozmistit-ruske-balisticke-rakety-s-jadernymi-hlavicemi-nato-jiz-reagovalo-ze-zvazi-v-krajnim-pripade-rozmisteni-jadernych-zbrani\/\">ZDROJ<\/a><\/p>\n<p>&nbsp;<\/p>\n","protected":false},"excerpt":{"rendered":"<p>B\u011blorusko zm\u011bn\u00ed koncem \u00fanora svoji \u00dastavu, aby mohlo na sv\u00e9m \u00fazem\u00ed rozm\u00edstit rusk\u00e9 balistick\u00e9 rakety&#8230;<\/p>\n","protected":false},"author":2,"featured_media":8127,"comment_status":"closed","ping_status":"closed","sticky":false,"template":"","format":"standard","meta":[],"categories":[7],"tags":[150,39,349,22,203,37],"_links":{"self":[{"href":"https:\/\/www.infokuryr.cz\/n\/wp-json\/wp\/v2\/posts\/8126"}],"collection":[{"href":"https:\/\/www.infokuryr.cz\/n\/wp-json\/wp\/v2\/posts"}],"about":[{"href":"https:\/\/www.infokuryr.cz\/n\/wp-json\/wp\/v2\/types\/post"}],"author":[{"embeddable":true,"href":"https:\/\/www.infokuryr.cz\/n\/wp-json\/wp\/v2\/users\/2"}],"replies":[{"embeddable":true,"href":"https:\/\/www.infokuryr.cz\/n\/wp-json\/wp\/v2\/comments?post=8126"}],"version-history":[{"count":0,"href":"https:\/\/www.infokuryr.cz\/n\/wp-json\/wp\/v2\/posts\/8126\/revisions"}],"wp:featuredmedia":[{"embeddable":true,"href":"https:\/\/www.infokuryr.cz\/n\/wp-json\/wp\/v2\/media\/8127"}],"wp:attachment":[{"href":"https:\/\/www.infokuryr.cz\/n\/wp-json\/wp\/v2\/media?parent=8126"}],"wp:term":[{"taxonomy":"category","embeddable":true,"href":"https:\/\/www.infokuryr.cz\/n\/wp-json\/wp\/v2\/categories?post=8126"},{"taxonomy":"post_tag","embeddable":true,"href":"https:\/\/www.infokuryr.cz\/n\/wp-json\/wp\/v2\/tags?post=8126"}],"curies":[{"name":"wp","href":"https:\/\/api.w.org\/{rel}","templated":true}]}}