{"id":81259,"date":"2025-06-15T00:15:32","date_gmt":"2025-06-14T22:15:32","guid":{"rendered":"https:\/\/www.infokuryr.cz\/n\/?p=81259"},"modified":"2025-06-14T16:16:48","modified_gmt":"2025-06-14T14:16:48","slug":"apple-integruje-digitalni-pasy-tichy-prechod-k-povinne-infrastrukture-identity","status":"publish","type":"post","link":"https:\/\/www.infokuryr.cz\/n\/2025\/06\/15\/apple-integruje-digitalni-pasy-tichy-prechod-k-povinne-infrastrukture-identity\/","title":{"rendered":"Apple integruje digit\u00e1ln\u00ed pasy \u2013 tich\u00fd p\u0159echod k povinn\u00e9 infrastruktu\u0159e identity"},"content":{"rendered":"<div id=\"fb-root\"><\/div>\n<div class=\"elementor-element elementor-element-1fb4c2c elementor-widget elementor-widget-theme-post-content\" data-id=\"1fb4c2c\" data-element_type=\"widget\" data-widget_type=\"theme-post-content.default\">\n<div class=\"elementor-widget-container\">\n<p>Ned\u00e1vn\u00e9 ozn\u00e1men\u00ed spole\u010dnosti Apple na konferenci WWDC 2025 p\u0159edstavuje v\u00fdznamn\u00fd krok k pln\u00e9 integraci digit\u00e1ln\u00edch identit do ka\u017edodenn\u00edho \u017eivota. S nov\u00fdm opera\u010dn\u00edm syst\u00e9mem iOS 26 nyn\u00ed Apple zav\u00e1d\u00ed\u00a0<strong>digit\u00e1ln\u00ed identifika\u010dn\u00ed \u00fadaje zalo\u017een\u00e9 na pasu<\/strong>\u00a0v Apple Wallet \u2013 nab\u00eddka, kter\u00e1 se zd\u00e1nliv\u011b zam\u011b\u0159uje na pohodl\u00ed, ale p\u0159in\u00e1\u0161\u00ed s sebou hlubok\u00e9 spole\u010densk\u00e9 zm\u011bny.<\/p>\n<p>U\u017eivatel\u00e9 budou moci p\u0159edlo\u017eit sv\u016fj digit\u00e1ln\u00ed pr\u016fkaz toto\u017enosti na\u00a0<strong>vybran\u00fdch kontroln\u00edch stanovi\u0161t\u00edch Spr\u00e1vy bezpe\u010dnosti dopravy (TSA<\/strong>\u00a0) na vnitrost\u00e1tn\u00edch letech a tak\u00e9 v n\u011bkter\u00fdch aplikac\u00edch, kter\u00e9 vy\u017eaduj\u00ed\u00a0<strong>ov\u011b\u0159en\u00ed v\u011bku nebo toto\u017enosti<\/strong>\u00a0. Apple sice zd\u016fraz\u0148uje, \u017ee nov\u00e1 funkce\u00a0<em>\u201enen\u00ed n\u00e1hradou za v\u00e1\u0161 fyzick\u00fd cestovn\u00ed pas<\/em>\u00a0\u201c, ale fakticky jej zavede jako ofici\u00e1ln\u00ed prost\u0159edek toto\u017enosti pro cestov\u00e1n\u00ed v r\u00e1mci USA a pro vybran\u00e9 digit\u00e1ln\u00ed slu\u017eby.<\/p>\n<p>TSA ji\u017e potvrdila, \u017ee bude tyto\u00a0<strong>digit\u00e1ln\u00ed pasy<\/strong>\u00a0p\u0159ij\u00edmat na bezpe\u010dnostn\u00edch kontroln\u00edch stanovi\u0161t\u00edch. D\u00edky tomu se biometrick\u00e1 a za\u0159\u00edzen\u00edm propojen\u00e1 identita st\u00e1v\u00e1 ned\u00edlnou sou\u010d\u00e1st\u00ed ka\u017edodenn\u00ed mobility \u2013 proces, kter\u00fd je mnohem v\u00edc ne\u017e jen technologick\u00e1 aktualizace: P\u0159edstavuje\u00a0<strong>postupnou normalizaci syst\u00e9m\u016f digit\u00e1ln\u00ed identity<\/strong>\u00a0jako z\u00e1kladu pro spole\u010denskou participaci.<\/p>\n<p>Z\u00e1rove\u0148 Apple roz\u0161i\u0159uje zav\u00e1d\u011bn\u00ed\u00a0<strong>mobiln\u00edch \u0159idi\u010dsk\u00fdch pr\u016fkaz\u016f<\/strong>\u00a0do dal\u0161\u00edch st\u00e1t\u016f. T\u00edm se postupn\u011b propoj\u00ed ofici\u00e1ln\u011b autorizovan\u00e1 identifikace s osobn\u00edmi chytr\u00fdmi telefony \u2013 proces, kter\u00fd je technologicky elegantn\u00ed, ale politicky velmi v\u00fdbu\u0161n\u00fd.<\/p>\n<p>\u010c\u00edm v\u00edce spole\u010dnost\u00ed, jako je Apple, integruje vl\u00e1dou uzn\u00e1van\u00e9 identifika\u010dn\u00ed doklady do b\u011b\u017en\u00fdch za\u0159\u00edzen\u00ed, t\u00edm v\u011bt\u0161\u00ed je\u00a0<strong>spole\u010densk\u00fd a infrastrukturn\u00ed tlak<\/strong>\u00a0na pou\u017e\u00edv\u00e1n\u00ed t\u011bchto digit\u00e1ln\u00edch identifika\u010dn\u00edch doklad\u016f\u00a0<strong>i mimo cestov\u00e1n\u00ed<\/strong>\u00a0\u2013 nap\u0159\u00edklad pro:<\/p>\n<ul>\n<li>p\u0159\u00edstup k vl\u00e1dn\u00edm port\u00e1l\u016fm,<\/li>\n<li>online bankovnictv\u00ed,<\/li>\n<li>pou\u017e\u00edv\u00e1n\u00ed soci\u00e1ln\u00edch s\u00edt\u00ed,<\/li>\n<li>nebo dokonce pro \u010dten\u00ed zpravodajsk\u00fdch web\u016f v zem\u00edch s restriktivn\u00ed regulac\u00ed.<\/li>\n<\/ul>\n<p>Jakmile se digit\u00e1ln\u00ed identifika\u010dn\u00ed \u010d\u00edslo etablovalo jako \u201epohodln\u00fd\u201c n\u00e1stroj pro ka\u017edodenn\u00ed pou\u017eit\u00ed, jeho rozsah pou\u017eit\u00ed se pravideln\u011b roz\u0161i\u0159uje. Co za\u010d\u00edn\u00e1 jako dobrovoln\u00e1 mo\u017enost, se postupn\u011b st\u00e1v\u00e1\u00a0<strong>faktickou nutnost\u00ed<\/strong>\u00a0\u2013 podpo\u0159enou syst\u00e9mov\u00fdmi po\u017eadavky, tlakem trhu a vl\u00e1dn\u00ed regulac\u00ed.<\/p>\n<p>Jedn\u00edm z p\u0159\u00edklad\u016f je nov\u00e1 kombinace digit\u00e1ln\u00edho pr\u016fkazu toto\u017enosti, palubn\u00ed vstupenky s integrovanou mapou termin\u00e1lu a\u00a0<strong>sledov\u00e1n\u00ed zavazadel AirTag<\/strong>\u00a0prost\u0159ednictv\u00edm aplikace \u201eFind My\u201c. Tyto dodate\u010dn\u00e9 funkce se prezentuj\u00ed jako perfektn\u00ed zp\u016fsob, jak zjednodu\u0161it cestov\u00e1n\u00ed \u2013 ale z\u00e1rove\u0148 zakr\u00fdvaj\u00ed kl\u00ed\u010dov\u00fd v\u00fdvoj:\u00a0<strong>posun od individu\u00e1ln\u00ed autonomie k \u00fapln\u00e9 digit\u00e1ln\u00ed sledovatelnosti<\/strong>\u00a0.<\/p>\n<p>\u010c\u00edm pevn\u011bji se syst\u00e9my digit\u00e1ln\u00ed identity prol\u00ednaj\u00ed s ka\u017edodenn\u00edm \u017eivotem, t\u00edm v\u00edce\u00a0<strong>se st\u00edr\u00e1 hranice mezi dobrovoln\u00fdm pou\u017e\u00edv\u00e1n\u00edm a systematicky vynucovanou \u00fa\u010dast\u00ed<\/strong>\u00a0. Ka\u017ed\u00fd, kdo se chce z tohoto syst\u00e9mu dostat, je st\u00e1le v\u00edce vylou\u010den \u2013 technicky, administrativn\u011b i soci\u00e1ln\u011b.<\/p>\n<p>S vyd\u00e1n\u00edm iOS 26 na podzim roku 2025 se digit\u00e1ln\u00ed identifika\u010dn\u00ed \u00fadaje kone\u010dn\u011b stanou ned\u00edlnou sou\u010d\u00e1st\u00ed ka\u017edodenn\u00edho \u017eivota. Ne proto, \u017ee by je miliony u\u017eivatel\u016f aktivn\u011b po\u017eadovaly, ale proto, \u017ee\u00a0se upev\u0148uje\u00a0<strong>ekosyst\u00e9mov\u00fd a pr\u00e1vn\u011b podporovan\u00fd model , kter\u00fd z digit\u00e1ln\u00ed identity d\u011bl\u00e1 z\u00e1klad pro \u00fa\u010dast na ve\u0159ejn\u00e9m a digit\u00e1ln\u00edm \u017eivot\u011b.<\/strong><\/p>\n<p>Skute\u010dnou ot\u00e1zkou tedy ji\u017e nen\u00ed\u00a0<strong>, zda<\/strong>\u00a0digit\u00e1ln\u00ed identifika\u010dn\u00ed \u010d\u00edslo prosad\u00ed \u2013 ale\u00a0<strong>jak daleko dojde,<\/strong>\u00a0jakmile bude ukotveno na milionech za\u0159\u00edzen\u00ed a bude pova\u017eov\u00e1no za \u201enov\u00fd norm\u00e1l\u201c.<\/p>\n<p><em>Ken Macon<\/em><\/p>\n<\/div>\n<\/div>\n<div class=\"elementor-element elementor-element-8c57238 quelle dc-has-condition dc-condition-empty elementor-widget elementor-widget-heading\" data-id=\"8c57238\" data-element_type=\"widget\" data-widget_type=\"heading.default\">\n<div class=\"elementor-widget-container\">\n<h3 class=\"elementor-heading-title elementor-size-default\"><span style=\"font-size: 10pt;\"><a href=\"https:\/\/reclaimthenet.org\/apple-introduces-digital-passport-ids\" target=\"_blank\" rel=\"nofollow noopener\">Zdroj<\/a><\/span><\/h3>\n<p>&nbsp;<\/p>\n<\/div>\n<\/div>\n","protected":false},"excerpt":{"rendered":"<p>Ned\u00e1vn\u00e9 ozn\u00e1men\u00ed spole\u010dnosti Apple na konferenci WWDC 2025 p\u0159edstavuje v\u00fdznamn\u00fd krok k pln\u00e9 integraci digit\u00e1ln\u00edch&#8230;<\/p>\n","protected":false},"author":2,"featured_media":29999,"comment_status":"closed","ping_status":"closed","sticky":false,"template":"","format":"standard","meta":[],"categories":[7],"tags":[1002,5204,2195],"_links":{"self":[{"href":"https:\/\/www.infokuryr.cz\/n\/wp-json\/wp\/v2\/posts\/81259"}],"collection":[{"href":"https:\/\/www.infokuryr.cz\/n\/wp-json\/wp\/v2\/posts"}],"about":[{"href":"https:\/\/www.infokuryr.cz\/n\/wp-json\/wp\/v2\/types\/post"}],"author":[{"embeddable":true,"href":"https:\/\/www.infokuryr.cz\/n\/wp-json\/wp\/v2\/users\/2"}],"replies":[{"embeddable":true,"href":"https:\/\/www.infokuryr.cz\/n\/wp-json\/wp\/v2\/comments?post=81259"}],"version-history":[{"count":0,"href":"https:\/\/www.infokuryr.cz\/n\/wp-json\/wp\/v2\/posts\/81259\/revisions"}],"wp:featuredmedia":[{"embeddable":true,"href":"https:\/\/www.infokuryr.cz\/n\/wp-json\/wp\/v2\/media\/29999"}],"wp:attachment":[{"href":"https:\/\/www.infokuryr.cz\/n\/wp-json\/wp\/v2\/media?parent=81259"}],"wp:term":[{"taxonomy":"category","embeddable":true,"href":"https:\/\/www.infokuryr.cz\/n\/wp-json\/wp\/v2\/categories?post=81259"},{"taxonomy":"post_tag","embeddable":true,"href":"https:\/\/www.infokuryr.cz\/n\/wp-json\/wp\/v2\/tags?post=81259"}],"curies":[{"name":"wp","href":"https:\/\/api.w.org\/{rel}","templated":true}]}}