{"id":81256,"date":"2025-06-15T00:12:34","date_gmt":"2025-06-14T22:12:34","guid":{"rendered":"https:\/\/www.infokuryr.cz\/n\/?p=81256"},"modified":"2025-06-14T16:59:28","modified_gmt":"2025-06-14T14:59:28","slug":"chris-hedges-posledni-dny-pasma-gazy","status":"publish","type":"post","link":"https:\/\/www.infokuryr.cz\/n\/2025\/06\/15\/chris-hedges-posledni-dny-pasma-gazy\/","title":{"rendered":"Chris Hedges: Posledn\u00ed dny p\u00e1sma Gazy"},"content":{"rendered":"<div id=\"fb-root\"><\/div>\n<div class=\"elementor-element elementor-element-1fb4c2c elementor-widget elementor-widget-theme-post-content\" data-id=\"1fb4c2c\" data-element_type=\"widget\" data-widget_type=\"theme-post-content.default\">\n<div class=\"elementor-widget-container\">\n<p>Toto je konec. Posledn\u00ed krv\u00ed nas\u00e1kl\u00e1 kapitola genocidy. Brzy skon\u010d\u00ed \u2013 maxim\u00e1ln\u011b za n\u011bkolik t\u00fddn\u016f. Dva miliony lid\u00ed t\u00e1bo\u0159\u00ed v trosk\u00e1ch nebo pod \u0161ir\u00fdm nebem. Des\u00edtky lid\u00ed jsou denn\u011b zab\u00edjeny nebo zmrza\u010deny izraelsk\u00fdmi gran\u00e1ty, raketami, drony, bombami a kulkami. Chyb\u00ed jim \u010dist\u00e1 voda, l\u00e9ky a j\u00eddlo. Jsou na hranici sv\u00fdch mo\u017enost\u00ed. Nemocn\u00ed. Zran\u011bn\u00ed. Traumatizovan\u00ed. Opu\u0161t\u011bn\u00ed. Chud\u00ed. Hladov\u00ed. Beznad\u011bjn\u00ed.<\/p>\n<p>Na z\u00e1v\u011bre\u010dn\u00fdch str\u00e1nk\u00e1ch t\u00e9to hr\u016fzy Izrael sadisticky pou\u017e\u00edv\u00e1 hlad jako n\u00e1vnadu: Palestinci jsou l\u00e1k\u00e1ni slibem j\u00eddla do p\u0159elidn\u011bn\u00e9 ji\u017en\u00ed \u010d\u00e1sti Gazy \u2013 \u00fazk\u00e9ho dev\u00edtim\u00edlov\u00e9ho p\u00e1su zem\u011b hrani\u010d\u00edc\u00edho s Egyptem. Cynicky pojmenovan\u00e1\u00a0<em>Nadace pro humanit\u00e1rn\u00ed pomoc Gazy<\/em>\u00a0(GHF), \u00fadajn\u011b financovan\u00e1 izraelsk\u00fdm ministerstvem obrany a Mossadem, zneu\u017e\u00edv\u00e1 hlad. Nen\u00ed to pomoc \u2013 je to deportace. Stejn\u011b jako nacist\u00e9 hnali hladov\u011bj\u00edc\u00ed \u017didy z var\u0161avsk\u00e9ho ghetta do vyhlazovac\u00edch t\u00e1bor\u016f.<\/p>\n<p><strong>Soukrom\u00e9 americk\u00e9 bezpe\u010dnostn\u00ed s\u00edly<\/strong>\u00a0jednaj\u00edc\u00ed jm\u00e9nem GHF nasm\u011bruj\u00ed 8. \u010dervna vys\u00eddlen\u00e9 osoby do centr\u00e1ln\u00edho centra pomoci, zat\u00edmco izrael\u0161t\u00ed voj\u00e1ci odpaluj\u00ed d\u00fdmovnice.<br \/>\n(Foto: Eyad\/Getty Images)<\/p>\n<p>Co bude d\u00e1l? Netrouf\u00e1m si d\u011blat \u017e\u00e1dn\u00e9 p\u0159edpov\u011bdi. Jedna v\u011bc je ale jist\u00e1: kone\u010dn\u00e1 humanit\u00e1rn\u00ed exploze je na spadnut\u00ed \u2013 v krvav\u00fdch jatk\u00e1ch v Gaze.<br \/>\nU\u017e to vid\u00edme: tis\u00edce lid\u00ed se tla\u010d\u00ed kolem potravinov\u00fdch bal\u00ed\u010dk\u016f. B\u011bhem prvn\u00edch osmi dn\u016f distribuce izrael\u0161t\u00ed a ameri\u010dt\u00ed dodavatel\u00e9 zast\u0159elili nejm\u00e9n\u011b 130 lid\u00ed a p\u0159es 700 jich bylo zran\u011bno. Vid\u00edme to na vyzbrojov\u00e1n\u00ed gang\u016f napojen\u00fdch na ISIS, kter\u00e9 rabuj\u00ed potraviny. Izrael c\u00edlen\u00fdmi \u00fatoky zlikvidoval stovky zam\u011bstnanc\u016f UNRWA, l\u00e9ka\u0159\u016f, novin\u00e1\u0159\u016f a policist\u016f. Ob\u010dansk\u00e1 spole\u010dnost se zhroutila \u2013 \u00famysln\u011b.<\/p>\n<p>M\u00e1m podez\u0159en\u00ed, \u017ee Izrael dovol\u00ed prora\u017een\u00ed hrani\u010dn\u00edho plotu s Egyptem. Zoufal\u00ed Palestinci uprchnou na Sinaj. Mo\u017en\u00e1 se to takhle nevyvine. Ale brzy p\u0159ijdou. Lid\u00e9 u\u017e moc dlouho nesnesou.<\/p>\n<p><strong>My<\/strong>\u00a0\u2013 spolupachatel\u00e9 z\u00e1padn\u00edch p\u0159ihl\u00ed\u017eej\u00edc\u00edch \u2013\u00a0<strong>jsme dos\u00e1hli sv\u00e9ho c\u00edle<\/strong>\u00a0: Gaza se vyprazd\u0148uje. Velk\u00fd Izrael se roz\u0161i\u0159uje.<br \/>\nOpona pad\u00e1 za touto \u017eiv\u011b vys\u00edlanou genocidou.<br \/>\nZvrhli jsme vzd\u011bl\u00e1v\u00e1n\u00ed o holocaustu \u2013 ne proto, abychom zabr\u00e1nili genocid\u011b, ale abychom dali Izraeli povolen\u00ed p\u00e1chat masov\u00e9 vra\u017edy. Film \u201e\u00a0<em>Nikdy znovu\u201c<\/em>\u00a0se stal fra\u0161kou.<br \/>\nP\u0159izn\u00e1n\u00ed: Pokud bychom mohli genocid\u011b zabr\u00e1nit, ale neud\u011bl\u00e1me to \u2013 jsme vinni.<br \/>\nA p\u0159esn\u011b to se d\u011bje.<br \/>\nGenocida jako ofici\u00e1ln\u00ed politika \u2013 podporovan\u00e1 ob\u011bma vl\u00e1dnouc\u00edmi stranami.<\/p>\n<p>Nen\u00ed u\u017e co \u0159\u00edct. Mo\u017en\u00e1 to je smysl: on\u011bm\u011bt n\u00e1m.<br \/>\nKdo se nec\u00edt\u00ed paralyzovan\u00fd?<br \/>\nMo\u017en\u00e1 je to z\u00e1m\u011br: paralyzovat n\u00e1s.<br \/>\nKdo nen\u00ed traumatizovan\u00fd?<br \/>\nMo\u017en\u00e1 je to pl\u00e1novan\u00e9.<br \/>\nNic, co ud\u011bl\u00e1me, z\u0159ejm\u011b nezastav\u00ed zab\u00edjen\u00ed.<br \/>\nC\u00edt\u00edme se bezmocn\u00ed. Bezmocn\u00ed.<br \/>\n<strong>Genocida jako pod\u00edvan\u00e1.<\/strong><\/p>\n<p>P\u0159estal jsem vid\u011bt ty obrazy:<br \/>\n\u0159ady mal\u00fdch t\u011bl pod prost\u011bradly.<br \/>\nS\u0165at\u00ed mu\u017ei a \u017eeny.<br \/>\nSp\u00e1len\u00e9 stany s rodinami uvnit\u0159.<br \/>\nD\u011bti bez kon\u010detin.<br \/>\nTv\u00e1\u0159e jako posmrtn\u00e9 masky pod troskami.<br \/>\nPl\u00e1\u010d. Kv\u00edlen\u00ed.<br \/>\nVyhubl\u00e9 tv\u00e1\u0159e.<br \/>\nU\u017e to nevydr\u017e\u00edm.<\/p>\n<p><strong>Tato genocida n\u00e1s bude pron\u00e1sledovat.<\/strong><br \/>\nBude se odr\u00e1\u017eet v d\u011bjin\u00e1ch jako tsunami.<br \/>\nRozd\u011bl\u00ed n\u00e1s nav\u017edy.<br \/>\nNen\u00ed cesty zp\u011bt.<\/p>\n<p>A jak si budeme pamatovat?<br \/>\n<strong>Zapom\u00edn\u00e1n\u00edm.<\/strong><\/p>\n<p>Jakmile to skon\u010d\u00ed, v\u0161ichni, kdo to podporovali nebo ignorovali, p\u0159ep\u00ed\u0161\u00ed svou historii.<br \/>\nStejn\u011b jako po roce 1945 nebyl t\u00e9m\u011b\u0159 nikdo nacistou.<br \/>\nStejn\u011b jako po skon\u010den\u00ed rasov\u00e9 segregace nebyl t\u00e9m\u011b\u0159 nikdo \u010dlenem Ku Klux Klanu.<br \/>\nN\u00e1rod nevinn\u00fdch.<br \/>\nOb\u011bt\u00ed.<br \/>\nBude to tak znovu.<br \/>\nV\u0161ichni si mysl\u00edme, \u017ee jsme zachr\u00e1nili Annu Frankovou.<br \/>\nAle pravda je: ze strachu by se t\u00e9m\u011b\u0159 ka\u017ed\u00fd zachr\u00e1nil \u2013 na \u00fakor ostatn\u00edch.<br \/>\nTo je skute\u010dn\u00e9 ponau\u010den\u00ed z holocaustu.<br \/>\nA proto mus\u00ed b\u00fdt vymaz\u00e1no.<\/p>\n<p>Omar El Akkad ve sv\u00e9 knize\u00a0<em>\u201eJednoho dne budou v\u0161ichni v\u017edy proti tomu\u201c<\/em>\u00a0p\u00ed\u0161e:<\/p>\n<p><em>Pokud dron zlikviduje n\u011bjakou bezejmennou osobu na druh\u00e9 stran\u011b sv\u011bta, kdo z n\u00e1s chce protestovat?<\/em><br \/>\n<em>Co kdy\u017e to byl skute\u010dn\u011b terorista?<\/em><br \/>\n<em>Co kdy\u017e, kdy\u017e se ozveme, budeme ozna\u010deni za sympatizanty terorist\u016f?<\/em><br \/>\n<em>Lid\u00e9 reaguj\u00ed nejsiln\u011bji na nejhor\u0161\u00ed\u00a0p\u0159edstaviteln\u00fd\u00a0sc\u00e9n\u00e1\u0159 \u2013<\/em><br \/>\n<em>pro n\u011bkter\u00e9 je to raketov\u00fd \u00fatok na jejich rodinu.<\/em><br \/>\n<em>Pro jin\u00e9 je to k\u0159ik na n\u011b.<\/em><\/p>\n<p>(M\u016fj rozhovor s El Akkadem najdete\u00a0<a href=\"https:\/\/chrishedges.substack.com\/p\/one-day-everyone-will-have-always\" target=\"_blank\" rel=\"noreferrer noopener\" data-type=\"link\" data-id=\"https:\/\/chrishedges.substack.com\/p\/one-day-everyone-will-have-always\">zde<\/a>\u00a0.)<\/p>\n<p><strong>Nem\u016f\u017eete zni\u010dit n\u00e1rod<\/strong>\u00a0, bombardovat ho 20 m\u011bs\u00edc\u016f kobercem, masakrovat ho, vyhladov\u011bt ho a vyhnat ho \u2013<br \/>\n<strong>bez n\u00e1sledk\u016f.<\/strong><br \/>\nGenocida skon\u010d\u00ed.<br \/>\nAle odpor proti tomuto st\u00e1tn\u00edmu teroru za\u010d\u00edn\u00e1.<\/p>\n<p>Ka\u017ed\u00fd, kdo si mysl\u00ed, \u017ee to nebude m\u00edt \u017e\u00e1dn\u00e9 n\u00e1sledky, nech\u00e1pe ani historii, ani lidskou povahu.<\/p>\n<p>Atent\u00e1t na dva izraelsk\u00e9 diplomaty ve Washingtonu, \u00fatok na proizraelsk\u00e9 demonstranty v Boulderu v Coloradu \u2013<br \/>\nto je jen za\u010d\u00e1tek.<\/p>\n<p>Chaim Engel, kter\u00fd se \u00fa\u010dastnil povst\u00e1n\u00ed v t\u00e1bo\u0159e smrti Sobibor, popsal, jak zabil eses\u00e1ka no\u017eem:<\/p>\n<p><em>\u201eNebylo to rozhodnut\u00ed. Prost\u011b reagujete instinktivn\u011b. \u0158ekl jsem si: Ud\u011blej to. A \u0161el jsem. \u0160el jsem s t\u00edm mu\u017eem do kancel\u00e1\u0159e a zabili jsme toho N\u011bmce. S ka\u017ed\u00fdm bodnut\u00edm jsem \u0159\u00edkal: Tohle je za m\u00e9ho otce. Za mou matku. Za v\u0161echny \u017didy, kter\u00e9 jste zavra\u017edil.\u201c<\/em><\/p>\n<p><strong>O\u010dek\u00e1v\u00e1 n\u011bkdo, \u017ee Palestinci budou reagovat jinak?<\/strong><br \/>\nJak by m\u011bli reagovat na genocidu, kdy\u017e Evropa a USA, tito samozvan\u00ed str\u00e1\u017eci civilizace, povra\u017edili jejich rodiny, ukradli jim p\u016fdu a zni\u010dili jejich m\u011bsta?<\/p>\n<p><strong>Jak m\u016f\u017eou nen\u00e1vid\u011bt?<\/strong><\/p>\n<p>Co tato genocida nau\u010dila glob\u00e1ln\u00ed Jih?<\/p>\n<p><strong>Poselstv\u00ed je jasn\u00e9<\/strong>\u00a0:<br \/>\nNepo\u010d\u00edt\u00e1te se.<br \/>\nHumanit\u00e1rn\u00ed pr\u00e1vo se na v\u00e1s nevztahuje.<br \/>\nVa\u0161e utrpen\u00ed, va\u0161e d\u011bti \u2013 o ty n\u00e1m nez\u00e1le\u017e\u00ed.<br \/>\nJste hav\u011b\u0165.<br \/>\nZaslou\u017e\u00edte si b\u00fdt zabiti, vyhladov\u011bni a vyvlastn\u011bni.<br \/>\nM\u011bli byste zmizet z povrchu zemsk\u00e9ho.<\/p>\n<p>El Akkad p\u00ed\u0161e:<\/p>\n<p><em>Aby se zachovaly \u201eciviliza\u010dn\u00ed hodnoty\u201c, je t\u0159eba zap\u00e1lit knihovnu.<\/em><br \/>\n<em>Vyhodit do pov\u011bt\u0159\u00ed me\u0161itu.<\/em><br \/>\n<em>P\u00e1lit olivovn\u00edky.<\/em><br \/>\n<em>Kr\u00e1st \u017een\u00e1m oble\u010den\u00ed a fotografovat je.<\/em><br \/>\n<em>Ni\u010dit univerzity.<\/em><br \/>\n<em>Zat\u00fdkat d\u011bti za sb\u011br zeleniny.<\/em><br \/>\n<em>St\u0159\u00edlet d\u011bti za h\u00e1zen\u00ed kamen\u016f.<\/em><br \/>\n<em>Demonstrovat v\u011bzn\u011b ve spodn\u00edm pr\u00e1dle.<\/em><br \/>\n<em>Vyrazit zuby.<\/em><br \/>\n<em>Po\u0161tvat psy na mu\u017ee s Downov\u00fdm syndromem.<\/em><br \/>\n<em>Jinak by mohl zv\u00edt\u011bzit \u201enecivilizovan\u00fd\u201c \u017eivot.<\/em><\/p>\n<p>Jsou lid\u00e9, kter\u00e9 zn\u00e1m u\u017e l\u00e9ta a se kter\u00fdmi u\u017e nikdy nepromluv\u00edm.<br \/>\nV\u011bd\u00ed, co se d\u011bje. Kdo ne?<br \/>\nNeriskuj\u00ed nic \u2013 jen svou kari\u00e9ru, sv\u00e9 postaven\u00ed, svou pov\u011bst.<br \/>\nNe sv\u00e9 \u017eivoty.<br \/>\nNe smrt.<br \/>\nKle\u010d\u00ed p\u0159ed sv\u00fdmi idoly \u2013 bohatstv\u00edm, uzn\u00e1n\u00edm, moc\u00ed.<br \/>\nUct\u00edvaj\u00ed je.<br \/>\nJsou zotro\u010deni.<\/p>\n<p><strong>U jejich nohou: des\u00edtky tis\u00edc zavra\u017ed\u011bn\u00fdch Palestinc\u016f.<\/strong><\/p>\n<\/div>\n<\/div>\n<div class=\"elementor-element elementor-element-8c57238 quelle dc-has-condition dc-condition-empty elementor-widget elementor-widget-heading\" data-id=\"8c57238\" data-element_type=\"widget\" data-widget_type=\"heading.default\">\n<div class=\"elementor-widget-container\">\n<h3 class=\"elementor-heading-title elementor-size-default\"><span style=\"font-size: 10pt;\"><a href=\"https:\/\/chrishedges.substack.com\/p\/the-last-days-of-gaza?utm_source=post-email-title&amp;publication_id=778851&amp;post_id=165539829&amp;utm_campaign=email-post-title&amp;isFreemail=true&amp;r=3uby4s&amp;triedRedirect=true&amp;utm_medium=email\" target=\"_blank\" rel=\"nofollow noopener\">Zdroj<\/a><\/span><\/h3>\n<p>&nbsp;<\/p>\n<\/div>\n<\/div>\n","protected":false},"excerpt":{"rendered":"<p>Toto je konec. Posledn\u00ed krv\u00ed nas\u00e1kl\u00e1 kapitola genocidy. Brzy skon\u010d\u00ed \u2013 maxim\u00e1ln\u011b za n\u011bkolik t\u00fddn\u016f&#8230;.<\/p>\n","protected":false},"author":2,"featured_media":81257,"comment_status":"closed","ping_status":"closed","sticky":false,"template":"","format":"standard","meta":[],"categories":[7],"tags":[348,178,107],"_links":{"self":[{"href":"https:\/\/www.infokuryr.cz\/n\/wp-json\/wp\/v2\/posts\/81256"}],"collection":[{"href":"https:\/\/www.infokuryr.cz\/n\/wp-json\/wp\/v2\/posts"}],"about":[{"href":"https:\/\/www.infokuryr.cz\/n\/wp-json\/wp\/v2\/types\/post"}],"author":[{"embeddable":true,"href":"https:\/\/www.infokuryr.cz\/n\/wp-json\/wp\/v2\/users\/2"}],"replies":[{"embeddable":true,"href":"https:\/\/www.infokuryr.cz\/n\/wp-json\/wp\/v2\/comments?post=81256"}],"version-history":[{"count":0,"href":"https:\/\/www.infokuryr.cz\/n\/wp-json\/wp\/v2\/posts\/81256\/revisions"}],"wp:featuredmedia":[{"embeddable":true,"href":"https:\/\/www.infokuryr.cz\/n\/wp-json\/wp\/v2\/media\/81257"}],"wp:attachment":[{"href":"https:\/\/www.infokuryr.cz\/n\/wp-json\/wp\/v2\/media?parent=81256"}],"wp:term":[{"taxonomy":"category","embeddable":true,"href":"https:\/\/www.infokuryr.cz\/n\/wp-json\/wp\/v2\/categories?post=81256"},{"taxonomy":"post_tag","embeddable":true,"href":"https:\/\/www.infokuryr.cz\/n\/wp-json\/wp\/v2\/tags?post=81256"}],"curies":[{"name":"wp","href":"https:\/\/api.w.org\/{rel}","templated":true}]}}