{"id":81243,"date":"2025-06-14T06:59:05","date_gmt":"2025-06-14T04:59:05","guid":{"rendered":"https:\/\/www.infokuryr.cz\/n\/?p=81243"},"modified":"2025-06-14T07:39:45","modified_gmt":"2025-06-14T05:39:45","slug":"putin-telefonicky-hovoril-s-izraelskym-premierem-a-iranskym-prezidentem","status":"publish","type":"post","link":"https:\/\/www.infokuryr.cz\/n\/2025\/06\/14\/putin-telefonicky-hovoril-s-izraelskym-premierem-a-iranskym-prezidentem\/","title":{"rendered":"Putin telefonicky hovo\u0159il s izraelsk\u00fdm premi\u00e9rem a \u00edr\u00e1nsk\u00fdm prezidentem"},"content":{"rendered":"<div id=\"fb-root\"><\/div>\n<h3>Rusk\u00fd prezident odsoudil izraelsk\u00fd \u00fatok a vyj\u00e1d\u0159il soustrast \u00cdr\u00e1nu, uvedla tiskov\u00e1 slu\u017eba Kremlu<\/h3>\n<p><span>Rusk\u00fd prezident Vladimir Putin telefonicky hovo\u0159il se sv\u00fdm \u00edr\u00e1nsk\u00fdm prot\u011bj\u0161kem Mas\u00fadem Peze\u0161kianem a izraelsk\u00fdm premi\u00e9rem Benjaminem Netanjahuem, aby projednali eskalaci na Bl\u00edzk\u00e9m v\u00fdchod\u011b po izraelsk\u00e9m \u00fatoku na \u00cdr\u00e1n.<\/span><\/p>\n<p><span>Izrael v noci spustil rozs\u00e1hl\u00fd \u00fatok na \u00cdr\u00e1n, jeho\u017e c\u00edlem byla jadern\u00e1 za\u0159\u00edzen\u00ed a r\u016fzn\u00e1 vojensk\u00e1 za\u0159\u00edzen\u00ed. \u00dadery pokra\u010dovaly i b\u011bhem dne a zp\u016fsobily zna\u010dn\u00e9 materi\u00e1ln\u00ed \u0161kody a ztr\u00e1ty nejvy\u0161\u0161\u00edmu vojensk\u00e9mu veden\u00ed \u00cdr\u00e1nu a \u00fadajn\u011b i v\u00fdznamn\u00fdm jadern\u00fdm v\u011bdc\u016fm.<\/span><\/p>\n<p><em><span>\u201eRusk\u00fd prezident vyj\u00e1d\u0159il soustrast veden\u00ed a lidu \u00cdr\u00e1nsk\u00e9 isl\u00e1msk\u00e9 republiky v souvislosti s \u010detn\u00fdmi lidsk\u00fdmi ob\u011b\u0165mi, v\u010detn\u011b civilist\u016f, kter\u00e9 vznikly v d\u016fsledku izraelsk\u00fdch \u00fader\u016f,\u201c<\/span><\/em><span>\u00a0uvedla v p\u00e1tek tiskov\u00e1 slu\u017eba Kremlu v prohl\u00e1\u0161en\u00ed.<\/span><\/p>\n<p><span>Rusko\u00a0<\/span><em><span>\u201eodsuzuje \u010diny Izraele, kter\u00e9 poru\u0161uj\u00ed Chartu OSN a mezin\u00e1rodn\u00ed pr\u00e1vo,\u201c<\/span><\/em><span>\u00a0zd\u016fraznil Putin podle prohl\u00e1\u0161en\u00ed. Rusk\u00fd v\u016fdce z\u00e1rove\u0148 vyj\u00e1d\u0159il ochotu zprost\u0159edkovat a\u00a0<\/span><em><span>\u201ei nad\u00e1le p\u0159isp\u00edvat k deeskalaci konfliktu mezi \u00cdr\u00e1nem a Izraelem\u201c.<\/span><\/em><\/p>\n<p><span>Putin tak\u00e9 zd\u016fraznil d\u016fle\u017eitost \u201en\u00e1vratu k procesu vyjedn\u00e1v\u00e1n\u00ed a \u0159e\u0161en\u00ed v\u0161ech ot\u00e1zek souvisej\u00edc\u00edch s \u00edr\u00e1nsk\u00fdm jadern\u00fdm programem v\u00fdhradn\u011b politick\u00fdmi a diplomatick\u00fdmi prost\u0159edky\u201c.\u00a0Varoval, \u017ee\u00a0<\/span><em><span>prob\u00edhaj\u00edc\u00ed eskalace \u201eje pln\u00e1 nejkatastrof\u00e1ln\u011bj\u0161\u00edch d\u016fsledk\u016f pro cel\u00fd region\u201c .<\/span><\/em><\/p>\n<p><span>K izraelsk\u00e9mu \u00fatoku do\u0161lo po p\u011bti kolech americko-\u00edr\u00e1nsk\u00fdch rozhovor\u016f o teher\u00e1nsk\u00e9m jadern\u00e9m programu, kter\u00e9 se fakticky zastavily a nep\u0159inesly \u017e\u00e1dn\u00fd hmatateln\u00fd v\u00fdsledek. \u0160est\u00e9 kolo jedn\u00e1n\u00ed se m\u011blo konat v ned\u011bli v Om\u00e1nu.<\/span><\/p>\n<p><span>\u00cdr\u00e1n sl\u00edbil odvetu za \u00fatok a trval na tom, \u017ee\u00a0<\/span><em><span>\u201enemohl b\u00fdt proveden bez koordinace a povolen\u00ed Spojen\u00fdch st\u00e1t\u016f\u201c.<\/span><\/em><span>\u00a0Americk\u00fd prezident Donald Trump prohl\u00e1sil, \u017ee o chystan\u00fdch \u00faderech v\u011bd\u011bl p\u0159edem, a ozna\u010dil je za\u00a0<\/span><em><span>\u201evelmi \u00fasp\u011b\u0161n\u00e9\u201c.<\/span><\/em><span>\u00a0Trump tak\u00e9 nazna\u010dil, \u017ee si Teher\u00e1n \u00fatok zp\u016fsobil s\u00e1m kv\u016fli sv\u00e9 \u00fadajn\u00e9 neochot\u011b uzav\u0159\u00edt jadernou dohodu.<\/span><\/p>\n<p><em><span>\u201eDali jsme jim \u0161anci a oni ji nevyu\u017eili. Dostali tvrdou r\u00e1nu, velmi tvrdou. Dostali asi tak tvrdou r\u00e1nu, jakou jen m\u016f\u017eete dostat vy. A dal\u0161\u00ed teprve p\u0159ijde. Mnohem dal\u0161\u00ed,\u201c<\/span><\/em><span>\u00a0\u0159ekl k \u00fatoku.<\/span><\/p>\n<p><img decoding=\"async\" loading=\"lazy\" class=\"alignnone size-full wp-image-1185\" src=\"http:\/\/www.infokuryr.cz\/n\/wp-content\/uploads\/2021\/04\/kuryr-podpis.png\" alt=\"\" width=\"84\" height=\"24\" \/><\/p>\n<p>&nbsp;<\/p>\n","protected":false},"excerpt":{"rendered":"<p>Rusk\u00fd prezident odsoudil izraelsk\u00fd \u00fatok a vyj\u00e1d\u0159il soustrast \u00cdr\u00e1nu, uvedla tiskov\u00e1 slu\u017eba Kremlu Rusk\u00fd prezident&#8230;<\/p>\n","protected":false},"author":2,"featured_media":72208,"comment_status":"closed","ping_status":"closed","sticky":false,"template":"","format":"standard","meta":[],"categories":[7],"tags":[38,107,102,5519],"_links":{"self":[{"href":"https:\/\/www.infokuryr.cz\/n\/wp-json\/wp\/v2\/posts\/81243"}],"collection":[{"href":"https:\/\/www.infokuryr.cz\/n\/wp-json\/wp\/v2\/posts"}],"about":[{"href":"https:\/\/www.infokuryr.cz\/n\/wp-json\/wp\/v2\/types\/post"}],"author":[{"embeddable":true,"href":"https:\/\/www.infokuryr.cz\/n\/wp-json\/wp\/v2\/users\/2"}],"replies":[{"embeddable":true,"href":"https:\/\/www.infokuryr.cz\/n\/wp-json\/wp\/v2\/comments?post=81243"}],"version-history":[{"count":0,"href":"https:\/\/www.infokuryr.cz\/n\/wp-json\/wp\/v2\/posts\/81243\/revisions"}],"wp:featuredmedia":[{"embeddable":true,"href":"https:\/\/www.infokuryr.cz\/n\/wp-json\/wp\/v2\/media\/72208"}],"wp:attachment":[{"href":"https:\/\/www.infokuryr.cz\/n\/wp-json\/wp\/v2\/media?parent=81243"}],"wp:term":[{"taxonomy":"category","embeddable":true,"href":"https:\/\/www.infokuryr.cz\/n\/wp-json\/wp\/v2\/categories?post=81243"},{"taxonomy":"post_tag","embeddable":true,"href":"https:\/\/www.infokuryr.cz\/n\/wp-json\/wp\/v2\/tags?post=81243"}],"curies":[{"name":"wp","href":"https:\/\/api.w.org\/{rel}","templated":true}]}}