{"id":81227,"date":"2025-06-14T06:56:21","date_gmt":"2025-06-14T04:56:21","guid":{"rendered":"https:\/\/www.infokuryr.cz\/n\/?p=81227"},"modified":"2025-06-14T06:56:21","modified_gmt":"2025-06-14T04:56:21","slug":"izrael-zahajil-operaci-rising-lion-proti-iranu","status":"publish","type":"post","link":"https:\/\/www.infokuryr.cz\/n\/2025\/06\/14\/izrael-zahajil-operaci-rising-lion-proti-iranu\/","title":{"rendered":"Izrael zah\u00e1jil operaci Rising Lion proti \u00cdr\u00e1nu"},"content":{"rendered":"<div id=\"fb-root\"><\/div>\n<p><strong><span>Izraelsk\u00fd premi\u00e9r Benjamin Netanjahu ozn\u00e1mil zah\u00e1jen\u00ed operace Vzn\u00e1\u0161ej\u00edc\u00ed se lev, jej\u00edm\u017e c\u00edlem je \u00edr\u00e1nsk\u00fd jadern\u00fd program. Izraelsk\u00fd ministr obrany Israel Katz ozna\u010dil akci za\u00a0<\/span><a href=\"https:\/\/fr.news.yahoo.com\/isra%C3%ABl-frappe-l-iran-l-050302668.html\" target=\"_blank\" rel=\"noopener\"><span>\u201epreventivn\u00ed \u00fader\u201c<\/span><\/a><span>\u00a0a varoval sv\u00e9 spoluob\u010dany p\u0159ed hrozbou mo\u017en\u00e9ho odvetn\u00e9ho \u00fatoku ze strany Teher\u00e1nu.<\/span><\/strong><\/p>\n<p><span>Podle IDF des\u00edtky letadel IAF dokon\u010dily\u00a0<\/span><a href=\"https:\/\/x.com\/IDF\/status\/1933324595471454495\" target=\"_blank\" rel=\"noopener\"><span>prvn\u00ed f\u00e1zi<\/span><\/a><span>\u00a0, kter\u00e1 zahrnovala \u00fadery na des\u00edtky vojensk\u00fdch c\u00edl\u016f, v\u010detn\u011b jadern\u00fdch c\u00edl\u016f v r\u016fzn\u00fdch regionech \u00cdr\u00e1nu.<\/span><\/p>\n<p><span>Byli zabiti t\u0159i nejvy\u0161\u0161\u00ed \u00edr\u00e1n\u0161t\u00ed vojen\u0161t\u00ed p\u0159edstavitel\u00e9, v\u010detn\u011b n\u00e1\u010deln\u00edka \u0161t\u00e1bu ozbrojen\u00fdch sil a velitele Isl\u00e1msk\u00fdch revolu\u010dn\u00edch gard (IRGC).<\/span><\/p>\n<p><span>\u00cdr\u00e1nsk\u00fd nejvy\u0161\u0161\u00ed v\u016fdce ajatoll\u00e1h Al\u00ed Chamene\u00ed prohl\u00e1sil, \u017ee izraelsk\u00e9 akce nez\u016fstanou bez odezvy. \u00cdr\u00e1nsk\u00e1 vl\u00e1da sl\u00edbila tvrdou reakci.<\/span><\/p>\n<p><span>Izraelsk\u00e9 \u010diny<\/span><\/p>\n<p><span>&#8211; V\u00edce ne\u017e 200 st\u00edha\u010dek za\u00fato\u010dilo na v\u00edce ne\u017e 100 c\u00edl\u016f v \u00cdr\u00e1nu, v\u010detn\u011b \u00fakryt\u016f vysok\u00fdch vojensk\u00fdch p\u0159edstavitel\u016f, uvedla IDF.<\/span><\/p>\n<p><span>&#8211; IDF tvrd\u00ed, \u017ee zlikvidovala t\u0159i nejvy\u0161\u0161\u00ed vojensk\u00e9 v\u016fdce \u00edr\u00e1nsk\u00e9ho re\u017eimu. Velitel Revolu\u010dn\u00edch gard Hossein Salami byl zabit.<\/span><\/p>\n<p><span>&#8211; \u00cdr\u00e1nsk\u00e1 m\u00e9dia tak\u00e9 informovala o smrti vysok\u00e9ho velitele Revolu\u010dn\u00ed gardy Gholama Al\u00edho Ra\u0161\u00edda a dvou p\u0159edn\u00edch jadern\u00fdch v\u011bdc\u016f.<\/span><\/p>\n<p><span>Netanjahu uvedl, \u017ee c\u00edlem operace je eliminovat \u201ehrozbu, kterou \u00cdr\u00e1n p\u0159edstavuje pro p\u0159e\u017eit\u00ed Izraele\u201c, a \u017ee bude trvat \u201etak dlouho, jak bude nutn\u00e9\u201c.\u00a0<\/span><\/p>\n<p><span>&#8211; \u0158ekl, \u017ee \u00fatoky byly zam\u011b\u0159eny na \u201esrdce \u00edr\u00e1nsk\u00e9ho jadern\u00e9ho programu\u201c, za\u0159\u00edzen\u00ed na obohacov\u00e1n\u00ed uranu v Natanzu, \u0161pi\u010dkov\u00e9 \u00edr\u00e1nsk\u00e9 jadern\u00e9 fyziky a srdce \u00edr\u00e1nsk\u00e9ho programu balistick\u00fdch raket.<\/span><\/p>\n<p><a href=\"https:\/\/x.com\/IDF\" target=\"_blank\" rel=\"noopener\"><span>&#8211; Podle mluv\u010d\u00ed IDF Effie Defrinov\u00e9 byla dokon\u010dena<\/span><\/a><span>\u00a0prvn\u00ed f\u00e1ze operace zahrnuj\u00edc\u00ed des\u00edtky letadel\u00a0, v\u010detn\u011b \u00fader\u016f na vojensk\u00e9 a jadern\u00e9 c\u00edle.<\/span><\/p>\n<p><span>&#8211; Izrael o\u010dek\u00e1v\u00e1 reakci v podob\u011b raketov\u00fdch \u00fatok\u016f a \u00fatok\u016f dron\u016f proti civiln\u00edmu obyvatelstvu. V 03:00 (UTC+3) byl vyd\u00e1n varovn\u00fd sign\u00e1l, kter\u00fd obyvatelstvu na\u0159izuje z\u016fstat v bl\u00edzkosti kryt\u016f.<\/span><\/p>\n<p><span>&#8211; N\u00e1\u010deln\u00edk gener\u00e1ln\u00edho \u0161t\u00e1bu IDF Herzi Halevi varoval, \u017ee izraelsk\u00e9 ztr\u00e1ty v p\u0159\u00edpad\u011b reakce by mohly b\u00fdt zna\u010dn\u00e9.<\/span><\/p>\n<p><span>&#8211; Izraelsk\u00fd vzdu\u0161n\u00fd prostor byl uzav\u0159en, stejn\u011b jako v\u0161echny termin\u00e1ly na leti\u0161ti Ben Guriona.<\/span><\/p>\n<p><span>D\u016fsledky<\/span><\/p>\n<p><span>&#8211; Podle agentury Fars bylo v Teher\u00e1nu sly\u0161et nejm\u00e9n\u011b\u00a0<\/span><a href=\"https:\/\/farsnews.ir\/showcase\" target=\"_blank\" rel=\"noopener\"><span>\u0161est exploz\u00ed<\/span><\/a><span>\u00a0. Ter\u010dem \u00fatok\u016f byla tak\u00e9 m\u011bsta Natanz, Choram\u00e1b\u00e1d a Hamed\u00e1n.<\/span><\/p>\n<p><span>&#8211; St\u00e1vky zas\u00e1hly obytn\u00e9 \u010dtvrti, kde s\u00eddl\u00ed vojen\u0161t\u00ed p\u0159edstavitel\u00e9, uv\u00e1d\u011bj\u00ed\u00a0<\/span><em><span>Al Jazeera<\/span><\/em><span>\u00a0a\u00a0<\/span><em><span>New York Times<\/span><\/em><span>\u00a0.<\/span><\/p>\n<p><span>&#8211; Ajatoll\u00e1h Chamene\u00ed jmenoval gener\u00e1la Ahmada Vah\u00edd\u00edho do \u010dela IRGC a Habiboll\u00e1ha Sajj\u00e1r\u00edho do \u010dela gener\u00e1ln\u00edho \u0161t\u00e1bu po smrti jejich p\u0159edch\u016fdc\u016f.<\/span><\/p>\n<p><span>&#8211; Podle agentury Tasnim\u00a0<\/span><a href=\"https:\/\/www.tasnimnews.com\/en\/news\/2025\/06\/13\/3334216\/reports-suggest-loss-of-at-least-6-iranian-nuclear-scientists-in-israeli-attacks\" target=\"_blank\" rel=\"noopener\"><span>bylo zabito<\/span><\/a><span>\u00a0\u0161est \u00edr\u00e1nsk\u00fdch jadern\u00fdch v\u00fdzkumn\u00edk\u016f .<\/span><\/p>\n<p><span>&#8211; \u00cdr\u00e1n informoval MAAE, \u017ee jadern\u00e1 elektr\u00e1rna v B\u00fa\u0161ehru nebyla zasa\u017eena a \u017ee v Natanzu nebyl zji\u0161t\u011bn \u017e\u00e1dn\u00fd n\u00e1r\u016fst radioaktivity.<\/span><\/p>\n<p><span>&#8211; \u00cdr\u00e1n tak\u00e9 uzav\u0159el sv\u016fj vzdu\u0161n\u00fd prostor.<\/span><\/p>\n<p><span>&#8211; V reakci na \u00fatok bylo proti Izraeli vypu\u0161t\u011bno v\u00edce ne\u017e 100 dron\u016f, uvedly izraelsk\u00e9 obrann\u00e9 s\u00edly.\u00a0<\/span><\/p>\n<p><span>Americk\u00fd ministr zahrani\u010d\u00ed Marco Rubio\u00a0<\/span><a href=\"https:\/\/www.bbc.com\/news\/articles\/cm2kd2k3mv7o\" target=\"_blank\" rel=\"noopener\"><span>uvedl, \u017ee<\/span><\/a><span>\u00a0\u00a0Izrael Washington informoval p\u0159edem, ale Spojen\u00e9 st\u00e1ty se \u00fader\u016f ne\u00fa\u010dastnily. Varoval \u00cdr\u00e1n, aby ne\u00fato\u010dil na americk\u00e9 s\u00edly.<\/span><\/p>\n<p><em><span>Informace z\u00edskan\u00e9 z otev\u0159en\u00fdch <a href=\"https:\/\/observateur-continental.fr\/?module=articles&amp;action=view&amp;id=6997\">zdroj\u016f<\/a><\/span><\/em><em>\u00a0<\/em><\/p>\n<p>&nbsp;<\/p>\n","protected":false},"excerpt":{"rendered":"<p>Izraelsk\u00fd premi\u00e9r Benjamin Netanjahu ozn\u00e1mil zah\u00e1jen\u00ed operace Vzn\u00e1\u0161ej\u00edc\u00ed se lev, jej\u00edm\u017e c\u00edlem je \u00edr\u00e1nsk\u00fd jadern\u00fd&#8230;<\/p>\n","protected":false},"author":2,"featured_media":81228,"comment_status":"closed","ping_status":"closed","sticky":false,"template":"","format":"standard","meta":[],"categories":[7],"tags":[1042,38,107,40],"_links":{"self":[{"href":"https:\/\/www.infokuryr.cz\/n\/wp-json\/wp\/v2\/posts\/81227"}],"collection":[{"href":"https:\/\/www.infokuryr.cz\/n\/wp-json\/wp\/v2\/posts"}],"about":[{"href":"https:\/\/www.infokuryr.cz\/n\/wp-json\/wp\/v2\/types\/post"}],"author":[{"embeddable":true,"href":"https:\/\/www.infokuryr.cz\/n\/wp-json\/wp\/v2\/users\/2"}],"replies":[{"embeddable":true,"href":"https:\/\/www.infokuryr.cz\/n\/wp-json\/wp\/v2\/comments?post=81227"}],"version-history":[{"count":0,"href":"https:\/\/www.infokuryr.cz\/n\/wp-json\/wp\/v2\/posts\/81227\/revisions"}],"wp:featuredmedia":[{"embeddable":true,"href":"https:\/\/www.infokuryr.cz\/n\/wp-json\/wp\/v2\/media\/81228"}],"wp:attachment":[{"href":"https:\/\/www.infokuryr.cz\/n\/wp-json\/wp\/v2\/media?parent=81227"}],"wp:term":[{"taxonomy":"category","embeddable":true,"href":"https:\/\/www.infokuryr.cz\/n\/wp-json\/wp\/v2\/categories?post=81227"},{"taxonomy":"post_tag","embeddable":true,"href":"https:\/\/www.infokuryr.cz\/n\/wp-json\/wp\/v2\/tags?post=81227"}],"curies":[{"name":"wp","href":"https:\/\/api.w.org\/{rel}","templated":true}]}}