{"id":8121,"date":"2022-02-08T04:54:16","date_gmt":"2022-02-08T03:54:16","guid":{"rendered":"http:\/\/www.infokuryr.cz\/n\/?p=8121"},"modified":"2022-02-08T04:54:16","modified_gmt":"2022-02-08T03:54:16","slug":"kdo-jsou-zahranicni-zoldaci-v-ukrajinskych-zakopech","status":"publish","type":"post","link":"https:\/\/www.infokuryr.cz\/n\/2022\/02\/08\/kdo-jsou-zahranicni-zoldaci-v-ukrajinskych-zakopech\/","title":{"rendered":"Kdo jsou zahrani\u010dn\u00ed \u017eold\u00e1ci v ukrajinsk\u00fdch z\u00e1kopech?"},"content":{"rendered":"<div id=\"fb-root\"><\/div>\n<p>Na soci\u00e1ln\u00edch s\u00edt\u00edch se na v\u00e1lku s Ruskem t\u011b\u0161\u00ed\u00a0 na ukrajinsko-don\u011bck\u00e9 linii ozbrojen\u00ed ciz\u00e1ci v mask\u00e1\u010d\u00edch. O koho jde? Mimo jin\u00e9 o \u010dleny obskurn\u00ed americk\u00e9 soukrom\u00e9 v\u00e1le\u010dn\u00e9 organizace Forward Observation Group. Pr\u00e1v\u011b tito v\u00e1le\u010dn\u00ed dobrodruzi by mohli event. i Ukrajinc\u016fm navzdory v\u00e1lku vyprovokovat.<\/p>\n<p>Jakkoli vypl\u00fdv\u00e1 i z vnit\u0159n\u00edch americk\u00fdch kruh\u016f, \u017ee velk\u00e1 v\u00e1lka s Ruskem by byla u ve\u0159ejnosti v\u011bt\u0161inov\u011b nep\u0159ijateln\u00e1, nota bena s ohro\u017een\u00edm americk\u00e9ho \u00fazem\u00ed, omezen\u00e1 v\u00e1lka na Donbasu, kde by USA tahaly za nitky, by byla jin\u00e1 k\u00e1va. Vlastn\u011b by to nebyla ani tak americk\u00e1 v\u00e1lka&#8230;<\/p>\n<p><a href=\"https:\/\/de.rt.com\/international\/130722-wer-sind-bewaffneten-amerikaner-im-donbass\/\">ZDROJ<\/a><\/p>\n<p>&nbsp;<\/p>\n","protected":false},"excerpt":{"rendered":"<p>Na soci\u00e1ln\u00edch s\u00edt\u00edch se na v\u00e1lku s Ruskem t\u011b\u0161\u00ed\u00a0 na ukrajinsko-don\u011bck\u00e9 linii ozbrojen\u00ed ciz\u00e1ci v&#8230;<\/p>\n","protected":false},"author":2,"featured_media":8122,"comment_status":"closed","ping_status":"closed","sticky":false,"template":"","format":"standard","meta":[],"categories":[7],"tags":[],"_links":{"self":[{"href":"https:\/\/www.infokuryr.cz\/n\/wp-json\/wp\/v2\/posts\/8121"}],"collection":[{"href":"https:\/\/www.infokuryr.cz\/n\/wp-json\/wp\/v2\/posts"}],"about":[{"href":"https:\/\/www.infokuryr.cz\/n\/wp-json\/wp\/v2\/types\/post"}],"author":[{"embeddable":true,"href":"https:\/\/www.infokuryr.cz\/n\/wp-json\/wp\/v2\/users\/2"}],"replies":[{"embeddable":true,"href":"https:\/\/www.infokuryr.cz\/n\/wp-json\/wp\/v2\/comments?post=8121"}],"version-history":[{"count":0,"href":"https:\/\/www.infokuryr.cz\/n\/wp-json\/wp\/v2\/posts\/8121\/revisions"}],"wp:featuredmedia":[{"embeddable":true,"href":"https:\/\/www.infokuryr.cz\/n\/wp-json\/wp\/v2\/media\/8122"}],"wp:attachment":[{"href":"https:\/\/www.infokuryr.cz\/n\/wp-json\/wp\/v2\/media?parent=8121"}],"wp:term":[{"taxonomy":"category","embeddable":true,"href":"https:\/\/www.infokuryr.cz\/n\/wp-json\/wp\/v2\/categories?post=8121"},{"taxonomy":"post_tag","embeddable":true,"href":"https:\/\/www.infokuryr.cz\/n\/wp-json\/wp\/v2\/tags?post=8121"}],"curies":[{"name":"wp","href":"https:\/\/api.w.org\/{rel}","templated":true}]}}