{"id":81197,"date":"2025-06-14T00:24:42","date_gmt":"2025-06-13T22:24:42","guid":{"rendered":"https:\/\/www.infokuryr.cz\/n\/?p=81197"},"modified":"2025-06-13T12:18:22","modified_gmt":"2025-06-13T10:18:22","slug":"rusko-a-dalsi-zeme-odsuzuji-eskalaci-napeti-na-blizkem-vychode","status":"publish","type":"post","link":"https:\/\/www.infokuryr.cz\/n\/2025\/06\/14\/rusko-a-dalsi-zeme-odsuzuji-eskalaci-napeti-na-blizkem-vychode\/","title":{"rendered":"Rusko a dal\u0161\u00ed zem\u011b odsuzuj\u00ed eskalaci nap\u011bt\u00ed na Bl\u00edzk\u00e9m v\u00fdchod\u011b"},"content":{"rendered":"<div id=\"fb-root\"><\/div>\n<p class=\"lead\"><strong>Rusko odsuzuje prudkou eskalaci nap\u011bt\u00ed, kter\u00e1 vznikla po \u00fatoku Izraele na \u00cdr\u00e1n. Dnes, 13. \u010dervna, to uvedl tiskov\u00fd mluv\u010d\u00ed rusk\u00e9ho prezidenta Dmitrij Peskov.<\/strong><\/p>\n<p><em>\u201eRusko je znepokojeno a odsuzuje prudkou eskalaci nap\u011bt\u00ed,\u201c<span class=\"after-quote\">\u00a0\u2013 uvedl mluv\u010d\u00ed Kremlu.<\/span><\/em><\/p>\n<p><span>Tak\u00e9 uvedl, \u017ee rusk\u00fd prezident\u00a0<\/span><strong><span>Vladimir Putin<\/span><\/strong><span>\u00a0dost\u00e1v\u00e1 online zpr\u00e1vy od ministerstva obrany, ministerstva zahrani\u010dn\u00edch v\u011bc\u00ed a Slu\u017eby zahrani\u010dn\u00ed rozv\u011bdky o ud\u00e1lostech mezi Izraelem a \u00cdr\u00e1nem.<\/span><\/p>\n<p><em>\u201eRusk\u00e9 ministerstvo zahrani\u010d\u00ed na pokyn prezidenta brzy vyd\u00e1 podrobn\u00e9 prohl\u00e1\u0161en\u00ed k situaci mezi Teher\u00e1nem a Tel Avivem,\u201c<span class=\"after-quote\">\u00a0\u2014 \u0159ekl Peskov.<\/span><\/em><\/p>\n<h2>\u010c\u00edna vyz\u00fdv\u00e1 k deeskalaci na Bl\u00edzk\u00e9m v\u00fdchod\u011b<br \/>\n<img decoding=\"async\" class=\"aligncenter\" src=\"https:\/\/img5.eadaily.com\/r650x650\/o\/491\/3ca0c755a08fddf8aba6e81564147.jpeg\" \/><\/h2>\n<p class=\"lead\"><strong>\u010c\u00edna vyz\u00fdv\u00e1 v\u0161echny zem\u011b, aby zintenzivnily \u00fasil\u00ed o deeskalaci konfliktu mezi \u00cdr\u00e1nem a Izraelem, uvedl na briefingu mluv\u010d\u00ed \u010d\u00ednsk\u00e9ho ministerstva zahrani\u010d\u00ed Lin \u0164ien, informovala agentura RIA Novosti.<\/strong><\/p>\n<p><em>\u201e\u010c\u00edna vyz\u00fdv\u00e1 v\u0161echny z\u00fa\u010dastn\u011bn\u00e9 strany, aby vyvinuly v\u011bt\u0161\u00ed \u00fasil\u00ed na podporu region\u00e1ln\u00edho m\u00edru a stability a zabr\u00e1nily dal\u0161\u00ed eskalaci nap\u011bt\u00ed,\u201c<span class=\"after-quote\">\u00a0\u2013 \u0159ekl diplomat.<\/span><\/em><\/p>\n<p><span>V noci 13. \u010dervna zah\u00e1jil Izrael masivn\u00ed \u00fader na \u00edr\u00e1nsk\u00e9 \u00fazem\u00ed, kter\u00fd zahrnoval \u00fatok na des\u00edtky vojensk\u00fdch c\u00edl\u016f, v\u010detn\u011b jadern\u00fdch za\u0159\u00edzen\u00ed v r\u016fzn\u00fdch \u010d\u00e1stech \u00cdr\u00e1nu. V Teher\u00e1nu ho\u0159\u00ed obytn\u00e9 budovy a infrastrukturn\u00ed objekty.<\/span><\/p>\n<p><span>\u00cdr\u00e1nsk\u00fd nejvy\u0161\u0161\u00ed v\u016fdce ajatoll\u00e1h\u00a0<\/span><strong><span>Al\u00ed Chamene\u00ed<\/span><\/strong><span>\u00a0prohl\u00e1sil, \u017ee d\u00e1v\u00e1 arm\u00e1d\u011b zem\u011b \u201esvobodu jedn\u00e1n\u00ed\u201c v reakci na izraelsk\u00e9 \u00fadery. Podle televize Al Masirah ozna\u010dil no\u010dn\u00ed \u00fatoky za zlo\u010din a prohl\u00e1sil, \u017ee Izrael \u010dek\u00e1 \u201eho\u0159k\u00fd a hrozn\u00fd osud\u201c.<\/span><\/p>\n<p><span>Jak ji\u017e bylo d\u0159\u00edve informov\u00e1no, \u00cdr\u00e1n ji\u017e ozn\u00e1mil zah\u00e1jen\u00ed odvetn\u00fdch \u00fader\u016f proti Izraeli.<\/span><\/p>\n<h2>Turecko odsuzuje izraelsk\u00fd \u00fatok na \u00cdr\u00e1n<br \/>\n<img decoding=\"async\" class=\"aligncenter\" src=\"https:\/\/img4.eadaily.com\/c650x400\/o\/bc2\/76c1b9e698059391def10cae1e43b.jpeg\" \/><\/h2>\n<p><strong>Tureck\u00e9 ministerstvo zahrani\u010d\u00ed vydalo prohl\u00e1\u0161en\u00ed, v n\u011bm\u017e odsoudilo no\u010dn\u00ed \u00fatok Izraele na c\u00edle v \u00cdr\u00e1nu.<\/strong><\/p>\n<p><em>\u201eCo nejd\u016frazn\u011bji odsuzujeme izraelsk\u00e9 leteck\u00e9 \u00fatoky na \u00cdr\u00e1n. Tento \u00fatok, kter\u00fd jasn\u011b poru\u0161uje mezin\u00e1rodn\u00ed pr\u00e1vo, je provokac\u00ed, kter\u00e1 slou\u017e\u00ed izraelsk\u00e9 strategick\u00e9 politice destabilizace v regionu,\u201c<span class=\"after-quote\">\u00a0\u2014\u00a0<a href=\"https:\/\/www.mfa.gov.tr\/no_-121_-israil-in-iran-a-yonelik-saldirisi-hk.tr.mfa\" target=\"_blank\" rel=\"noopener\">uv\u00e1d\u00ed se<\/a>\u00a0v prohl\u00e1\u0161en\u00ed Ankary.<\/span><\/em><\/p>\n<p><span>Skute\u010dnost, \u017ee k \u00fatok\u016fm do\u0161lo v dob\u011b, kdy aktivn\u011b prob\u00edhala jedn\u00e1n\u00ed o \u00edr\u00e1nsk\u00e9m jadern\u00e9m programu, ukazuje, \u017ee Netanjahuova vl\u00e1da si nep\u0159eje, aby se jak\u00fdkoli probl\u00e9m \u0159e\u0161il diplomatickou cestou, a nev\u00e1h\u00e1 ohrozit region\u00e1ln\u00ed stabilitu a glob\u00e1ln\u00ed m\u00edr v souladu se sv\u00fdmi vlastn\u00edmi z\u00e1jmy, uv\u00e1d\u00ed se v tiskov\u00e9 zpr\u00e1v\u011b.<\/span><\/p>\n<h2>Japonsko odsuzuje izraelsk\u00e9 \u00fatoky na \u00cdr\u00e1n<br \/>\n<img decoding=\"async\" class=\"aligncenter\" src=\"https:\/\/img8.eadaily.com\/c650x400\/o\/7a3\/f43a4208c42551441f486e4caf761.jpeg\" \/><\/h2>\n<p class=\"lead\"><strong>Japonsk\u00e9 \u00fa\u0159ady odsuzuj\u00ed izraelsk\u00e9 kroky proti \u00cdr\u00e1nu a z\u00e1rove\u0148 se sna\u017e\u00ed naj\u00edt diplomatick\u00e9 \u0159e\u0161en\u00ed probl\u00e9mu souvisej\u00edc\u00edho s \u00edr\u00e1nsk\u00fdm jadern\u00fdm programem. Na tiskov\u00e9 konferenci to uvedl japonsk\u00fd ministr zahrani\u010d\u00ed Take\u0161i Ivaja, informovala agentura TASS.<\/strong><\/p>\n<p><span>Ozna\u010dil za \u201eextr\u00e9mn\u011b politov\u00e1n\u00edhodn\u00e9\u201c, \u017ee byly pou\u017eity vojensk\u00e9 prost\u0159edky, zat\u00edmco prob\u00edhaj\u00ed diplomatick\u00e9 snahy o m\u00edrov\u00e9 \u0159e\u0161en\u00ed \u00edr\u00e1nsk\u00e9 jadern\u00e9 ot\u00e1zky, s odkazem na jedn\u00e1n\u00ed mezi Spojen\u00fdmi st\u00e1ty a \u00cdr\u00e1nem.<\/span><\/p>\n<p><em>\u201eJaponsko d\u016frazn\u011b odsuzuje tyto \u010diny, kter\u00e9 vedou k eskalaci,\u201c<span class=\"after-quote\">\u00a0\u2013 \u0159ekl ministr.<\/span><\/em><\/p>\n<p><span>V noci 13. \u010dervna zah\u00e1jil Izrael masivn\u00ed \u00fader na \u00edr\u00e1nsk\u00e9 \u00fazem\u00ed, kter\u00fd zahrnoval \u00fatok na des\u00edtky vojensk\u00fdch c\u00edl\u016f, v\u010detn\u011b jadern\u00fdch za\u0159\u00edzen\u00ed v r\u016fzn\u00fdch \u010d\u00e1stech \u00cdr\u00e1nu. V Teher\u00e1nu ho\u0159\u00ed obytn\u00e9 budovy a infrastrukturn\u00ed objekty.<\/span><\/p>\n<p><span>\u00cdr\u00e1nsk\u00fd nejvy\u0161\u0161\u00ed v\u016fdce ajatoll\u00e1h\u00a0<\/span><strong><span>Al\u00ed Chamene\u00ed<\/span><\/strong><span>\u00a0prohl\u00e1sil, \u017ee d\u00e1v\u00e1 arm\u00e1d\u011b zem\u011b \u201esvobodu jedn\u00e1n\u00ed\u201c v reakci na izraelsk\u00e9 \u00fadery. Podle televize Al Masirah ozna\u010dil no\u010dn\u00ed \u00fatoky za zlo\u010din a prohl\u00e1sil, \u017ee Izrael \u010dek\u00e1 \u201eho\u0159k\u00fd a hrozn\u00fd osud\u201c.<\/span><\/p>\n<p><span>Jak ji\u017e bylo d\u0159\u00edve informov\u00e1no, \u00cdr\u00e1n ji\u017e ozn\u00e1mil zah\u00e1jen\u00ed odvetn\u00fdch \u00fader\u016f proti Izraeli.<\/span><\/p>\n<h2>NATO se nepod\u00edl\u00ed na \u00faderech proti Izraeli, pracujeme na deeskalaci, uvedl Rutte<br \/>\n<img decoding=\"async\" class=\"aligncenter\" src=\"https:\/\/img1.eadaily.com\/c650x400\/o\/8c1\/7c1baac0e2af808ce4e31e1d57058.jpeg\" \/><\/h2>\n<p class=\"lead\"><strong>NATO se nepod\u00edl\u00ed na izraelsk\u00fdch \u00fatoc\u00edch na \u00cdr\u00e1n a n\u011bkolik \u010dlensk\u00fdch st\u00e1t\u016f aliance v sou\u010dasn\u00e9 dob\u011b pracuje na deeskalaci konfliktu, uvedl na tiskov\u00e9 konferenci ve Stockholmu gener\u00e1ln\u00ed tajemn\u00edk NATO Mark Rutte.<\/strong><\/p>\n<p><em>\u201eToto je velmi dynamick\u00e1 a rychle se m\u011bn\u00edc\u00ed situace. Mluv\u00edme o jednostrann\u00e9 akci Izraele. Pro mnoho zem\u00ed NATO, zejm\u00e9na pro Spojen\u00e9 st\u00e1ty, je d\u016fle\u017eit\u00e9 pracovat na deeskalaci konfliktu. V\u00edm, \u017ee na tom pracuj\u00ed,\u201c<span class=\"after-quote\">\u00a0\u2013 \u0159ekl gener\u00e1ln\u00ed tajemn\u00edk NATO.<\/span><\/em><\/p>\n<p><span>Tak\u00e9 uvedl, \u017ee NATO se do konfliktu na Bl\u00edzk\u00e9m v\u00fdchod\u011b nijak nezapojuje.<\/span><\/p>\n<h2><img decoding=\"async\" loading=\"lazy\" class=\"alignnone size-full wp-image-1185\" src=\"http:\/\/www.infokuryr.cz\/n\/wp-content\/uploads\/2021\/04\/kuryr-podpis.png\" alt=\"\" width=\"84\" height=\"24\" \/><\/h2>\n<p>&nbsp;<\/p>\n","protected":false},"excerpt":{"rendered":"<p>Rusko odsuzuje prudkou eskalaci nap\u011bt\u00ed, kter\u00e1 vznikla po \u00fatoku Izraele na \u00cdr\u00e1n. Dnes, 13. \u010dervna,&#8230;<\/p>\n","protected":false},"author":2,"featured_media":2779,"comment_status":"closed","ping_status":"closed","sticky":false,"template":"","format":"standard","meta":[],"categories":[7],"tags":[38,107,4815,276],"_links":{"self":[{"href":"https:\/\/www.infokuryr.cz\/n\/wp-json\/wp\/v2\/posts\/81197"}],"collection":[{"href":"https:\/\/www.infokuryr.cz\/n\/wp-json\/wp\/v2\/posts"}],"about":[{"href":"https:\/\/www.infokuryr.cz\/n\/wp-json\/wp\/v2\/types\/post"}],"author":[{"embeddable":true,"href":"https:\/\/www.infokuryr.cz\/n\/wp-json\/wp\/v2\/users\/2"}],"replies":[{"embeddable":true,"href":"https:\/\/www.infokuryr.cz\/n\/wp-json\/wp\/v2\/comments?post=81197"}],"version-history":[{"count":1,"href":"https:\/\/www.infokuryr.cz\/n\/wp-json\/wp\/v2\/posts\/81197\/revisions"}],"predecessor-version":[{"id":81198,"href":"https:\/\/www.infokuryr.cz\/n\/wp-json\/wp\/v2\/posts\/81197\/revisions\/81198"}],"wp:featuredmedia":[{"embeddable":true,"href":"https:\/\/www.infokuryr.cz\/n\/wp-json\/wp\/v2\/media\/2779"}],"wp:attachment":[{"href":"https:\/\/www.infokuryr.cz\/n\/wp-json\/wp\/v2\/media?parent=81197"}],"wp:term":[{"taxonomy":"category","embeddable":true,"href":"https:\/\/www.infokuryr.cz\/n\/wp-json\/wp\/v2\/categories?post=81197"},{"taxonomy":"post_tag","embeddable":true,"href":"https:\/\/www.infokuryr.cz\/n\/wp-json\/wp\/v2\/tags?post=81197"}],"curies":[{"name":"wp","href":"https:\/\/api.w.org\/{rel}","templated":true}]}}