{"id":81195,"date":"2025-06-14T00:23:48","date_gmt":"2025-06-13T22:23:48","guid":{"rendered":"https:\/\/www.infokuryr.cz\/n\/?p=81195"},"modified":"2025-06-13T12:09:50","modified_gmt":"2025-06-13T10:09:50","slug":"iran-oznamil-zahajeni-odvetnych-uderu-na-izrael","status":"publish","type":"post","link":"https:\/\/www.infokuryr.cz\/n\/2025\/06\/14\/iran-oznamil-zahajeni-odvetnych-uderu-na-izrael\/","title":{"rendered":"\u00cdr\u00e1n ozn\u00e1mil zah\u00e1jen\u00ed odvetn\u00fdch \u00fader\u016f na Izrael"},"content":{"rendered":"<div id=\"fb-root\"><\/div>\n<p class=\"lead\"><strong>\u00cdr\u00e1n ozn\u00e1mil zah\u00e1jen\u00ed odvetn\u00fdch \u00fader\u016f proti Izraeli, informoval Sputnik T\u00e1d\u017eikist\u00e1n.<\/strong><\/p>\n<p><span>Podle agentury se v sou\u010dasn\u00e9 dob\u011b stalo zn\u00e1m\u00fdm, \u017ee sm\u011brem k Izraeli byly vypu\u0161t\u011bny stovky bezpilotn\u00edch letoun\u016f Shahed.<\/span><\/p>\n<p><em>\u201eNezbytn\u00e9 kroky k tomu, aby nelegitimn\u00ed izraelsk\u00fd re\u017eim litoval toho, co ud\u011blal, za\u010daly od t\u00e9to chv\u00edle. My jsme v\u00e1lku neza\u010dali, ale posledn\u00ed kapitolu tohoto p\u0159\u00edb\u011bhu nap\u00ed\u0161e \u00cdr\u00e1n,\u201c<span class=\"after-quote\">\u00a0\u2014 cituje agentura \u00edr\u00e1nskou vl\u00e1du.<\/span><\/em><\/p>\n<p><span>Jak ji\u017e bylo d\u0159\u00edve informov\u00e1no, Izrael zah\u00e1jil masivn\u00ed \u00fader na \u00edr\u00e1nsk\u00e9 \u00fazem\u00ed, kter\u00fd zahrnoval \u00fatoky na des\u00edtky vojensk\u00fdch c\u00edl\u016f, v\u010detn\u011b jadern\u00fdch za\u0159\u00edzen\u00ed v r\u016fzn\u00fdch \u010d\u00e1stech \u00cdr\u00e1nu. V Teher\u00e1nu ho\u0159\u00ed obytn\u00e9 budovy a infrastrukturn\u00ed objekty.<\/span><\/p>\n<p><span>\u00cdr\u00e1nsk\u00fd nejvy\u0161\u0161\u00ed v\u016fdce ajatoll\u00e1h\u00a0<\/span><strong><span>Al\u00ed Chamene\u00ed<\/span><\/strong><span>\u00a0prohl\u00e1sil, \u017ee d\u00e1v\u00e1 arm\u00e1d\u011b zem\u011b \u201esvobodu jedn\u00e1n\u00ed\u201c v reakci na izraelsk\u00e9 \u00fadery. Podle televize Al Masirah ozna\u010dil no\u010dn\u00ed \u00fatoky za zlo\u010din a prohl\u00e1sil, \u017ee Izrael \u010dek\u00e1 \u201eho\u0159k\u00fd a hrozn\u00fd osud\u201c.<\/span><\/p>\n<h2>\u00cdr\u00e1nsk\u00e9 ministerstvo obrany vyhl\u00e1silo \u201ehon na krysy\u201c<br \/>\n<img decoding=\"async\" class=\"aligncenter\" src=\"https:\/\/img3.eadaily.com\/c650x400\/o\/272\/45ac1e0adc45eae5749c0f4a0a1f8.jpeg\" \/><\/h2>\n<p class=\"lead\"><strong>Televizn\u00ed kan\u00e1l \u00edr\u00e1nsk\u00e9ho ministerstva obrany\u00a0<a href=\"https:\/\/t.me\/IRIran_Military\/1657\" target=\"_blank\" rel=\"noopener\">vydal<\/a>\u00a0kr\u00e1tkou zpr\u00e1vu: \u201eJe \u010das lovit krysy.\u201c V celost\u00e1tn\u00ed televizi byly \u010dern\u00e9 smute\u010dn\u00ed vlajky nahrazeny n\u00e1rodn\u00edmi s vysv\u011btlen\u00edm: \u201eSmutek skon\u010dil \u2013 nyn\u00ed za\u010d\u00edn\u00e1 pochod ke sl\u00e1v\u011b.\u201c<\/strong><\/p>\n<p><span>Kan\u00e1l tak\u00e9 zve\u0159ejnil fotografie \u00edr\u00e1nsk\u00fdch speci\u00e1ln\u00edch jednotek a des\u00edtek balistick\u00fdch raket v podzemn\u00edch krytech.<\/span><\/p>\n<p><span>Z\u00e1rove\u0148 \u00edr\u00e1nsk\u00e9 ministerstvo obrany potvrdilo smrt n\u011bkolika vojensk\u00fdch v\u016fdc\u016f p\u0159i izraelsk\u00e9m \u00fatoku t\u00e9 noci:<\/span><\/p>\n<p><em>\u201eS hlubok\u00fdm z\u00e1rmutkem\u2026 oznamujeme mu\u010dednickou smrt vysok\u00fdch velitel\u016f Isl\u00e1msk\u00fdch revolu\u010dn\u00edch gard (IRGC) \u2013 gener\u00e1lmajora\u00a0<strong>Mohammada Bagheriho<\/strong>\u00a0(n\u00e1\u010deln\u00edka gener\u00e1ln\u00edho \u0161t\u00e1bu ozbrojen\u00fdch sil), gener\u00e1lmajora\u00a0<strong>Gholama Al\u00edho Ra\u0161\u00edda<\/strong>\u00a0(velitele \u00fast\u0159edn\u00edho velitelstv\u00ed Chat\u00e1m al-Anb\u00edja) a gener\u00e1lmajora\u00a0<strong>Hosejna Sal\u00e1m\u00edho<\/strong>\u00a0(vrchn\u00edho velitele IRGC) \u2013 a tak\u00e9 \u0159ady v\u00e1\u017een\u00fdch akademik\u016f, spoluob\u010dan\u016f a zejm\u00e9na nevinn\u00fdch \u017een a d\u011bt\u00ed v d\u016fsledku zlo\u010dinn\u00e9ho leteck\u00e9ho \u00fatoku sionistick\u00e9ho re\u017eimu.\u201c<\/em><\/p>\n<p><span>\u00cdr\u00e1nsk\u00e9 ministerstvo obrany uvedlo, \u017ee odveta je nyn\u00ed \u201eposv\u00e1tn\u00fdm posl\u00e1n\u00edm a bude pokra\u010dovat, dokud nebude u\u010din\u011bno zadost spravedlnosti\u201c.<\/span><\/p>\n<p><em>\u201eNyn\u00ed, kdy\u017e sionistick\u00fd okupa\u010dn\u00ed re\u017eim p\u0159ekro\u010dil v\u0161echny \u010derven\u00e9 \u010d\u00e1ry, neexistuj\u00ed \u017e\u00e1dn\u00e9 omezen\u00ed pro \u00edr\u00e1nskou reakci,\u201c<span class=\"after-quote\">\u00a0\u2014 uv\u00e1d\u00ed se v prohl\u00e1\u0161en\u00ed.<\/span><\/em><\/p>\n<h2><img decoding=\"async\" loading=\"lazy\" class=\"alignnone size-full wp-image-1185\" src=\"http:\/\/www.infokuryr.cz\/n\/wp-content\/uploads\/2021\/04\/kuryr-podpis.png\" alt=\"\" width=\"84\" height=\"24\" \/><\/h2>\n<p>&nbsp;<\/p>\n","protected":false},"excerpt":{"rendered":"<p>\u00cdr\u00e1n ozn\u00e1mil zah\u00e1jen\u00ed odvetn\u00fdch \u00fader\u016f proti Izraeli, informoval Sputnik T\u00e1d\u017eikist\u00e1n. Podle agentury se v sou\u010dasn\u00e9&#8230;<\/p>\n","protected":false},"author":2,"featured_media":81196,"comment_status":"closed","ping_status":"closed","sticky":false,"template":"","format":"standard","meta":[],"categories":[7],"tags":[38,107,40],"_links":{"self":[{"href":"https:\/\/www.infokuryr.cz\/n\/wp-json\/wp\/v2\/posts\/81195"}],"collection":[{"href":"https:\/\/www.infokuryr.cz\/n\/wp-json\/wp\/v2\/posts"}],"about":[{"href":"https:\/\/www.infokuryr.cz\/n\/wp-json\/wp\/v2\/types\/post"}],"author":[{"embeddable":true,"href":"https:\/\/www.infokuryr.cz\/n\/wp-json\/wp\/v2\/users\/2"}],"replies":[{"embeddable":true,"href":"https:\/\/www.infokuryr.cz\/n\/wp-json\/wp\/v2\/comments?post=81195"}],"version-history":[{"count":0,"href":"https:\/\/www.infokuryr.cz\/n\/wp-json\/wp\/v2\/posts\/81195\/revisions"}],"wp:featuredmedia":[{"embeddable":true,"href":"https:\/\/www.infokuryr.cz\/n\/wp-json\/wp\/v2\/media\/81196"}],"wp:attachment":[{"href":"https:\/\/www.infokuryr.cz\/n\/wp-json\/wp\/v2\/media?parent=81195"}],"wp:term":[{"taxonomy":"category","embeddable":true,"href":"https:\/\/www.infokuryr.cz\/n\/wp-json\/wp\/v2\/categories?post=81195"},{"taxonomy":"post_tag","embeddable":true,"href":"https:\/\/www.infokuryr.cz\/n\/wp-json\/wp\/v2\/tags?post=81195"}],"curies":[{"name":"wp","href":"https:\/\/api.w.org\/{rel}","templated":true}]}}