{"id":81193,"date":"2025-06-14T00:21:32","date_gmt":"2025-06-13T22:21:32","guid":{"rendered":"https:\/\/www.infokuryr.cz\/n\/?p=81193"},"modified":"2025-06-13T12:39:43","modified_gmt":"2025-06-13T10:39:43","slug":"spojeni-sil-je-cas-aby-se-zide-sjednotili-v-boji-proti-sionismu-apartheidu-a-genocide","status":"publish","type":"post","link":"https:\/\/www.infokuryr.cz\/n\/2025\/06\/14\/spojeni-sil-je-cas-aby-se-zide-sjednotili-v-boji-proti-sionismu-apartheidu-a-genocide\/","title":{"rendered":"Spojen\u00ed sil: Je \u010das, aby se \u017did\u00e9 sjednotili v boji proti sionismu, apartheidu a genocid\u011b"},"content":{"rendered":"<div id=\"fb-root\"><\/div>\n<p><strong>Prvn\u00ed \u017eidovsk\u00fd antisionistick\u00fd kongres se bude konat od 13. do 15. \u010dervna ve V\u00eddni v Rakousku s c\u00edlem zes\u00edlit \u017eidovsk\u00e9 hlasy proti sionismu a podpo\u0159it glob\u00e1ln\u00ed hnut\u00ed za spravedlnost a osvobozen\u00ed v Palestin\u011b.<\/strong><\/p>\n<p>Antisionismus je stejn\u011b star\u00fd jako politick\u00fd sionismus. Ob\u011b hnut\u00ed se zrodila ve stejn\u00e9m roce, 1896. Jedno bylo mal\u00e9 hnut\u00ed, kter\u00e9 zalo\u017eil v\u00edde\u0148sk\u00fd novin\u00e1\u0159 Theodor Herzl, zat\u00edmco druh\u00e9 bylo masov\u00e9 hnut\u00ed \u017eidovsk\u00fdch d\u011bln\u00edk\u016f ve v\u00fdchodn\u00ed Evrop\u011b a Rusku \u2013 Socialistick\u00e1 labouristick\u00e1 strana Bund. Zat\u00edmco se Bund stal velk\u00fdm hnut\u00edm v n\u011bkolika v\u00fdchodoevropsk\u00fdch zem\u00edch \u2013 nap\u0159\u00edklad v Polsku byl druhou nejv\u011bt\u0161\u00ed stranou v polsk\u00e9m Seymu \u2013 sionismus reprezentoval m\u00e9n\u011b ne\u017e 1 % \u017eidovsk\u00e9 populace v Evrop\u011b. B\u011bhem velk\u00e9ho obdob\u00ed \u017eidovsk\u00e9 emigrace z v\u00fdchodn\u00ed Evropy, kter\u00e9 za\u010dalo v roce 1881, emigrovaly miliony \u017did\u016f do Severn\u00ed a Ji\u017en\u00ed Ameriky, Brit\u00e1nie, Ji\u017en\u00ed Afriky a Austr\u00e1lie. B\u011bhem stejn\u00e9ho obdob\u00ed emigrovalo n\u011bkolik tis\u00edc sionistick\u00fdch \u017did\u016f do Palestiny.<\/p>\n<p>Neb\u00fdt Hitlera, sionismus by s nejv\u011bt\u0161\u00ed pravd\u011bpodobnost\u00ed z\u016fstal malou a bezv\u00fdznamnou \u017eidovskou koloni\u00ed v Palestin\u011b. \u0160est milion\u016f \u017did\u016f, kte\u0159\u00ed zem\u0159eli b\u011bhem holocaustu, nebyli sionist\u00e9 \u2013 v\u011bt\u0161ina z nich byla antisionistick\u00e1, a\u0165 u\u017e jako bund\u0161t\u00ed socialist\u00e9, nebo ultraortodoxn\u00ed v\u011b\u0159\u00edc\u00ed \u017did\u00e9, kte\u0159\u00ed vn\u00edmali sionismus jako extr\u00e9mn\u011b antisemitsk\u00fd. Vyhlazen\u00edm velk\u00fdch \u017eidovsk\u00fdch komunit v Evrop\u011b nacist\u00e9 zlikvidovali antisionismus a zanechali po sob\u011b asi 250 000 p\u0159e\u017eiv\u0161\u00edch, v\u011bt\u0161inou uv\u011bzn\u011bn\u00fdch v evropsk\u00fdch t\u00e1borech pro rozeslan\u00e9 osoby po druh\u00e9 sv\u011btov\u00e9 v\u00e1lce. Evropa, USA, Velk\u00e1 Brit\u00e1nie, Kanada a zbytek Z\u00e1padu se zdr\u00e1haly p\u0159ijmout jak\u00e9koli p\u0159e\u017eiv\u0161\u00ed, pokud by si to mohly dovolit. Tak\u017ee m\u00edsto toho, aby zlomen\u00fdm lidem, kte\u0159\u00ed p\u0159e\u017eili nacisty, nab\u00eddli domov v jejich vlastn\u00ed zemi, poslali je prost\u011b do Palestiny \u2013 pry\u010d z o\u010d\u00ed, pry\u010d z mysli. To je jeden z hlavn\u00edch d\u016fvod\u016f, pro\u010d tyto st\u00e1ty v roce 1947 hlasovaly pro rozd\u011blen\u00ed Palestiny \u2013 v\u011bt\u0161\u00ed \u010d\u00e1st \u2013 55 % \u2013 pro sionismus, p\u0159i\u010dem\u017e zbytek \u2013 44 % \u2013 byl \u201ed\u00e1n\u201c domorod\u00e9mu obyvatelstvu, Palestinc\u016fm, kte\u0159\u00ed tvo\u0159ili velkou v\u011bt\u0161inu \u2013 v\u00edce ne\u017e dv\u011b t\u0159etiny \u2013 populace. Tento druh spravedlnosti Z\u00e1pad od t\u00e9 doby v\u016f\u010di Palestin\u011b uplat\u0148uje.<\/p>\n<p>Nakba v roce 1948 je\u0161t\u011b zhor\u0161ila krutou nespravedlnost, kterou OSN sp\u00e1chala, kdy\u017e p\u0159ipravila Palestince o 55 % jejich \u00fazem\u00ed, aby na\u0161la m\u00edsto pro ob\u011bti evropsk\u00e9ho fa\u0161ismu a nacismu \u2013 konflikt, na kter\u00e9m se Palestinci ani jin\u00ed Arabov\u00e9 nijak nepod\u00edleli. Tato nespravedlnost, kterou se OSN rozhodla ne\u0159e\u0161it krom\u011b p\u0159ijet\u00ed rezoluc\u00ed, kter\u00e9 Izrael ignoroval, se v roce 1967 jen prohloubila, kdy\u017e Izrael p\u0159evzal kontrolu nad celou Palestinou a za\u010dal ji neleg\u00e1ln\u011b osidlovat. Dnes Palestinci nekontroluj\u00ed ani 5 % sv\u00e9 vlastn\u00ed zem\u011b.<\/p>\n<p>Navzdory tomu se OSN vyh\u00fdb\u00e1 jak\u00fdmkoli sankc\u00edm proti Izraeli. V\u0161echny snahy o zah\u00e1jen\u00ed sankc\u00ed Z\u00e1pad vetoval. Takov\u00e1 je situace od roku 1948, ale nemus\u00ed to tak b\u00fdt.<\/p>\n<p>Zat\u00edmco Z\u00e1pad, veden\u00fd USA, automaticky vetuje v\u0161echny rezoluce Rady bezpe\u010dnosti proti Izraeli, nem\u016f\u017ee vetovat rezoluce Valn\u00e9ho shrom\u00e1\u017ed\u011bn\u00ed OSN, kter\u00e9 p\u0159edstavuj\u00ed mezin\u00e1rodn\u00ed pr\u00e1vo. V roce 1974 Valn\u00e9 shrom\u00e1\u017ed\u011bn\u00ed OSN hlasovalo pro pozastaven\u00ed \u010dlenstv\u00ed Jihoafrick\u00e9 republiky za zlo\u010din apartheidu. Toto rozhodnut\u00ed bylo schv\u00e1leno velkou v\u011bt\u0161inou \u2013 91 pro, 22 proti. V\u011bt\u0161ina Z\u00e1padu, veden\u00e1 USA, Spojen\u00fdm kr\u00e1lovstv\u00edm a Franci\u00ed, hlasovala\u00a0<em>proti<\/em>\u00a0. Jihoafrick\u00e1 republika byla znovu p\u0159ijata a\u017e v roce 1994 za prezidenta Mandely.<\/p>\n<p>Neexistuje d\u016fvod, pro\u010d by se to nemohlo opakovat. Pokud je to spr\u00e1vn\u00fd krok proti zlo\u010dinu apartheidu, o kolik opr\u00e1vn\u011bn\u011bj\u0161\u00ed je proti izraelsk\u00fdm zlo\u010din\u016fm, v\u010detn\u011b genocidy, masov\u00e9ho hladov\u011bn\u00ed, odep\u0159en\u00ed l\u00e9k\u016f, masov\u00e9ho ni\u010den\u00ed dom\u016f, univerzit, \u0161kol, me\u0161it a z\u00e1kladn\u00edch slu\u017eeb v\u010detn\u011b \u010di\u0161t\u011bn\u00ed vody, likvidace odpadn\u00edch vod, v\u00fdroby elekt\u0159iny, silnic a zem\u011bd\u011blsk\u00e9 p\u016fdy \u2013 to v\u0161e bylo bombardov\u00e1n\u00edm srovn\u00e1no s existenc\u00ed. Zd\u00e1 se, \u017ee neexistuje v\u00e1le\u010dn\u00fd zlo\u010din, kter\u00fd by Izrael v Gaze nesp\u00e1chal, s plnou podporou, financov\u00e1n\u00edm a v\u00fdzbroj\u00ed dodanou Z\u00e1padem.<\/p>\n<p>Prvn\u00ed\u00a0<a href=\"https:\/\/www.juedisch-antizionistisch.at\/en\">\u017eidovsk\u00fd antisionistick\u00fd kongres<\/a>\u00a0se bude konat od 13. do 15. \u010dervna ve V\u00eddni, rodn\u00e9m m\u011bst\u011b Theodora Herzla, otce politick\u00e9ho sionismu. Jeho c\u00edlem je vyu\u017e\u00edt hlas antisionistick\u00fdch \u017did\u016f, jejich\u017e po\u010det v posledn\u00edm desetilet\u00ed, zejm\u00e9na od 7. \u0159\u00edjna 2023, celosv\u011btov\u011b vzrostl, k napom\u00e1h\u00e1n\u00ed nezbytn\u00e9 a nal\u00e9hav\u00e9 zm\u011bn\u011b postoje Z\u00e1padu ke zlo\u010din\u016fm sionismu.<\/p>\n<p>V\u011b\u0159\u00edme, \u017ee je z\u00e1sadn\u00ed vytvo\u0159it mezin\u00e1rodn\u00ed politick\u00e9 hnut\u00ed za ukon\u010den\u00ed sionismu a dekolonizaci Palestiny. Skute\u010dnou organizac\u00ed zastupuj\u00edc\u00ed palestinskou ob\u010danskou spole\u010dnost je hnut\u00ed BDS\/BNC, s n\u00edm\u017e jsme spojeni, kter\u00e9 pln\u011b podporujeme a kter\u00e9 bude v\u00e9st. R\u016fzn\u00e9 progresivn\u00ed s\u00edly v Evrop\u011b i jinde se za n\u00edm mus\u00ed sjednotit a douf\u00e1me, \u017ee Kongres tomuto procesu napom\u016f\u017ee. M\u00e1me v \u00famyslu umo\u017enit opozici v\u016f\u010di sionismu a pomoci Palestin\u011b z\u00edskat podporu po cel\u00e9m sv\u011bt\u011b; pova\u017eujeme se za ned\u00edlnou sou\u010d\u00e1st takov\u00e9ho hnut\u00ed.<\/p>\n<p>Vzhledem k tomu, \u017ee \u017did\u00e9 \u017eij\u00ed p\u0159ev\u00e1\u017en\u011b na Z\u00e1pad\u011b a tvo\u0159\u00ed sou\u010d\u00e1st jeho delikventn\u00edch elit, tento boj nen\u00ed jen proti sionismu v Palestin\u011b, ale i proti na\u0161im vlastn\u00edm z\u00e1padn\u00edm vl\u00e1d\u00e1m, elit\u00e1m a hlubok\u00fdm st\u00e1t\u016fm, kter\u00e9 napom\u00e1haj\u00ed a podn\u011bcuj\u00ed izraelsk\u00e9 zlo\u010diny. Palestina by se m\u011bla st\u00e1t lakmusov\u00fdm pap\u00edrkem ka\u017ed\u00e9 \u201edemokracie\u201c na Z\u00e1pad\u011b. Mus\u00edme tento boj budovat spole\u010dn\u011b se v\u0161emi progresivn\u00edmi a socialistick\u00fdmi skupinami v\u0161ude na sv\u011bt\u011b, s ohledem na to, \u017ee n\u011bkter\u00e9 ml\u010d\u00ed nebo se zdr\u00e1haj\u00ed jednat otev\u0159en\u011b kv\u016fli politick\u00e9mu \u00fatlaku ve sv\u00e9 spole\u010dnosti. N\u011bkter\u00e9 \u201elevicov\u00e9\u201c organizace v Evrop\u011b dokonce podporuj\u00ed Izrael, nap\u0159\u00edklad v N\u011bmecku a Rakousku.<\/p>\n<p>Ale to se m\u011bn\u00ed. Nap\u0159\u00ed\u010d spole\u010dnost\u00ed se objevuje \u0161irok\u00fd odpor v\u016f\u010di sionismu, n\u011bkdy ne\u010dekan\u011b, proto\u017ee si lid\u00e9 uv\u011bdomuj\u00ed, \u017ee st\u00e1t vyu\u017e\u00edv\u00e1 podporu Palestiny jako z\u00e1minku proti svobod\u011b projevu a jedn\u00e1n\u00ed. A tady p\u0159ich\u00e1z\u00edme na \u0159adu my.<\/p>\n<p>Kongres sdru\u017euje glob\u00e1ln\u00ed hlasy proti zlo\u010din\u016fm sionistick\u00e9ho osadnick\u00e9ho kolonialismu, praktikovan\u00e9ho a podporovan\u00e9ho po cel\u00e9m Z\u00e1pad\u011b, proti Palestinc\u016fm a jejich p\u0159\u00edznivc\u016fm. Kongres je organizov\u00e1n \u017didy a Palestinci, ale je pro v\u0161echny. \u010clov\u011bk nemus\u00ed b\u00fdt \u017did, aby se postavil proti sionismu. Douf\u00e1me v n\u011bkter\u00e9 z n\u00e1sleduj\u00edc\u00edch v\u011bc\u00ed:<\/p>\n<ul>\n<li>Ud\u00e1lost spojuj\u00edc\u00ed antisionistick\u00e9 \u017didy, Izraelce, Palestince a v\u0161echny ostatn\u00ed skupiny \u2013 \u010dernochy, Araby, muslimy, feministky, environmentalisty a dal\u0161\u00ed \u2013 proti d\u011bsiv\u00fdm zlo\u010din\u016fm sionismu proti lidskosti, mezin\u00e1rodn\u00edmu pr\u00e1vu, \u017eivotn\u00edmu prost\u0159ed\u00ed, politick\u00e9 spravedlnosti, n\u00e1bo\u017eensk\u00fdm princip\u016fm \u2013 a proti Palestinc\u016fm. Je to tak\u00e9 zlo\u010din proti \u017did\u016fm, pop\u00edraj\u00edc\u00ed historii spole\u010dn\u00e9 existence v Palestin\u011b po v\u00edce ne\u017e tis\u00edc let, a\u017e do p\u0159\u00edchodu sionistick\u00fdch kolonist\u016f.<\/li>\n<li>Jasn\u00e1 v\u00fdzva v\u0161em ob\u010dan\u016fm, bez ohledu na jejich politick\u00e9 n\u00e1zory, n\u00e1bo\u017eenstv\u00ed \u010di historii \u2013 aby se sjednotili proti toxick\u00e9mu sionismu, jeho bezpr\u00e1v\u00ed, brutalit\u011b, supremacizmu, rasismu a naprost\u00e9 krutosti.<\/li>\n<li>\u017didovsk\u00fd antisionistick\u00fd hlas demonstruje mor\u00e1ln\u00ed s\u00edlu, progresivn\u00ed historii, pr\u00e1vn\u00ed s\u00edlu a mor\u00e1lku sou\u017eit\u00ed \u2013 t\u00edm, \u017ee se p\u0159ipojuje k boji proti sionismu, bojuje na palestinsk\u00e9 stran\u011b nejen za osvobozen\u00ed Palestiny \u2013 ale tak\u00e9 za osvobozen\u00ed judaismu od sionismu.<\/li>\n<\/ul>\n<p>Mandela i arcibiskup Tutu n\u00e1m p\u0159ipomn\u011bli, \u017ee \u201enikdo z n\u00e1s nen\u00ed svobodn\u00fd, dokud nebude svobodn\u00e1 Palestina!\u201c. \u017didovsk\u00fd partner Mandely, v\u016fdce ozbrojen\u00e9ho boje v Ji\u017en\u00ed Africe, Ronnie Kasrils, na podporu Kongresu prohl\u00e1sil:<\/p>\n<p><em>\u201eOt\u00e1zka shrom\u00e1\u017ed\u011bn\u00ed \u017eidovsk\u00fdch antisionist\u016f z cel\u00e9ho sv\u011bta na takov\u00e9m kongresu m\u00e1 tedy historick\u00fd v\u00fdznam. A je to samoz\u0159ejm\u011b projekt, je to rozpracovan\u00e1 pr\u00e1ce. Organiz\u00e1to\u0159i netvrd\u00ed, \u017ee reprezentuj\u00ed kone\u010dn\u00fd pohled a krystalizov\u00e1n\u00ed toho, o co v tomto p\u0159\u00edpad\u011b jde.\u201c<\/em><\/p>\n<p><em>Ale je to krok k vytvo\u0159en\u00ed nyn\u00ed politick\u00e9ho hnut\u00ed antisionistick\u00fdch \u017did\u016f, kte\u0159\u00ed jsou p\u0159\u00edmo zapojeni do boje s palestinsk\u00fdm lidem, jako tomu bylo v p\u0159\u00edpad\u011b n\u011bkolika b\u00edl\u00fdch, kte\u0159\u00ed se p\u0159\u00edmo pod\u00edleli na boji za osvobozen\u00ed Ji\u017en\u00ed Afriky.\u201c<\/em><\/p>\n<p>Stoj\u00edme p\u0159i sob\u011b, proto\u017ee na\u0161\u00edm poselstv\u00edm je m\u00edrov\u00e9, rovnopr\u00e1vn\u00e9 a spravedliv\u00e9 sou\u017eit\u00ed v Palestin\u011b \u2013 vylep\u0161en\u00e1 verze muslimem veden\u00e9 Convivencie (spole\u010dn\u00e9ho \u017eivota) v Palestin\u011b, severn\u00ed Africe, Al-Andalusu, Osmansk\u00e9 \u0159\u00ed\u0161i, na Bl\u00edzk\u00e9m v\u00fdchod\u011b, v Ar\u00e1bii, \u00cdr\u00e1nu, Indii a n\u011bkolika dal\u0161\u00edch \u00fazem\u00edch v ji\u017en\u00ed Evrop\u011b \u2013 kde t\u0159i n\u00e1bo\u017eenstv\u00ed existovala v souladu, nikoli v konfliktu. Tento model \u0159e\u0161en\u00ed konflikt\u016f ve sv\u011bt\u011b, kde se konflikt stal standardn\u00edm zp\u016fsobem jedn\u00e1n\u00ed, podporujeme; konflikt nyn\u00ed nen\u00ed jen mezi n\u00e1rody, n\u00e1bo\u017eenstv\u00edmi, st\u00e1ty, bloky a \u0159\u00ed\u0161emi, ale s p\u0159\u00edrodou, \u017eivotn\u00edm prost\u0159ed\u00edm a jeho k\u0159ehkou rovnov\u00e1hou, kter\u00e1 podporuje \u017eivot na t\u00e9to planet\u011b. Sou\u017eit\u00ed je budoucnost, pokud chceme m\u00edt budoucnost.<\/p>\n<p>N\u00e1\u0161 Kongres si klade za c\u00edl soust\u0159edit \u017eidovsk\u00e9 hlasy proti sionismu, spojit se s osvobozen\u00edm Palestiny a napom\u00e1hat glob\u00e1ln\u00edmu hnut\u00ed za spravedlnost a m\u00edr, a to jak pro Palestince, tak pro ty izraelsk\u00e9 \u017didy, kte\u0159\u00ed si p\u0159ej\u00ed b\u00fdt sou\u010d\u00e1st\u00ed demokratick\u00e9ho a rovnopr\u00e1vn\u00e9ho z\u0159\u00edzen\u00ed od \u0159eky k mo\u0159i.<\/p>\n<p><em><span style=\"font-size: 10pt;\"><strong>\u00davodn\u00ed fotografie:<\/strong> Protestuj\u00edc\u00ed nesou v \u010dele pochodu transparent s n\u00e1pisem \u201e\u017didovsk\u00fd blok pro Palestinu\u201c. (Fotografie s laskav\u00fdm svolen\u00edm \u017didovsk\u00e9ho antisionistick\u00e9ho kongresu)<\/span><\/em><\/p>\n<p><span class=\"post-author\"><span class=\"by\">Od\u00a0<\/span><a class=\"author url fn\" title=\"P\u0159\u00edsp\u011bvky od Haima Bresheeth-\u017dabnera\" href=\"https:\/\/mondoweiss.net\/author\/haim-bresheeth\/\" rel=\"author\">Haima Bresheeth-\u017dabnera<\/a>\u00a0a\u00a0<a class=\"author url fn\" title=\"P\u0159\u00edsp\u011bvky od Ronnieho Barkana\" href=\"https:\/\/mondoweiss.net\/author\/ronnie-barkan\/\" rel=\"author\">Ronnieho Barkana<\/a><\/span><\/p>\n","protected":false},"excerpt":{"rendered":"<p>Prvn\u00ed \u017eidovsk\u00fd antisionistick\u00fd kongres se bude konat od 13. do 15. \u010dervna ve V\u00eddni v&#8230;<\/p>\n","protected":false},"author":2,"featured_media":81194,"comment_status":"closed","ping_status":"closed","sticky":false,"template":"","format":"standard","meta":[],"categories":[7],"tags":[9313,95,92],"_links":{"self":[{"href":"https:\/\/www.infokuryr.cz\/n\/wp-json\/wp\/v2\/posts\/81193"}],"collection":[{"href":"https:\/\/www.infokuryr.cz\/n\/wp-json\/wp\/v2\/posts"}],"about":[{"href":"https:\/\/www.infokuryr.cz\/n\/wp-json\/wp\/v2\/types\/post"}],"author":[{"embeddable":true,"href":"https:\/\/www.infokuryr.cz\/n\/wp-json\/wp\/v2\/users\/2"}],"replies":[{"embeddable":true,"href":"https:\/\/www.infokuryr.cz\/n\/wp-json\/wp\/v2\/comments?post=81193"}],"version-history":[{"count":0,"href":"https:\/\/www.infokuryr.cz\/n\/wp-json\/wp\/v2\/posts\/81193\/revisions"}],"wp:featuredmedia":[{"embeddable":true,"href":"https:\/\/www.infokuryr.cz\/n\/wp-json\/wp\/v2\/media\/81194"}],"wp:attachment":[{"href":"https:\/\/www.infokuryr.cz\/n\/wp-json\/wp\/v2\/media?parent=81193"}],"wp:term":[{"taxonomy":"category","embeddable":true,"href":"https:\/\/www.infokuryr.cz\/n\/wp-json\/wp\/v2\/categories?post=81193"},{"taxonomy":"post_tag","embeddable":true,"href":"https:\/\/www.infokuryr.cz\/n\/wp-json\/wp\/v2\/tags?post=81193"}],"curies":[{"name":"wp","href":"https:\/\/api.w.org\/{rel}","templated":true}]}}