{"id":81191,"date":"2025-06-14T00:21:32","date_gmt":"2025-06-13T22:21:32","guid":{"rendered":"https:\/\/www.infokuryr.cz\/n\/?p=81191"},"modified":"2025-06-13T12:00:39","modified_gmt":"2025-06-13T10:00:39","slug":"mosad-postavil-v-iranu-zakladnu-dronu-zasahl-balisticke-rakety-a-protivzdusnou-obranu","status":"publish","type":"post","link":"https:\/\/www.infokuryr.cz\/n\/2025\/06\/14\/mosad-postavil-v-iranu-zakladnu-dronu-zasahl-balisticke-rakety-a-protivzdusnou-obranu\/","title":{"rendered":"Mosad postavil v \u00cdr\u00e1nu z\u00e1kladnu dron\u016f, zas\u00e1hl balistick\u00e9 rakety a protivzdu\u0161nou obranu"},"content":{"rendered":"<div id=\"fb-root\"><\/div>\n<p><strong>Izraelsk\u00e1 tajn\u00e1 slu\u017eba Mosad vybudovala v \u00cdr\u00e1nu z\u00e1kladnu dron\u016f v r\u00e1mci p\u0159\u00edprav na \u00fatok na jadern\u00e1 za\u0159\u00edzen\u00ed Isl\u00e1msk\u00e9 republiky, kter\u00fd za\u010dal brzy r\u00e1no 13. \u010dervna, uvedl den\u00edk The Times of Israel s odvol\u00e1n\u00edm na izraelsk\u00e9ho bezpe\u010dnostn\u00edho \u00fa\u0159edn\u00edka.<\/strong><\/p>\n<p>Internetov\u00e9 noviny uvedly, \u017ee Mosad pa\u0161oval do \u00cdr\u00e1nu syst\u00e9my p\u0159esn\u00fdch zbran\u00ed a komanda, a dodaly, \u017ee \u00fatok z\u00e1visel na d\u016fkladn\u00e9m spole\u010dn\u00e9m pl\u00e1nov\u00e1n\u00ed mezi tajnou slu\u017ebou a Izraelsk\u00fdmi obrann\u00fdmi silami (IDF).<\/p>\n<p>Agenti Mossadu z\u0159\u00eddili z\u00e1kladnu dron\u016f pobl\u00ed\u017e \u00edr\u00e1nsk\u00e9ho hlavn\u00edho m\u011bsta Teher\u00e1nu, uv\u00e1d\u00ed se ve zpr\u00e1v\u011b, kter\u00e1 uv\u00e1d\u00ed, \u017ee drony byly aktivov\u00e1ny p\u0159es noc a zas\u00e1hly odpalovac\u00ed za\u0159\u00edzen\u00ed raket zem\u011b-zem\u011b nam\u00ed\u0159en\u00e1 proti Izraeli.<\/p>\n<p>Krom\u011b toho byla do \u00cdr\u00e1nu pa\u0161ov\u00e1na vozidla p\u0159epravuj\u00edc\u00ed zbra\u0148ov\u00e9 syst\u00e9my. Tyto syst\u00e9my zne\u0161kodnily \u00edr\u00e1nskou protivzdu\u0161nou obranu a poskytly izraelsk\u00fdm v\u00e1le\u010dn\u00fdm letadl\u016fm vzdu\u0161nou nadvl\u00e1du a svobodu jedn\u00e1n\u00ed nad \u00cdr\u00e1nem, uvedl den\u00edk The Times of Israel.<\/p>\n<p>\u00da\u0159edn\u00edk, kter\u00fd hovo\u0159il s online novinami, tak\u00e9 odhalil, \u017ee komanda Mossadu nasadila p\u0159esn\u00e9 rakety pobl\u00ed\u017e stanovi\u0161\u0165 protivzdu\u0161n\u00e9 obrany ve st\u0159edn\u00edm \u00cdr\u00e1nu.<\/p>\n<p><em>Operace se op\u00edraly o \u201epr\u016flomov\u00e9 my\u0161len\u00ed, odv\u00e1\u017en\u00e9 pl\u00e1nov\u00e1n\u00ed a chirurgick\u00e9 pou\u017eit\u00ed pokro\u010dil\u00fdch technologi\u00ed, speci\u00e1ln\u00edch jednotek a agent\u016f operuj\u00edc\u00edch v srdci \u00cdr\u00e1nu a z\u00e1rove\u0148 zcela unikaj\u00edc\u00edch o\u010d\u00edm m\u00edstn\u00edch tajn\u00fdch slu\u017eeb,\u201c uvedl \u00fa\u0159edn\u00edk.<\/em><\/p>\n<p>Izraelsk\u00e9 obrann\u00e9 s\u00edly (IDF) samostatn\u011b ozn\u00e1mily, \u017ee izraelsk\u00e9 letectvo (IAF) zasadilo \u201erozs\u00e1hl\u00fd \u00fader\u201c objekt\u016fm protivzdu\u0161n\u00e9 obrany na z\u00e1pad\u011b \u00cdr\u00e1nu.<\/p>\n<p>Podle IDF byly zni\u010deny des\u00edtky radar\u016f a odpalovac\u00edch za\u0159\u00edzen\u00ed protivzdu\u0161n\u00e9 obrany, kter\u00e9 prohl\u00e1sily, \u017ee \u00fatoky \u201ezlep\u0161uj\u00ed svobodu akce ve vzduchu\u201c pro IAF.<\/p>\n<p>Z\u00e1b\u011bry zve\u0159ejn\u011bn\u00e9 IDF ukazuj\u00ed, \u017ee je c\u00edlem \u00fatoku z\u0159ejm\u011b \u00edr\u00e1nsk\u00fd syst\u00e9m protivzdu\u0161n\u00e9 obrany st\u0159edn\u00edho doletu Sevom Khordad. Arm\u00e1da tak\u00e9 sd\u00edlela animaci nazna\u010duj\u00edc\u00ed, \u017ee IAF za\u00fato\u010dilo na v\u00edce ne\u017e tucet bod\u016f protivzdu\u0161n\u00e9 obrany v z\u00e1padn\u00edm \u00cdr\u00e1nu.<\/p>\n<p><iframe loading=\"lazy\" src=\"https:\/\/s5.cdnstatic.space\/wp-content\/uploads\/2025\/06\/8304b622-d00f-487e-9a5e-b8737ed18c33.mp4\" width=\"600\" height=\"338\" data-mce-fragment=\"1\"><\/iframe><\/p>\n<p><iframe loading=\"lazy\" src=\"https:\/\/s5.cdnstatic.space\/wp-content\/uploads\/2025\/06\/F-Vovxji-KvetElr.mp4\" width=\"600\" height=\"338\" data-mce-fragment=\"1\"><\/iframe><\/p>\n<p>Hlavn\u00edm c\u00edlem izraelsk\u00e9ho \u00fatoku s kryc\u00edm n\u00e1zvem \u201eOperace Vzestupuj\u00edc\u00ed lev\u201c byla jadern\u00e1 za\u0159\u00edzen\u00ed Nataz, kde se obohacuje uran. Uv\u00edzlo tak\u00e9 n\u011bkolik za\u0159\u00edzen\u00ed v Teher\u00e1nu a jeho okol\u00ed, co\u017e si vy\u017e\u00e1dalo civiln\u00ed ob\u011bti.<\/p>\n<p>IDF uvedla, \u017ee p\u0159i \u00faderech bylo zabito i n\u011bkolik vysok\u00fdch \u00edr\u00e1nsk\u00fdch p\u0159edstavitel\u016f, v\u010detn\u011b \u00edr\u00e1nsk\u00e9ho vojensk\u00e9ho velitele Mohammada Bagheriho, velitele Isl\u00e1msk\u00fdch revolu\u010dn\u00edch gard (IRGC) Hosseina Sal\u00e1m\u00edho a vedouc\u00edho \u00fast\u0159edn\u00edho velitelstv\u00ed Chat\u00e1m al-Anbija Gholama Al\u00edho Ra\u0161\u00edda.<\/p>\n<p>\u00cdr\u00e1nsk\u00e1 st\u00e1tn\u00ed televize d\u00e1le informovala, \u017ee p\u0159i \u00faderech byli zabiti jadern\u00ed v\u011bdci Fereydoun Abbasi-Davani a Mohammad Mehdi Tehranchi. Poloofici\u00e1ln\u00ed tiskov\u00e1 agentura Tasnim v\u0161ak uvedla, \u017ee bylo zabito celkem \u0161est v\u011bdc\u016f, ani\u017e by uvedla jm\u00e9na. Podle webov\u00fdch str\u00e1nek Iran International byl p\u0159i \u00faderech zabit i hlavn\u00ed poradce Ali Shamkhani.<\/p>\n<p>\u00cdr\u00e1n ji\u017e sl\u00edbil odpov\u011b\u010f a arm\u00e1da ozn\u00e1mila, \u017ee po \u00fatoku neexistuj\u00ed \u201e\u017e\u00e1dn\u00e1 omezen\u00ed\u201c pro jejich odvetu v\u016f\u010di Izraeli.<\/p>\n<p><em>\u201eNyn\u00ed, kdy\u017e teroristick\u00fd re\u017eim okupuj\u00edc\u00ed al-Kuds [Jeruzal\u00e9m] p\u0159ekro\u010dil v\u0161echny \u010derven\u00e9 linie\u2026 [neexistuj\u00ed] \u017e\u00e1dn\u00e1 omezen\u00ed v reakci na tento zlo\u010din,\u201c uvedl gener\u00e1ln\u00ed \u0161t\u00e1b ozbrojen\u00fdch sil ve sv\u00e9m prohl\u00e1\u0161en\u00ed.<\/em><\/p>\n<p><em>A\u010dkoli rozsah \u0161kod zp\u016fsoben\u00fdch Natanzu a dal\u0161\u00edm jadern\u00fdm<\/em> za\u0159\u00edzen\u00edm z\u016fst\u00e1v\u00e1 nejasn\u00fd, nelze pop\u0159\u00edt, \u017ee izraelsk\u00fd \u00fatok byl v mnoha ohledech \u00fasp\u011b\u0161n\u00fd. Ztr\u00e1ty \u00edr\u00e1nsk\u00e9 protivzdu\u0161n\u00e9 obrany se zdaj\u00ed b\u00fdt rozs\u00e1hl\u00e9, jeliko\u017e b\u011bhem \u00fatoku nebyly hl\u00e1\u0161eny \u017e\u00e1dn\u00e9 zachycen\u00ed.<\/p>\n<p>\u00datok Mossadu z vnitrozem\u00ed Isl\u00e1msk\u00e9 republiky nebyl p\u0159ekvapiv\u00fd, jeliko\u017e Izrael podobn\u00e9 operace v minulosti prov\u00e1d\u011bl. Teher\u00e1n si v\u0161ak nev\u0161iml, \u017ee by se to d\u011blo v mnohem v\u011bt\u0161\u00edm m\u011b\u0159\u00edtku.<\/p>\n<p><img decoding=\"async\" loading=\"lazy\" class=\"alignnone size-full wp-image-1185\" src=\"http:\/\/www.infokuryr.cz\/n\/wp-content\/uploads\/2021\/04\/kuryr-podpis.png\" alt=\"\" width=\"84\" height=\"24\" \/><\/p>\n<p>&nbsp;<\/p>\n","protected":false},"excerpt":{"rendered":"<p>Izraelsk\u00e1 tajn\u00e1 slu\u017eba Mosad vybudovala v \u00cdr\u00e1nu z\u00e1kladnu dron\u016f v r\u00e1mci p\u0159\u00edprav na \u00fatok na&#8230;<\/p>\n","protected":false},"author":2,"featured_media":81192,"comment_status":"closed","ping_status":"closed","sticky":false,"template":"","format":"standard","meta":[],"categories":[7],"tags":[2856,38,3269,8291,5135],"_links":{"self":[{"href":"https:\/\/www.infokuryr.cz\/n\/wp-json\/wp\/v2\/posts\/81191"}],"collection":[{"href":"https:\/\/www.infokuryr.cz\/n\/wp-json\/wp\/v2\/posts"}],"about":[{"href":"https:\/\/www.infokuryr.cz\/n\/wp-json\/wp\/v2\/types\/post"}],"author":[{"embeddable":true,"href":"https:\/\/www.infokuryr.cz\/n\/wp-json\/wp\/v2\/users\/2"}],"replies":[{"embeddable":true,"href":"https:\/\/www.infokuryr.cz\/n\/wp-json\/wp\/v2\/comments?post=81191"}],"version-history":[{"count":0,"href":"https:\/\/www.infokuryr.cz\/n\/wp-json\/wp\/v2\/posts\/81191\/revisions"}],"wp:featuredmedia":[{"embeddable":true,"href":"https:\/\/www.infokuryr.cz\/n\/wp-json\/wp\/v2\/media\/81192"}],"wp:attachment":[{"href":"https:\/\/www.infokuryr.cz\/n\/wp-json\/wp\/v2\/media?parent=81191"}],"wp:term":[{"taxonomy":"category","embeddable":true,"href":"https:\/\/www.infokuryr.cz\/n\/wp-json\/wp\/v2\/categories?post=81191"},{"taxonomy":"post_tag","embeddable":true,"href":"https:\/\/www.infokuryr.cz\/n\/wp-json\/wp\/v2\/tags?post=81191"}],"curies":[{"name":"wp","href":"https:\/\/api.w.org\/{rel}","templated":true}]}}