{"id":81189,"date":"2025-06-14T00:20:15","date_gmt":"2025-06-13T22:20:15","guid":{"rendered":"https:\/\/www.infokuryr.cz\/n\/?p=81189"},"modified":"2025-06-13T11:43:57","modified_gmt":"2025-06-13T09:43:57","slug":"po-temer-pulstoleti-se-do-vesmiru-vyda-dalsi-madar","status":"publish","type":"post","link":"https:\/\/www.infokuryr.cz\/n\/2025\/06\/14\/po-temer-pulstoleti-se-do-vesmiru-vyda-dalsi-madar\/","title":{"rendered":"Po t\u00e9m\u011b\u0159 p\u016flstolet\u00ed se do vesm\u00edru vyd\u00e1 dal\u0161\u00ed Ma\u010far"},"content":{"rendered":"<div id=\"fb-root\"><\/div>\n<h3 class=\"s-tagline fw-tagline\"><span>V\u00fdcvik Tibora Kapua za\u010dal v roce 2024, ale start k ISS byl nyn\u00ed kv\u016fli technick\u00fdm probl\u00e9m\u016fm odlo\u017een na neur\u010dito<\/span><\/h3>\n<p><span>Ma\u010farsk\u00fd strojn\u00ed in\u017een\u00fdr Tibor Kapu (32 let) byl vybr\u00e1n z 240 uchaze\u010d\u016f pro dal\u0161\u00ed misi rakety Ax-4 na Mezin\u00e1rodn\u00ed vesm\u00edrnou stanici, kde str\u00e1v\u00ed dva t\u00fddny.<\/span><\/p>\n<p><span>\u201ePo v\u00edce ne\u017e 45 letech bude m\u00edt Ma\u010farsko brzy op\u011bt sv\u00e9ho astronauta,\u201c\u00a0<\/span><a href=\"https:\/\/www.portfolio.hu\/global\/20250613\/tortenelmi-utra-keszul-a-kovetkezo-magyar-urhajos-karnyujtasnyira-a-kiloves-pillanata-767579\"><span>uvedl Portfolio.hu<\/span><\/a><span>\u00a0. Elektrotechnik Gyula Cser\u00e9nyi (35) z\u016fstane na zemi jako z\u00e1lo\u017en\u00ed astronaut.\u00a0<\/span><\/p>\n<p><span>Ax-4 je projektem spolupr\u00e1ce NASA a soukrom\u00fdch spole\u010dnost\u00ed Axiom Space a SpaceX. Bude provedeno p\u0159ibli\u017en\u011b 60 experiment\u016f, co\u017e je dosud nejv\u00edce experiment\u016f proveden\u00fdch na misi Axiom, zam\u011b\u0159en\u00fdch na budouc\u00ed soukromou vesm\u00edrnou stanici a fyzick\u00fd dopad del\u0161\u00edch let\u016f s lidskou pos\u00e1dkou do vesm\u00edru, nap\u0159\u00edklad na Mars.\u00a0<\/span><\/p>\n<p><span>Tato mise m\u011bla startovat z Kennedyho vesm\u00edrn\u00e9 stanice koncem roku 2024 nebo za\u010d\u00e1tkem roku 2025, ale byla odlo\u017eena, nejprve kv\u016fli po\u010das\u00ed a nyn\u00ed na neur\u010dito kv\u016fli \u00faniku kysl\u00edku z rakety SpaceX a dal\u0161\u00edm technick\u00fdm probl\u00e9m\u016fm na ISS.\u00a0<\/span><\/p>\n<p><span>Program Hungarian to Orbit (HUNOR) byl spu\u0161t\u011bn v roce 2021 a pot\u00e9 za\u010dal n\u00e1borov\u00fd proces pro dal\u0161\u00edho ma\u010farsk\u00e9ho v\u00fdzkumn\u00e9ho astronauta, uv\u00e1d\u00ed Portfolio.\u00a0\u00a0<\/span><\/p>\n<p><span>V\u00fdcvik v Houstonu za\u010dal pro Kapua i Cser\u00e9nyiho v srpnu 2024. Kapu bude slou\u017eit jako specialista na mise spolu s Pol\u00e1kem S\u0142awoszem Uzna\u0144skim-Wi\u015bniewsk\u00fdm a dopln\u00ed ho americk\u00e1 velitelka Peggy Whitsonov\u00e1 a indick\u00fd pilot Shubanshu Shukla.<\/span><\/p>\n<p><span>Ameri\u010dt\u00ed a ru\u0161t\u00ed experti neust\u00e1le pracuj\u00ed na vy\u0159e\u0161en\u00ed probl\u00e9mu na ISS, aby se zajistilo, \u017ee stanice bude moci pojmout dal\u0161\u00ed astronauty.<\/span><\/p>\n<p><span>V\u00fdzkumn\u00fd program HUNOR, zalo\u017een\u00fd na vstupech od n\u011bkolika ma\u010farsk\u00fdch univerzit a spole\u010dnost\u00ed, bude zahrnovat experimenty zam\u011b\u0159en\u00e9 na studium chov\u00e1n\u00ed ur\u010dit\u00fdch lidsk\u00fdch bakteri\u00e1ln\u00edch, virov\u00fdch a pl\u00eds\u0148ov\u00fdch mikrobiom\u016f ve vesm\u00edrn\u00fdch podm\u00ednk\u00e1ch; nanovl\u00e1kenn\u00e9 o\u010dn\u00ed implant\u00e1ty v mikrogravitaci; obrann\u00e9 mechanismy octomilek proti po\u0161kozen\u00ed DNA vyvolan\u00e9mu radiac\u00ed; vlivy cestov\u00e1n\u00ed vesm\u00edrem na 3D ti\u0161t\u011bn\u00e9 materi\u00e1ly; a bou\u0159ky v horn\u00edch vrstv\u00e1ch atmosf\u00e9ry.<\/span><\/p>\n<p><img decoding=\"async\" loading=\"lazy\" class=\"alignnone size-full wp-image-1185\" src=\"http:\/\/www.infokuryr.cz\/n\/wp-content\/uploads\/2021\/04\/kuryr-podpis.png\" alt=\"\" width=\"84\" height=\"24\" \/><\/p>\n<p>&nbsp;<\/p>\n","protected":false},"excerpt":{"rendered":"<p>V\u00fdcvik Tibora Kapua za\u010dal v roce 2024, ale start k ISS byl nyn\u00ed kv\u016fli technick\u00fdm&#8230;<\/p>\n","protected":false},"author":2,"featured_media":81190,"comment_status":"closed","ping_status":"closed","sticky":false,"template":"","format":"standard","meta":[],"categories":[7],"tags":[9312,9311,4529,88],"_links":{"self":[{"href":"https:\/\/www.infokuryr.cz\/n\/wp-json\/wp\/v2\/posts\/81189"}],"collection":[{"href":"https:\/\/www.infokuryr.cz\/n\/wp-json\/wp\/v2\/posts"}],"about":[{"href":"https:\/\/www.infokuryr.cz\/n\/wp-json\/wp\/v2\/types\/post"}],"author":[{"embeddable":true,"href":"https:\/\/www.infokuryr.cz\/n\/wp-json\/wp\/v2\/users\/2"}],"replies":[{"embeddable":true,"href":"https:\/\/www.infokuryr.cz\/n\/wp-json\/wp\/v2\/comments?post=81189"}],"version-history":[{"count":0,"href":"https:\/\/www.infokuryr.cz\/n\/wp-json\/wp\/v2\/posts\/81189\/revisions"}],"wp:featuredmedia":[{"embeddable":true,"href":"https:\/\/www.infokuryr.cz\/n\/wp-json\/wp\/v2\/media\/81190"}],"wp:attachment":[{"href":"https:\/\/www.infokuryr.cz\/n\/wp-json\/wp\/v2\/media?parent=81189"}],"wp:term":[{"taxonomy":"category","embeddable":true,"href":"https:\/\/www.infokuryr.cz\/n\/wp-json\/wp\/v2\/categories?post=81189"},{"taxonomy":"post_tag","embeddable":true,"href":"https:\/\/www.infokuryr.cz\/n\/wp-json\/wp\/v2\/tags?post=81189"}],"curies":[{"name":"wp","href":"https:\/\/api.w.org\/{rel}","templated":true}]}}