{"id":81138,"date":"2025-06-13T00:31:14","date_gmt":"2025-06-12T22:31:14","guid":{"rendered":"https:\/\/www.infokuryr.cz\/n\/?p=81138"},"modified":"2025-06-12T16:58:52","modified_gmt":"2025-06-12T14:58:52","slug":"venezuelsky-migrant-zatcen-za-brutalni-znasilneni-a-pokus-o-vrazdu-mlade-zeny-v-polskem-parku","status":"publish","type":"post","link":"https:\/\/www.infokuryr.cz\/n\/2025\/06\/13\/venezuelsky-migrant-zatcen-za-brutalni-znasilneni-a-pokus-o-vrazdu-mlade-zeny-v-polskem-parku\/","title":{"rendered":"Venezuelsk\u00fd migrant zat\u010den za brut\u00e1ln\u00ed zn\u00e1siln\u011bn\u00ed a pokus o vra\u017edu mlad\u00e9 \u017eeny v polsk\u00e9m parku"},"content":{"rendered":"<div id=\"fb-root\"><\/div>\n<h3 class=\"s-tagline fw-tagline\"><span>\u010cty\u0159iadvacetilet\u00e1 ob\u011b\u0165 bojuje v nemocnici o \u017eivot po hr\u016fzn\u00e9m no\u010dn\u00edm \u00fatoku v toru\u0148sk\u00e9m parku Glazja<\/span><\/h3>\n<p><span>Devaten\u00e1ctilet\u00fd Venezuelan byl zat\u010den v polsk\u00e9 Toruni pot\u00e9, co se \u00fadajn\u011b zn\u00e1silnil a pokusil se vra\u017edit 24letou \u017eenu p\u0159i n\u00e1siln\u00e9m no\u010dn\u00edm \u00fatoku, p\u0159i kter\u00e9m byla ob\u011b\u0165 v kritick\u00e9m stavu.<\/span><\/p>\n<p><span>K \u00fatoku do\u0161lo ve \u010dtvrtek kolem 1:00 r\u00e1no v parku Glazja, kter\u00fd se nach\u00e1z\u00ed v okrese Jakubskie Przedmie\u015bcie.<\/span><\/p>\n<p><span>Podle m\u00edstn\u00ed policie sly\u0161el \u017eenin k\u0159ik kolemjdouc\u00ed, kter\u00fd rychle zas\u00e1hl, \u00fato\u010dn\u00edka vyd\u011bsil a zavolal policii. Na m\u00edsto byly okam\u017eit\u011b vysl\u00e1ny policejn\u00ed hl\u00eddky, v\u010detn\u011b jednotek z vn\u011bj\u0161ku m\u011bsta.<\/span><\/p>\n<p><span>Podez\u0159el\u00fd byl vyp\u00e1tr\u00e1n a zat\u010den kr\u00e1tce po pokusu o \u00fat\u011bk z m\u00edsta \u010dinu. V dob\u011b zat\u010den\u00ed m\u011bl mu\u017e hladinu alkoholu v krvi 1,2 promile, co\u017e je obecn\u011b pova\u017eov\u00e1no za m\u00edrn\u011b opil\u00fd.<\/span><\/p>\n<p><span>Policejn\u00ed mluv\u010d\u00ed Dominika Bocian potvrdila n\u00e1rodnost podez\u0159el\u00e9 a z\u00e1va\u017enost trestn\u00e9ho \u010dinu. \u201eDevaten\u00e1ctiletou d\u00edvku vyp\u00e1trali uniformovan\u00ed policist\u00e9 na z\u00e1klad\u011b ozn\u00e1men\u00ed od n\u00e1hodn\u00e9ho sv\u011bdka. Byla p\u0159evezena do nemocnice ve v\u00e1\u017en\u00e9m stavu a bojuje o \u017eivot,\u201c uvedla.<\/span><\/p>\n<p><span>Vy\u0161et\u0159ov\u00e1n\u00ed prob\u00edh\u00e1 pod dohledem st\u00e1tn\u00edho zastupitelstv\u00ed a forenzn\u00ed t\u00fdmy zaji\u0161\u0165uj\u00ed d\u016fkazy z m\u00edsta \u010dinu.<\/span><\/p>\n<p><span>\u00dato\u010dn\u00edk je v sou\u010dasn\u00e9 dob\u011b ve vazb\u011b, ale form\u00e1ln\u00ed ob\u017ealoba dosud nebyla zah\u00e1jena. Podle polsk\u00e9ho pr\u00e1va hroz\u00ed za pokus o vra\u017edu trest odn\u011bt\u00ed svobody v d\u00e9lce nejm\u00e9n\u011b osmi let s mo\u017enost\u00ed trestu odn\u011bt\u00ed svobody v d\u00e9lce 25 let nebo do\u017eivot\u00ed.<\/span><\/p>\n<p><span>Jak poznamenal m\u00edstn\u00ed zpravodajsk\u00fd server\u00a0<\/span><a href=\"https:\/\/tylkotorun.pl\/wiadomosci\/inne\/brutalny-gwalt-i-proba-zabojstwa-w-toruniu-napastnik-byl-obcokrajowcem\/\"><span>Tylko Toru\u0144<\/span><\/a><span>\u00a0, park, kde k \u00fatoku do\u0161lo, je mezi m\u00edstn\u00edmi obyvateli hojn\u011b nav\u0161t\u011bvovan\u00fdm m\u00edstem. Rychl\u00e1 reakce n\u00e1hodn\u00e9ho kolemjdouc\u00edho mohla zabr\u00e1nit \u017een\u011b v jej\u00ed smrti a \u00fa\u0159ady ocenily jeho odvahu p\u0159i naru\u0161en\u00ed \u00fatoku.<\/span><\/p>\n<p><img decoding=\"async\" loading=\"lazy\" class=\"alignnone size-full wp-image-1185\" src=\"http:\/\/www.infokuryr.cz\/n\/wp-content\/uploads\/2021\/04\/kuryr-podpis.png\" alt=\"\" width=\"84\" height=\"24\" \/><\/p>\n<p>&nbsp;<\/p>\n","protected":false},"excerpt":{"rendered":"<p>\u010cty\u0159iadvacetilet\u00e1 ob\u011b\u0165 bojuje v nemocnici o \u017eivot po hr\u016fzn\u00e9m no\u010dn\u00edm \u00fatoku v toru\u0148sk\u00e9m parku Glazja&#8230;<\/p>\n","protected":false},"author":2,"featured_media":81139,"comment_status":"closed","ping_status":"closed","sticky":false,"template":"","format":"standard","meta":[],"categories":[7],"tags":[551,31,366],"_links":{"self":[{"href":"https:\/\/www.infokuryr.cz\/n\/wp-json\/wp\/v2\/posts\/81138"}],"collection":[{"href":"https:\/\/www.infokuryr.cz\/n\/wp-json\/wp\/v2\/posts"}],"about":[{"href":"https:\/\/www.infokuryr.cz\/n\/wp-json\/wp\/v2\/types\/post"}],"author":[{"embeddable":true,"href":"https:\/\/www.infokuryr.cz\/n\/wp-json\/wp\/v2\/users\/2"}],"replies":[{"embeddable":true,"href":"https:\/\/www.infokuryr.cz\/n\/wp-json\/wp\/v2\/comments?post=81138"}],"version-history":[{"count":0,"href":"https:\/\/www.infokuryr.cz\/n\/wp-json\/wp\/v2\/posts\/81138\/revisions"}],"wp:featuredmedia":[{"embeddable":true,"href":"https:\/\/www.infokuryr.cz\/n\/wp-json\/wp\/v2\/media\/81139"}],"wp:attachment":[{"href":"https:\/\/www.infokuryr.cz\/n\/wp-json\/wp\/v2\/media?parent=81138"}],"wp:term":[{"taxonomy":"category","embeddable":true,"href":"https:\/\/www.infokuryr.cz\/n\/wp-json\/wp\/v2\/categories?post=81138"},{"taxonomy":"post_tag","embeddable":true,"href":"https:\/\/www.infokuryr.cz\/n\/wp-json\/wp\/v2\/tags?post=81138"}],"curies":[{"name":"wp","href":"https:\/\/api.w.org\/{rel}","templated":true}]}}