{"id":81129,"date":"2025-06-13T00:28:54","date_gmt":"2025-06-12T22:28:54","guid":{"rendered":"https:\/\/www.infokuryr.cz\/n\/?p=81129"},"modified":"2025-06-12T16:42:20","modified_gmt":"2025-06-12T14:42:20","slug":"ukrajinsky-gang-nelegalne-legalizoval-cizince-v-polsku","status":"publish","type":"post","link":"https:\/\/www.infokuryr.cz\/n\/2025\/06\/13\/ukrajinsky-gang-nelegalne-legalizoval-cizince-v-polsku\/","title":{"rendered":"Ukrajinsk\u00fd gang neleg\u00e1ln\u011b legalizoval cizince v Polsku"},"content":{"rendered":"<div id=\"fb-root\"><\/div>\n<p class=\"lead\"><strong>Dev\u011bt ukrajinsk\u00fdch ob\u010dan\u016f bylo obvin\u011bno z neleg\u00e1ln\u00ed legalizace pobytu cizinc\u016f v Polsku.<\/strong><\/p>\n<p><span>Ukrajin\u0161t\u00ed migranti byli zadr\u017eeni v Gda\u0148sku a Koszalinu. P\u0159\u00edpad se t\u00fdk\u00e1 neleg\u00e1ln\u00edch aktivit v oblasti legalizace pobytu cizinc\u016f v Polsku.<\/span><\/p>\n<p><span>Podle gda\u0148sk\u00e9 policie jsou zat\u010den\u00ed pokra\u010dov\u00e1n\u00edm vy\u0161et\u0159ov\u00e1n\u00ed, kter\u00e9 prob\u00edh\u00e1 od roku 2022 a kter\u00e9 d\u0159\u00edve vedlo mimo jin\u00e9 k zat\u010den\u00ed \u00fa\u0159edn\u00edka Pomo\u0159sk\u00e9ho vojvodstv\u00ed odpov\u011bdn\u00e9ho za legalizaci pobytu cizinc\u016f.<\/span><\/p>\n<p><span>Dev\u011bt ukrajinsk\u00fdch ob\u010dan\u016f zadr\u017een\u00fdch den p\u0159edt\u00edm bylo um\u00edst\u011bno pod policejn\u00ed dohled a je jim zak\u00e1z\u00e1no komunikovat s ostatn\u00edmi obvin\u011bn\u00fdmi v p\u0159\u00edpadu. Vy\u0161et\u0159ov\u00e1n\u00ed st\u00e1le prob\u00edh\u00e1 a policist\u00e9 nevylu\u010duj\u00ed dal\u0161\u00ed procesn\u00ed \u00fakony.<\/span><\/p>\n<p><img decoding=\"async\" loading=\"lazy\" class=\"alignnone size-full wp-image-1185\" src=\"http:\/\/www.infokuryr.cz\/n\/wp-content\/uploads\/2021\/04\/kuryr-podpis.png\" alt=\"\" width=\"84\" height=\"24\" \/><\/p>\n<p>&nbsp;<\/p>\n","protected":false},"excerpt":{"rendered":"<p>Dev\u011bt ukrajinsk\u00fdch ob\u010dan\u016f bylo obvin\u011bno z neleg\u00e1ln\u00ed legalizace pobytu cizinc\u016f v Polsku. Ukrajin\u0161t\u00ed migranti byli&#8230;<\/p>\n","protected":false},"author":2,"featured_media":81130,"comment_status":"closed","ping_status":"closed","sticky":false,"template":"","format":"standard","meta":[],"categories":[7],"tags":[31,4631,1635],"_links":{"self":[{"href":"https:\/\/www.infokuryr.cz\/n\/wp-json\/wp\/v2\/posts\/81129"}],"collection":[{"href":"https:\/\/www.infokuryr.cz\/n\/wp-json\/wp\/v2\/posts"}],"about":[{"href":"https:\/\/www.infokuryr.cz\/n\/wp-json\/wp\/v2\/types\/post"}],"author":[{"embeddable":true,"href":"https:\/\/www.infokuryr.cz\/n\/wp-json\/wp\/v2\/users\/2"}],"replies":[{"embeddable":true,"href":"https:\/\/www.infokuryr.cz\/n\/wp-json\/wp\/v2\/comments?post=81129"}],"version-history":[{"count":0,"href":"https:\/\/www.infokuryr.cz\/n\/wp-json\/wp\/v2\/posts\/81129\/revisions"}],"wp:featuredmedia":[{"embeddable":true,"href":"https:\/\/www.infokuryr.cz\/n\/wp-json\/wp\/v2\/media\/81130"}],"wp:attachment":[{"href":"https:\/\/www.infokuryr.cz\/n\/wp-json\/wp\/v2\/media?parent=81129"}],"wp:term":[{"taxonomy":"category","embeddable":true,"href":"https:\/\/www.infokuryr.cz\/n\/wp-json\/wp\/v2\/categories?post=81129"},{"taxonomy":"post_tag","embeddable":true,"href":"https:\/\/www.infokuryr.cz\/n\/wp-json\/wp\/v2\/tags?post=81129"}],"curies":[{"name":"wp","href":"https:\/\/api.w.org\/{rel}","templated":true}]}}