{"id":81115,"date":"2025-06-13T00:25:18","date_gmt":"2025-06-12T22:25:18","guid":{"rendered":"https:\/\/www.infokuryr.cz\/n\/?p=81115"},"modified":"2025-06-12T16:07:21","modified_gmt":"2025-06-12T14:07:21","slug":"velitel-iranskych-revolucnich-gard-jsme-pripraveni-na-valku","status":"publish","type":"post","link":"https:\/\/www.infokuryr.cz\/n\/2025\/06\/13\/velitel-iranskych-revolucnich-gard-jsme-pripraveni-na-valku\/","title":{"rendered":"Velitel \u00edr\u00e1nsk\u00fdch revolu\u010dn\u00edch gard: Jsme p\u0159ipraveni na v\u00e1lku"},"content":{"rendered":"<div id=\"fb-root\"><\/div>\n<p class=\"lead\"><strong>\u00cdr\u00e1n je p\u0159ipraven na v\u00e1lku, prohl\u00e1sil velitel Isl\u00e1msk\u00fdch revolu\u010dn\u00edch gard (IRGC, sou\u010d\u00e1st \u00edr\u00e1nsk\u00fdch ozbrojen\u00fdch sil) Hosejn Sal\u00e1m\u00ed,\u00a0<a href=\"https:\/\/snn.ir\/fa\/news\/1273045\/%D8%B3%D8%B1%D9%84%D8%B4%DA%A9%D8%B1-%D8%B3%D9%84%D8%A7%D9%85%DB%8C%C2%A0%D8%AF%D8%B3%D8%AA-%D8%A8%D8%B1%D8%AA%D8%B1-%D8%AC%D9%86%DA%AF-%D8%A7%D8%B7%D9%84%D8%A7%D8%B9%D8%A7%D8%AA%DB%8C-%D8%AC%D9%85%D9%87%D9%88%D8%B1%DB%8C-%D8%A7%D8%B3%D9%84%D8%A7%D9%85%DB%8C-%D8%B1%D8%A7-%D9%86%D8%B4%D8%A7%D9%86-%D8%AF%D8%A7%D8%AF%DB%8C%D9%85-%D9%86%D9%81%D9%88%D8%B0-%D9%BE%D8%B0%DB%8C%D8%B1%DB%8C-%D9%88-%D9%BE%D9%88%D8%B3%DB%8C%D8%AF%DA%AF%DB%8C-%D8%A7%D8%B3%D8%B1%D8%A7%D8%A6%DB%8C%D9%84-%D8%B1%D9%88%D8%B4%D9%86-%D8%A7%D8%B3%D8%AA-%D9%81%DB%8C%D9%84%D9%85\" target=\"_blank\" rel=\"noopener\">informovala<\/a>\u00a0SNN .<\/strong><\/p>\n<p><span>Prohl\u00e1\u0161en\u00ed p\u0159i\u0161lo uprost\u0159ed rostouc\u00edch zpr\u00e1v o p\u0159ipravovan\u00e9m izraelsk\u00e9m \u00fatoku proti \u00cdr\u00e1nu.<\/span><\/p>\n<p><em>\u201eNep\u0159\u00edtel n\u00e1m n\u011bkdy vyhro\u017euje vojensk\u00fdm sc\u00e9n\u00e1\u0159em. V\u017edycky jsme \u0159\u00edkali a \u0159\u00edk\u00e1me dnes: jsme absolutn\u011b p\u0159ipraveni na jak\u00fdkoli sc\u00e9n\u00e1\u0159,\u201c<span class=\"after-quote\">\u00a0\u2014 cituje Sal\u00e1m\u00edho \u00edr\u00e1nsk\u00e1 agentura.<\/span><\/em><\/p>\n<p><span>Americk\u00fd den\u00edk The New York Times dnes informoval, \u017ee \u00cdr\u00e1n vypracoval pl\u00e1n odvety v p\u0159\u00edpad\u011b \u00fatoku ze strany Izraele.<\/span><\/p>\n<p><em>\u201e\u00cdr\u00e1n\u0161t\u00ed vojen\u0161t\u00ed a vl\u00e1dn\u00ed p\u0159edstavitel\u00e9 se ji\u017e setkali, aby projednali svou reakci na potenci\u00e1ln\u00ed izraelsk\u00fd \u00fader. Teher\u00e1n vypracoval pl\u00e1n reakce, kter\u00fd by mohl zahrnovat okam\u017eit\u00fd proti\u00fatok na Izrael s pou\u017eit\u00edm stovek balistick\u00fdch raket,\u201c<span class=\"after-quote\">\u00a0\u2014 up\u0159esnil den\u00edk s odvol\u00e1n\u00edm na zdroj.<\/span><\/em><\/p>\n<p><img decoding=\"async\" loading=\"lazy\" class=\"alignnone size-full wp-image-1185\" src=\"http:\/\/www.infokuryr.cz\/n\/wp-content\/uploads\/2021\/04\/kuryr-podpis.png\" alt=\"\" width=\"84\" height=\"24\" \/><\/p>\n<p>&nbsp;<\/p>\n","protected":false},"excerpt":{"rendered":"<p>\u00cdr\u00e1n je p\u0159ipraven na v\u00e1lku, prohl\u00e1sil velitel Isl\u00e1msk\u00fdch revolu\u010dn\u00edch gard (IRGC, sou\u010d\u00e1st \u00edr\u00e1nsk\u00fdch ozbrojen\u00fdch sil)&#8230;<\/p>\n","protected":false},"author":2,"featured_media":81116,"comment_status":"closed","ping_status":"closed","sticky":false,"template":"","format":"standard","meta":[],"categories":[7],"tags":[38,811,6552,40,3526],"_links":{"self":[{"href":"https:\/\/www.infokuryr.cz\/n\/wp-json\/wp\/v2\/posts\/81115"}],"collection":[{"href":"https:\/\/www.infokuryr.cz\/n\/wp-json\/wp\/v2\/posts"}],"about":[{"href":"https:\/\/www.infokuryr.cz\/n\/wp-json\/wp\/v2\/types\/post"}],"author":[{"embeddable":true,"href":"https:\/\/www.infokuryr.cz\/n\/wp-json\/wp\/v2\/users\/2"}],"replies":[{"embeddable":true,"href":"https:\/\/www.infokuryr.cz\/n\/wp-json\/wp\/v2\/comments?post=81115"}],"version-history":[{"count":0,"href":"https:\/\/www.infokuryr.cz\/n\/wp-json\/wp\/v2\/posts\/81115\/revisions"}],"wp:featuredmedia":[{"embeddable":true,"href":"https:\/\/www.infokuryr.cz\/n\/wp-json\/wp\/v2\/media\/81116"}],"wp:attachment":[{"href":"https:\/\/www.infokuryr.cz\/n\/wp-json\/wp\/v2\/media?parent=81115"}],"wp:term":[{"taxonomy":"category","embeddable":true,"href":"https:\/\/www.infokuryr.cz\/n\/wp-json\/wp\/v2\/categories?post=81115"},{"taxonomy":"post_tag","embeddable":true,"href":"https:\/\/www.infokuryr.cz\/n\/wp-json\/wp\/v2\/tags?post=81115"}],"curies":[{"name":"wp","href":"https:\/\/api.w.org\/{rel}","templated":true}]}}