{"id":81113,"date":"2025-06-13T00:24:23","date_gmt":"2025-06-12T22:24:23","guid":{"rendered":"https:\/\/www.infokuryr.cz\/n\/?p=81113"},"modified":"2025-06-12T16:04:09","modified_gmt":"2025-06-12T14:04:09","slug":"kazachstan-se-stal-tercem-masivni-invaze-kobylek","status":"publish","type":"post","link":"https:\/\/www.infokuryr.cz\/n\/2025\/06\/13\/kazachstan-se-stal-tercem-masivni-invaze-kobylek\/","title":{"rendered":"Kazachst\u00e1n se stal ter\u010dem masivn\u00ed invaze kobylek"},"content":{"rendered":"<div id=\"fb-root\"><\/div>\n<p class=\"lead\"><strong>Z\u00e1padokaza\u0161sk\u00e1 oblast se stala ter\u010dem rozs\u00e1hl\u00e9 invaze kobylek, informuje Uralskaja ned\u011ble. Podle odborn\u00edk\u016f se to nestalo 10 let.<\/strong><\/p>\n<p><span>Podle vedouc\u00edho region\u00e1ln\u00ed inspekce ministerstva zem\u011bd\u011blstv\u00ed\u00a0<\/span><strong><span>Erlana Orynbajeva<\/span><\/strong><span> do\u0161lo letos k v\u00fdrazn\u00e9mu n\u00e1r\u016fstu po\u010dtu kobylek, kter\u00fd p\u0159ekra\u010duje obvykl\u00e9 ukazatele. Podle n\u011bj je to zp\u016fsobeno p\u0159irozen\u00fdm reproduk\u010dn\u00edm cyklem, kdy ka\u017ed\u00fdch 10\u201312 let doch\u00e1z\u00ed k prudk\u00e9mu n\u00e1r\u016fstu populace.<\/span><\/p>\n<p><span>Orynbajev dodal, \u017ee v n\u011bkter\u00fdch oblastech byly pozorov\u00e1ny jak spole\u010densk\u00e9, tak i nespoluspodn\u00ed kobylky.<\/span><\/p>\n<p><span>\u201eZpracov\u00e1n\u00ed prob\u00edh\u00e1 v\u0161ude, pou\u017e\u00edv\u00e1 se technika. Nejsou \u017e\u00e1dn\u00e9 st\u00ed\u017enosti od obyvatelstva, \u00faroda nen\u00ed po\u0161kozena. \u00da\u010dinnost opat\u0159en\u00ed se odhaduje na 90\u201392 %,\u201c uvedl.<\/span><\/p>\n<p><span>Z region\u00e1ln\u00edho rozpo\u010dtu bylo na boj proti zamo\u0159en\u00ed kobylkami vy\u010dlen\u011bno 312 milion\u016f tenge (17 milion\u016f K\u010d ).<\/span><\/p>\n<p><span>Pl\u00e1nuje se zpracovat 134,5 tis\u00edce hektar\u016f.<\/span><\/p>\n<p><img decoding=\"async\" loading=\"lazy\" class=\"alignnone size-full wp-image-1185\" src=\"http:\/\/www.infokuryr.cz\/n\/wp-content\/uploads\/2021\/04\/kuryr-podpis.png\" alt=\"\" width=\"84\" height=\"24\" \/><\/p>\n<p>&nbsp;<\/p>\n","protected":false},"excerpt":{"rendered":"<p>Z\u00e1padokaza\u0161sk\u00e1 oblast se stala ter\u010dem rozs\u00e1hl\u00e9 invaze kobylek, informuje Uralskaja ned\u011ble. Podle odborn\u00edk\u016f se to&#8230;<\/p>\n","protected":false},"author":2,"featured_media":81114,"comment_status":"closed","ping_status":"closed","sticky":false,"template":"","format":"standard","meta":[],"categories":[7],"tags":[1900,1338,9304],"_links":{"self":[{"href":"https:\/\/www.infokuryr.cz\/n\/wp-json\/wp\/v2\/posts\/81113"}],"collection":[{"href":"https:\/\/www.infokuryr.cz\/n\/wp-json\/wp\/v2\/posts"}],"about":[{"href":"https:\/\/www.infokuryr.cz\/n\/wp-json\/wp\/v2\/types\/post"}],"author":[{"embeddable":true,"href":"https:\/\/www.infokuryr.cz\/n\/wp-json\/wp\/v2\/users\/2"}],"replies":[{"embeddable":true,"href":"https:\/\/www.infokuryr.cz\/n\/wp-json\/wp\/v2\/comments?post=81113"}],"version-history":[{"count":0,"href":"https:\/\/www.infokuryr.cz\/n\/wp-json\/wp\/v2\/posts\/81113\/revisions"}],"wp:featuredmedia":[{"embeddable":true,"href":"https:\/\/www.infokuryr.cz\/n\/wp-json\/wp\/v2\/media\/81114"}],"wp:attachment":[{"href":"https:\/\/www.infokuryr.cz\/n\/wp-json\/wp\/v2\/media?parent=81113"}],"wp:term":[{"taxonomy":"category","embeddable":true,"href":"https:\/\/www.infokuryr.cz\/n\/wp-json\/wp\/v2\/categories?post=81113"},{"taxonomy":"post_tag","embeddable":true,"href":"https:\/\/www.infokuryr.cz\/n\/wp-json\/wp\/v2\/tags?post=81113"}],"curies":[{"name":"wp","href":"https:\/\/api.w.org\/{rel}","templated":true}]}}