{"id":81059,"date":"2025-06-12T00:33:49","date_gmt":"2025-06-11T22:33:49","guid":{"rendered":"https:\/\/www.infokuryr.cz\/n\/?p=81059"},"modified":"2025-06-11T20:09:27","modified_gmt":"2025-06-11T18:09:27","slug":"petr-michalu-irkutsk-ruska-federace-protest-cechoslovaku","status":"publish","type":"post","link":"https:\/\/www.infokuryr.cz\/n\/2025\/06\/12\/petr-michalu-irkutsk-ruska-federace-protest-cechoslovaku\/","title":{"rendered":"Petr Michal\u016f: Irkutsk &#8211; Rusk\u00e1 federace &#8211; Protest \u010cechoslov\u00e1k\u016f"},"content":{"rendered":"<div id=\"fb-root\"><\/div>\n<p><strong>Dne 11. \u010dervna 2025 jsme,<\/strong> <strong>my &#8211; \u010cechoslov\u00e1ci, kte\u0159\u00ed zde v Irkutsku natrvalo \u017eijeme<\/strong>, uskute\u010dnili protestn\u00ed akci proti politice \u010desk\u00e9 fa\u0161istick\u00e9 vl\u00e1dy, proti terorismu ukrajinsk\u00fdch banderovc\u016f, kter\u00e9 v tomto podporuje \u010desk\u00e1 zaprodan\u00e1 kolaborantsk\u00e1 fa\u0161istick\u00e1 vl\u00e1da.<\/p>\n<p><strong>Vyj\u00e1d\u0159ili jsme sv\u016fj souhlas se speci\u00e1ln\u00ed vojenskou operac\u00ed Ruska, vyj\u00e1d\u0159ili jsme podporu na\u0161emu prezidentu Vladim\u00edru Vladim\u00edrovi\u010di Putinovi a tak podobn\u011b.<\/strong><\/p>\n<p><img decoding=\"async\" loading=\"lazy\" class=\"wp-image-81061 aligncenter\" src=\"http:\/\/www.infokuryr.cz\/n\/wp-content\/uploads\/2025\/06\/20250611_101900-300x225.jpg\" alt=\"\" width=\"791\" height=\"593\" srcset=\"https:\/\/www.infokuryr.cz\/n\/wp-content\/uploads\/2025\/06\/20250611_101900-300x225.jpg 300w, https:\/\/www.infokuryr.cz\/n\/wp-content\/uploads\/2025\/06\/20250611_101900-1024x768.jpg 1024w, https:\/\/www.infokuryr.cz\/n\/wp-content\/uploads\/2025\/06\/20250611_101900-768x576.jpg 768w, https:\/\/www.infokuryr.cz\/n\/wp-content\/uploads\/2025\/06\/20250611_101900-1536x1152.jpg 1536w, https:\/\/www.infokuryr.cz\/n\/wp-content\/uploads\/2025\/06\/20250611_101900-2048x1536.jpg 2048w\" sizes=\"(max-width: 791px) 100vw, 791px\" \/><\/p>\n<p><strong>Chci pod\u011bkovat<\/strong> na\u0161im rusk\u00fdm p\u0159\u00e1tel\u016fm za to, \u017ee n\u00e1m umo\u017enili a pomohli uspo\u0159\u00e1dat toto na\u0161e mal\u00e9 protestn\u00ed shrom\u00e1\u017ed\u011bn\u00ed n\u00e1s &#8211; \u010cechoslov\u00e1k\u016f, kte\u0159\u00ed zde trvale \u017eijeme, a pod\u011bkovat Rusku za mo\u017enost svobodn\u011b vyj\u00e1d\u0159it na\u0161e m\u00edn\u011bn\u00ed a n\u00e1zory.<\/p>\n<p><em>(\u042f \u0445\u043e\u0447\u0443 \u043f\u043e\u0431\u043b\u0430\u0433\u043e\u0434\u0430\u0440\u0438\u0442\u044c \u043d\u0430\u0448\u0438\u0445 \u0440\u043e\u0441\u0441\u0438\u0439\u0441\u043a\u0438\u0445 \u0434\u0440\u0443\u0437\u0435\u0439 \u0437\u0430 \u0442\u043e, \u0447\u0442\u043e \u043e\u043d\u0438 \u043f\u043e\u0437\u0432\u043e\u043b\u0438\u043b\u0438 \u0438 \u043f\u043e\u043c\u043e\u0433\u043b\u0438 \u043d\u0430\u043c \u043e\u0440\u0433\u0430\u043d\u0438\u0437\u043e\u0432\u0430\u0442\u044c \u044d\u0442\u043e\u0442 \u043d\u0435\u0431\u043e\u043b\u044c\u0448\u043e\u0439 \u043c\u0438\u0442\u0438\u043d\u0433 \u043f\u0440\u043e\u0442\u0435\u0441\u0442\u0430 \u043d\u0430\u0441, \u0447\u0435\u0445\u043e\u0441\u043b\u043e\u0432\u0430\u043a\u043e\u0432, \u043f\u043e\u0441\u0442\u043e\u044f\u043d\u043d\u043e \u0436\u0438\u0432\u0443\u0449\u0438\u0445 \u0437\u0434\u0435\u0441\u044c, \u0438 \u043f\u043e\u0431\u043b\u0430\u0433\u043e\u0434\u0430\u0440\u0438\u0442\u044c \u0420\u043e\u0441\u0441\u0438\u044e \u0437\u0430 \u0432\u043e\u0437\u043c\u043e\u0436\u043d\u043e\u0441\u0442\u044c \u0441\u0432\u043e\u0431\u043e\u0434\u043d\u043e \u0432\u044b\u0440\u0430\u0436\u0430\u0442\u044c \u043d\u0430\u0448\u0438 \u043c\u043d\u0435\u043d\u0438\u044f \u0438 \u0432\u0437\u0433\u043b\u044f\u0434\u044b.)<\/em><\/p>\n<p><img decoding=\"async\" loading=\"lazy\" class=\"wp-image-81062 aligncenter\" src=\"http:\/\/www.infokuryr.cz\/n\/wp-content\/uploads\/2025\/06\/20250611_103153-300x225.jpg\" alt=\"\" width=\"800\" height=\"600\" srcset=\"https:\/\/www.infokuryr.cz\/n\/wp-content\/uploads\/2025\/06\/20250611_103153-300x225.jpg 300w, https:\/\/www.infokuryr.cz\/n\/wp-content\/uploads\/2025\/06\/20250611_103153-1024x768.jpg 1024w, https:\/\/www.infokuryr.cz\/n\/wp-content\/uploads\/2025\/06\/20250611_103153-768x576.jpg 768w, https:\/\/www.infokuryr.cz\/n\/wp-content\/uploads\/2025\/06\/20250611_103153-1536x1152.jpg 1536w, https:\/\/www.infokuryr.cz\/n\/wp-content\/uploads\/2025\/06\/20250611_103153-2048x1536.jpg 2048w\" sizes=\"(max-width: 800px) 100vw, 800px\" \/><\/p>\n<p><strong><u>Na na\u0161ich dvou trans<\/u>p<u>arentech <\/u>j<u>e na<\/u>p<u>s\u00e1no toto<\/u>:<\/strong><\/p>\n<p>MY, \u010cECHOSLOV\u00c1CI, KTE\u0158\u00cd \u017dIJEME V IRKUTSKU, D\u016eRAZN\u011a PROTESTUJEME PROTI V\u0160EM TERORISTICK\u00ddM \u00daTOK\u016eM NA \u00daZEM\u00cd RUSK\u00c9 FEDERACE P\u00c1CHAN\u00ddCH UKRAJINSK\u00ddM NACISTICK\u00ddM RE\u017dIMEM PODPOROVAN\u00ddM ZLO\u010cINECKOU \u010cESKOU VL\u00c1DOU. OST\u0158E ODSUZUJEME TYTO \u00daTOKY, TAK\u00c9 R\u00c1ZN\u011a PROTESTUJEME PROTI \u010cESK\u00c9 VL\u00c1D\u011a. NEPOVA\u017dUJEME SOU\u010cASNOU \u010cESKOU VL\u00c1DU \u2013 TYTO ZLO\u010cINCE \u2013 ZA VL\u00c1DU \u010cESK\u00c9HO N\u00c1RODA.<\/p>\n<p>MY, \u010cECHOSLOV\u00c1CI, JSME NA STRAN\u011a RUSKA. MY PODPORUJEME SVO (SPECI\u00c1LN\u00cd VOJENSKOU OPERACI). MY PODPORUJEME TRADI\u010cN\u00cd HODNOTY. MY JSME NA STRAN\u011a RUSK\u00c9HO N\u00c1RODA. A S N\u00cdM JE B\u016eH. JSME PROTI NACISTICK\u00c9MU RE\u017dIMU V \u010cESK\u00c9 REPUBLICE A NA UKRAJIN\u011a. JSME PROTI TERORISTICK\u00ddM \u00daTOK\u016eM!!<\/p>\n<p><img decoding=\"async\" loading=\"lazy\" class=\"wp-image-81063 aligncenter\" src=\"http:\/\/www.infokuryr.cz\/n\/wp-content\/uploads\/2025\/06\/photo_2025-06-11_14-10-00-300x200.jpg\" alt=\"\" width=\"816\" height=\"544\" srcset=\"https:\/\/www.infokuryr.cz\/n\/wp-content\/uploads\/2025\/06\/photo_2025-06-11_14-10-00-300x200.jpg 300w, https:\/\/www.infokuryr.cz\/n\/wp-content\/uploads\/2025\/06\/photo_2025-06-11_14-10-00-1024x682.jpg 1024w, https:\/\/www.infokuryr.cz\/n\/wp-content\/uploads\/2025\/06\/photo_2025-06-11_14-10-00-768x512.jpg 768w, https:\/\/www.infokuryr.cz\/n\/wp-content\/uploads\/2025\/06\/photo_2025-06-11_14-10-00.jpg 1280w\" sizes=\"(max-width: 816px) 100vw, 816px\" \/><\/p>\n<p>Sn\u00edmala n\u00e1s televize, poskytli jsme kr\u00e1tk\u00fd rozhovor. Kolemjdouc\u00ed lid\u00e9 si se z\u00e1jmem \u010detli, co je naps\u00e1no na transparentech. N\u011bkte\u0159\u00ed se s n\u00e1mi i zapov\u00eddali, fotografovali.<\/p>\n<p><strong>Na\u0161e akce budou pokra\u010dovat, nebo\u0165 nejsme lhostejn\u00ed k sou\u010dasn\u00fdm ud\u00e1lostem a \u0161\u00edlen\u00e9 politice Evropsk\u00e9 unie a kolaborantsk\u00e9 \u010desk\u00e9 vl\u00e1dy, kter\u00e1 m\u00e1 za \u00fakol zlikvidovat cel\u00fd \u010desk\u00fd n\u00e1rod.<\/strong><\/p>\n<p><img decoding=\"async\" loading=\"lazy\" class=\"wp-image-81064 aligncenter\" src=\"http:\/\/www.infokuryr.cz\/n\/wp-content\/uploads\/2025\/06\/photo_2025-06-11_14-29-45-300x200.jpg\" alt=\"\" width=\"815\" height=\"543\" srcset=\"https:\/\/www.infokuryr.cz\/n\/wp-content\/uploads\/2025\/06\/photo_2025-06-11_14-29-45-300x200.jpg 300w, https:\/\/www.infokuryr.cz\/n\/wp-content\/uploads\/2025\/06\/photo_2025-06-11_14-29-45-768x511.jpg 768w, https:\/\/www.infokuryr.cz\/n\/wp-content\/uploads\/2025\/06\/photo_2025-06-11_14-29-45.jpg 950w\" sizes=\"(max-width: 815px) 100vw, 815px\" \/><\/p>\n<p><em>Mgr. Petr Michal\u016f<\/em><\/p>\n<p><img decoding=\"async\" loading=\"lazy\" class=\"alignnone wp-image-35494\" src=\"http:\/\/www.infokuryr.cz\/n\/wp-content\/uploads\/2023\/09\/petr-michalu-300x251.jpg\" alt=\"\" width=\"204\" height=\"171\" srcset=\"https:\/\/www.infokuryr.cz\/n\/wp-content\/uploads\/2023\/09\/petr-michalu-300x251.jpg 300w, https:\/\/www.infokuryr.cz\/n\/wp-content\/uploads\/2023\/09\/petr-michalu-768x641.jpg 768w, https:\/\/www.infokuryr.cz\/n\/wp-content\/uploads\/2023\/09\/petr-michalu.jpg 801w\" sizes=\"(max-width: 204px) 100vw, 204px\" \/><\/p>\n<p><img decoding=\"async\" loading=\"lazy\" class=\"wp-image-80899 aligncenter\" src=\"http:\/\/www.infokuryr.cz\/n\/wp-content\/uploads\/2025\/06\/Vrabel-283x300.jpg\" alt=\"\" width=\"711\" height=\"753\" srcset=\"https:\/\/www.infokuryr.cz\/n\/wp-content\/uploads\/2025\/06\/Vrabel-283x300.jpg 283w, https:\/\/www.infokuryr.cz\/n\/wp-content\/uploads\/2025\/06\/Vrabel-966x1024.jpg 966w, https:\/\/www.infokuryr.cz\/n\/wp-content\/uploads\/2025\/06\/Vrabel-768x814.jpg 768w, https:\/\/www.infokuryr.cz\/n\/wp-content\/uploads\/2025\/06\/Vrabel-1024x1086.jpg 1024w, https:\/\/www.infokuryr.cz\/n\/wp-content\/uploads\/2025\/06\/Vrabel.jpg 1080w\" sizes=\"(max-width: 711px) 100vw, 711px\" \/><\/p>\n<p>&nbsp;<\/p>\n","protected":false},"excerpt":{"rendered":"<p>Dne 11. \u010dervna 2025 jsme, my &#8211; \u010cechoslov\u00e1ci, kte\u0159\u00ed zde v Irkutsku natrvalo \u017eijeme, uskute\u010dnili&#8230;<\/p>\n","protected":false},"author":2,"featured_media":81060,"comment_status":"closed","ping_status":"closed","sticky":false,"template":"","format":"standard","meta":[],"categories":[6],"tags":[670,9298,815,99],"_links":{"self":[{"href":"https:\/\/www.infokuryr.cz\/n\/wp-json\/wp\/v2\/posts\/81059"}],"collection":[{"href":"https:\/\/www.infokuryr.cz\/n\/wp-json\/wp\/v2\/posts"}],"about":[{"href":"https:\/\/www.infokuryr.cz\/n\/wp-json\/wp\/v2\/types\/post"}],"author":[{"embeddable":true,"href":"https:\/\/www.infokuryr.cz\/n\/wp-json\/wp\/v2\/users\/2"}],"replies":[{"embeddable":true,"href":"https:\/\/www.infokuryr.cz\/n\/wp-json\/wp\/v2\/comments?post=81059"}],"version-history":[{"count":1,"href":"https:\/\/www.infokuryr.cz\/n\/wp-json\/wp\/v2\/posts\/81059\/revisions"}],"predecessor-version":[{"id":81065,"href":"https:\/\/www.infokuryr.cz\/n\/wp-json\/wp\/v2\/posts\/81059\/revisions\/81065"}],"wp:featuredmedia":[{"embeddable":true,"href":"https:\/\/www.infokuryr.cz\/n\/wp-json\/wp\/v2\/media\/81060"}],"wp:attachment":[{"href":"https:\/\/www.infokuryr.cz\/n\/wp-json\/wp\/v2\/media?parent=81059"}],"wp:term":[{"taxonomy":"category","embeddable":true,"href":"https:\/\/www.infokuryr.cz\/n\/wp-json\/wp\/v2\/categories?post=81059"},{"taxonomy":"post_tag","embeddable":true,"href":"https:\/\/www.infokuryr.cz\/n\/wp-json\/wp\/v2\/tags?post=81059"}],"curies":[{"name":"wp","href":"https:\/\/api.w.org\/{rel}","templated":true}]}}