{"id":81058,"date":"2025-06-12T00:29:39","date_gmt":"2025-06-11T22:29:39","guid":{"rendered":"https:\/\/www.infokuryr.cz\/n\/?p=81058"},"modified":"2025-06-11T20:13:13","modified_gmt":"2025-06-11T18:13:13","slug":"zdenek-jemelik-do-noveho-tydne-bitcoinove-afery","status":"publish","type":"post","link":"https:\/\/www.infokuryr.cz\/n\/2025\/06\/12\/zdenek-jemelik-do-noveho-tydne-bitcoinove-afery\/","title":{"rendered":"Zden\u011bk Jemel\u00edk: Do nov\u00e9ho t\u00fddne bitcoinov\u00e9 af\u00e9ry"},"content":{"rendered":"<div id=\"fb-root\"><\/div>\n<p><strong>Kdo nezn\u00e1 bl\u00ed\u017ee Pavla Bla\u017eka, m\u011bl by si p\u0159e\u010d\u00edst \u010dl\u00e1nek Marka Vesel\u00e9ho na CNN Prima News \u201eBla\u017eek je posledn\u00ed politik sv\u00e9ho druhu a \u017eovi\u00e1ln\u00ed \u201elump\u201c, kter\u00fd stvo\u0159il Fialu i vl\u00e1du\u201c.<\/strong><\/p>\n<p style=\"font-weight: 400;\">Po jeho p\u0159e\u010dten\u00ed \u010dten\u00e1\u0159 pochop\u00ed tragi\u010dnost jeho osudu: jedin\u00fdm neuv\u00e1\u017een\u00fdm a nehajiteln\u00fdm skutkem si zni\u010dil mnoho let pe\u010dliv\u011b budovan\u00e9 politick\u00e9 postaven\u00ed \u201ekingsmakera\u201c, a to, pros\u00edm, bez p\u0159ijet\u00ed \u00faplatku. Asi mu nehroz\u00ed v\u011bzen\u00ed a jako advok\u00e1t nez\u016fstane bez prost\u0159edk\u016f k ob\u017eiv\u011b, ale utrp\u011bn\u00e1 mor\u00e1ln\u00ed ztr\u00e1ta je skute\u010dn\u011b mimo\u0159\u00e1dn\u00e1. P\u0159ipou\u0161t\u00edm, \u017ee pozd\u011bji, a\u017e opadne vlna vzru\u0161en\u00ed, jej Tom\u00e1\u0161 Ji\u0159\u00edkovsk\u00fd mo\u017en\u00e1 od\u0161kodn\u00ed (pokud mu mezit\u00edm kocourkovsk\u00e9 org\u00e1ny neobstav\u00ed \u00fa\u010dty), ale mor\u00e1ln\u00ed \u0161kody jsou pen\u011bzi k nezaplacen\u00ed. P\u0159esto\u017ee se ke mn\u011b choval nep\u0159\u00e1telsky, z jeho p\u00e1du nem\u00e1m radost.<\/p>\n<p style=\"font-weight: 400;\">V tomto t\u00fddnu Pavel Bla\u017eek postupn\u011b vypadne z ohniska medi\u00e1ln\u00ed pozornosti. Na sc\u00e9n\u011b pimprlov\u00e9ho divadla \u010desk\u00e9 politiky bude poutat pozornost nov\u00e1 ministryn\u011b spravedlnosti Eva Decroix, kter\u00e1 se ob\u011btovala ve snaze zachr\u00e1nit d\u016fv\u011bryhodnost ministerstva. Je mi j\u00ed trochu l\u00edto, proto\u017ee se \u00fakolu podjala, ani\u017e by znala vnit\u0159n\u00ed pom\u011bry na ministerstvu. \u201eO krk\u201c ale p\u016fjde p\u0159edsedovi vl\u00e1dy Petrovi Fialovi, do ur\u010dit\u00e9 m\u00edry Bla\u017ekovu spolupachateli. Opozice se dom\u00e1h\u00e1 nejl\u00e9pe p\u00e1du vl\u00e1dy, ale v p\u0159\u00edpad\u011b ne\u00fasp\u011bchu aspo\u0148 jeho odchodu. Poda\u0159\u00ed-li se opozici vypudit jej ze \u201eStrakovky\u201c, neutrp\u00ed zdaleka tak velkou \u0161kodu jako Pavel Bla\u017eek, pon\u011bvad\u017e do budov\u00e1n\u00ed sv\u00e9ho politick\u00e9ho postaven\u00ed p\u0159ece jen neinvestoval tolik \u00fasil\u00ed a m\u00edsto na universitn\u00ed kated\u0159e neopustil. Vr\u00e1t\u00ed se na fakultu a bude p\u0159edn\u00e1\u0161et student\u016fm, jak se nem\u00e1 d\u011blat politika. P\u0159edn\u00e1\u0161en\u00e1 moudra op\u0159e o d\u016fkazy s vlastn\u00ed praxe. O politick\u00e9 postaven\u00ed m\u016f\u017ee p\u0159ij\u00edt tak\u00e9 ministr financ\u00ed Zbyn\u011bk Stanjura, kter\u00fd v\u011bd\u011bl, ale ml\u010del.<\/p>\n<p style=\"font-weight: 400;\">P\u0159edpokl\u00e1d\u00e1m, \u017ee v tomto t\u00fddnu (a mo\u017en\u00e1 ani nikdy v budoucnosti) se ve\u0159ejnost nedov\u00ed, co se skr\u00fdv\u00e1 v pozad\u00ed Bla\u017ekovy vylomeniny. Eva Decroix sice slibuje, \u017ee se postar\u00e1 o \u0159\u00e1dn\u00e9 vy\u0161et\u0159en\u00ed kauzy, ale zat\u00edm bude m\u00edt dost co d\u011blat, aby si zapamatovala cestu od vstupu do budovy ministerstva a\u017e za jej\u00ed pracovn\u00ed st\u016fl a aby se sezn\u00e1mila aspo\u0148 s osazenstvem sv\u00e9ho sekretari\u00e1tu. Hlavn\u00ed v\u00e1ha vy\u0161et\u0159ov\u00e1n\u00ed ale bude stejn\u011b spo\u010d\u00edvat na BIS a policii, kter\u00e9 maj\u00ed povinnost ml\u010denlivosti. Douf\u00e1m, \u017ee jednou vyjde pravda najevo p\u0159i hlavn\u00edm l\u00ed\u010den\u00ed v trestn\u00edm \u0159\u00edzen\u00ed soudn\u00edm, pokud mo\u017eno u jin\u00e9ho ne\u017e u brn\u011bnsk\u00e9ho soudu.<\/p>\n<p><a href=\"https:\/\/vasevec.info\/blogy\/zdenek-jemelik-do-noveho-tydne-bitcoinove-afery\">Zden\u011bk Jemel\u00edk<\/a><\/p>\n<p><img decoding=\"async\" loading=\"lazy\" class=\"alignnone size-medium wp-image-357\" src=\"http:\/\/www.infokuryr.cz\/n\/wp-content\/uploads\/2021\/04\/Jemelik-u-soudu-300x145.jpeg\" alt=\"\" width=\"300\" height=\"145\" srcset=\"https:\/\/www.infokuryr.cz\/n\/wp-content\/uploads\/2021\/04\/Jemelik-u-soudu-300x145.jpeg 300w, https:\/\/www.infokuryr.cz\/n\/wp-content\/uploads\/2021\/04\/Jemelik-u-soudu.jpeg 320w\" sizes=\"(max-width: 300px) 100vw, 300px\" \/><\/p>\n<p><img decoding=\"async\" loading=\"lazy\" class=\"wp-image-80899 aligncenter\" src=\"http:\/\/www.infokuryr.cz\/n\/wp-content\/uploads\/2025\/06\/Vrabel-283x300.jpg\" alt=\"\" width=\"745\" height=\"790\" srcset=\"https:\/\/www.infokuryr.cz\/n\/wp-content\/uploads\/2025\/06\/Vrabel-283x300.jpg 283w, https:\/\/www.infokuryr.cz\/n\/wp-content\/uploads\/2025\/06\/Vrabel-966x1024.jpg 966w, https:\/\/www.infokuryr.cz\/n\/wp-content\/uploads\/2025\/06\/Vrabel-768x814.jpg 768w, https:\/\/www.infokuryr.cz\/n\/wp-content\/uploads\/2025\/06\/Vrabel-1024x1086.jpg 1024w, https:\/\/www.infokuryr.cz\/n\/wp-content\/uploads\/2025\/06\/Vrabel.jpg 1080w\" sizes=\"(max-width: 745px) 100vw, 745px\" \/><\/p>\n<p>&nbsp;<\/p>\n","protected":false},"excerpt":{"rendered":"<p>Kdo nezn\u00e1 bl\u00ed\u017ee Pavla Bla\u017eka, m\u011bl by si p\u0159e\u010d\u00edst \u010dl\u00e1nek Marka Vesel\u00e9ho na CNN Prima&#8230;<\/p>\n","protected":false},"author":2,"featured_media":80640,"comment_status":"closed","ping_status":"closed","sticky":false,"template":"","format":"standard","meta":[],"categories":[6],"tags":[9250,1503,1539],"_links":{"self":[{"href":"https:\/\/www.infokuryr.cz\/n\/wp-json\/wp\/v2\/posts\/81058"}],"collection":[{"href":"https:\/\/www.infokuryr.cz\/n\/wp-json\/wp\/v2\/posts"}],"about":[{"href":"https:\/\/www.infokuryr.cz\/n\/wp-json\/wp\/v2\/types\/post"}],"author":[{"embeddable":true,"href":"https:\/\/www.infokuryr.cz\/n\/wp-json\/wp\/v2\/users\/2"}],"replies":[{"embeddable":true,"href":"https:\/\/www.infokuryr.cz\/n\/wp-json\/wp\/v2\/comments?post=81058"}],"version-history":[{"count":0,"href":"https:\/\/www.infokuryr.cz\/n\/wp-json\/wp\/v2\/posts\/81058\/revisions"}],"wp:featuredmedia":[{"embeddable":true,"href":"https:\/\/www.infokuryr.cz\/n\/wp-json\/wp\/v2\/media\/80640"}],"wp:attachment":[{"href":"https:\/\/www.infokuryr.cz\/n\/wp-json\/wp\/v2\/media?parent=81058"}],"wp:term":[{"taxonomy":"category","embeddable":true,"href":"https:\/\/www.infokuryr.cz\/n\/wp-json\/wp\/v2\/categories?post=81058"},{"taxonomy":"post_tag","embeddable":true,"href":"https:\/\/www.infokuryr.cz\/n\/wp-json\/wp\/v2\/tags?post=81058"}],"curies":[{"name":"wp","href":"https:\/\/api.w.org\/{rel}","templated":true}]}}